{"id":730983,"date":"2025-03-19T20:42:04","date_gmt":"2025-03-19T19:42:04","guid":{"rendered":"https:\/\/www.hashtag.al\/?p=730983"},"modified":"2025-03-19T20:42:04","modified_gmt":"2025-03-19T19:42:04","slug":"memorandumi-ushtarak-trepalesh-me-shqiperine-e-kroacine-irritoi-serbine-reagon-kosova-deklarata-agresive-dhe-kercenuese","status":"publish","type":"post","link":"https:\/\/www.hashtag.al\/index.php\/2025\/03\/19\/memorandumi-ushtarak-trepalesh-me-shqiperine-e-kroacine-irritoi-serbine-reagon-kosova-deklarata-agresive-dhe-kercenuese\/","title":{"rendered":"\u201cMemorandumi ushtarak trepal\u00ebsh me Shqip\u00ebrin\u00eb e Kroacin\u00eb irritoi Serbin\u00eb\u201d \u2013 Reagon Kosova: Deklarata agresive dhe k\u00ebrc\u00ebnuese","gt_translate_keys":[{"key":"rendered","format":"text"}]},"content":{"rendered":"<p><span style=\"color: #000000;\"><img loading=\"lazy\" decoding=\"async\" class=\"aligncenter wp-image-730985 size-full\" src=\"https:\/\/www.hashtag.al\/wp-content\/uploads\/2025\/03\/kosove-serbi-kroaci-shqiperi-pakti.png\" alt=\"\" width=\"1200\" height=\"628\" srcset=\"https:\/\/www.hashtag.al\/wp-content\/uploads\/2025\/03\/kosove-serbi-kroaci-shqiperi-pakti.png 1200w, https:\/\/www.hashtag.al\/wp-content\/uploads\/2025\/03\/kosove-serbi-kroaci-shqiperi-pakti-300x157.png 300w, https:\/\/www.hashtag.al\/wp-content\/uploads\/2025\/03\/kosove-serbi-kroaci-shqiperi-pakti-1024x536.png 1024w, https:\/\/www.hashtag.al\/wp-content\/uploads\/2025\/03\/kosove-serbi-kroaci-shqiperi-pakti-768x402.png 768w\" sizes=\"auto, (max-width: 1200px) 100vw, 1200px\" \/><\/span><\/p>\n<p><span style=\"color: #000000;\">Ministria e Pun\u00ebve t\u00eb Jashtme dhe Diaspor\u00ebs e Republik\u00ebs s\u00eb Kosov\u00ebs ka d\u00ebnuar ashp\u00ebr deklarat\u00ebn e fundit t\u00eb Serbis\u00eb n\u00eb lidhje me memorandumin trepal\u00ebsh t\u00eb n\u00ebnshkruar mes Kosov\u00ebs, Kroacis\u00eb dhe Shqip\u00ebris\u00eb.<\/span><\/p>\n<p><span style=\"color: #000000;\">N\u00eb nj\u00eb reagim zyrtar, MPJD e cil\u00ebsoi deklarat\u00ebn serbe si agresive dhe k\u00ebrc\u00ebnuese, duke theksuar se ajo p\u00ebrb\u00ebn nj\u00eb shkelje t\u00eb hapur t\u00eb Marr\u00ebveshjes s\u00eb Brukselit dhe d\u00ebshmon munges\u00ebn e vullnetit t\u00eb Serbis\u00eb p\u00ebr dialog t\u00eb mir\u00ebfillt\u00eb.<\/span><\/p>\n<p><span style=\"color: #000000;\">Sipas autoriteteve kosovare, Serbia po minon marr\u00ebdh\u00ebniet e fqinj\u00ebsis\u00eb s\u00eb mir\u00eb dhe po tenton t\u00eb ndikoj\u00eb mbi shtete sovrane si Kroacia dhe Shqip\u00ebria, t\u00eb dyja an\u00ebtare t\u00eb NATO-s.<\/span><\/p>\n<p><span style=\"color: #000000;\">&#8220;Serbia vazhdon t\u00eb sillet si nj\u00eb fuqi dominuese n\u00eb Ballkan dhe t\u00eb p\u00ebrzihet n\u00eb marr\u00ebdh\u00ebniet nd\u00ebrkomb\u00ebtare t\u00eb Kosov\u00ebs, n\u00eb kund\u00ebrshtim me angazhimet e saj nd\u00ebrkomb\u00ebtare,&#8221; thuhet n\u00eb reagimin e MPJD-s\u00eb.<\/span><\/p>\n<p><span style=\"color: #000000;\">Po ashtu, Kosova akuzon Serbin\u00eb p\u00ebr p\u00ebrshkall\u00ebzimin e tensioneve rajonale, duke kujtuar rolin e saj n\u00eb konfliktet e viteve \u201890 dhe mb\u00ebshtetjen e rrjeteve kriminale n\u00eb veri t\u00eb Kosov\u00ebs.<\/span><\/p>\n<p><span style=\"color: #000000;\">Ministria gjithashtu k\u00ebrkoi hapjen e arkivave t\u00eb Ushtris\u00eb Jugosllave, ve\u00e7an\u00ebrisht t\u00eb Brigad\u00ebs s\u00eb 38-t\u00eb Motorizuar, e akuzuar p\u00ebr krime lufte n\u00eb Kosov\u00eb, duke theksuar se &#8220;pa drejt\u00ebsi p\u00ebr viktimat, nuk mund t\u00eb ket\u00eb paqe dhe pajtim t\u00eb v\u00ebrtet\u00eb n\u00eb rajon.&#8221;<\/span><\/p>\n<p><span style=\"color: #000000;\">N\u00eb p\u00ebrfundim, Kosova riafirmoi p\u00ebrkushtimin e saj p\u00ebr forcimin e siguris\u00eb dhe partneriteteve nd\u00ebrkomb\u00ebtare, duke theksuar se nuk do t\u00eb frik\u00ebsohet nga k\u00ebrc\u00ebnimet e Serbis\u00eb.<\/span><\/p>\n<p><span style=\"color: #000000;\"><strong>Deklarata e plot\u00eb:<\/strong><\/span><\/p>\n<p><span style=\"color: #000000;\">Ministria e Pun\u00ebve t\u00eb Jashtme dhe Diaspor\u00ebs e Republik\u00ebs s\u00eb Kosov\u00ebs d\u00ebnon ashp\u00ebr deklarat\u00ebn e fundit t\u00eb Serbis\u00eb n\u00eb lidhje me memorandumin trepal\u00ebsh t\u00eb n\u00ebnshkruar mes Kosov\u00ebs, Kroacis\u00eb dhe Shqip\u00ebris\u00eb. Kjo deklarat\u00eb nuk \u00ebsht\u00eb vet\u00ebm agresive dhe k\u00ebrc\u00ebnuese, por gjithashtu p\u00ebrb\u00ebn nj\u00eb shkelje t\u00eb hapur t\u00eb Marr\u00ebveshjeve t\u00eb Brukselit, t\u00eb cilat Serbia ka pretenduar se i pranon, por ka refuzuar me q\u00ebllim t\u2019i n\u00ebnshkruaj\u00eb\u2014duke d\u00ebshmuar edhe nj\u00eb her\u00eb q\u00ebllimet e saj t\u00eb k\u00ebqija dhe munges\u00ebn e vullnetit p\u00ebr t\u2019u angazhuar n\u00eb nj\u00eb dialog t\u00eb mir\u00ebfillt\u00eb. Duke b\u00ebr\u00eb deklarata t\u00eb tilla, Serbia minon angazhimet e saj p\u00ebr nd\u00ebrtimin e marr\u00ebdh\u00ebnieve t\u00eb mira fqinj\u00ebsore me Kosov\u00ebn dhe p\u00ebr njohjen e institucioneve dhe korniz\u00ebs ligjore t\u00eb Kosov\u00ebs si t\u00eb vetmet autoritete t\u00eb vlefshme brenda vendit ton\u00eb.<\/span><\/p>\n<p><span style=\"color: #000000;\">P\u00ebr m\u00eb tep\u00ebr, retorika e Serbis\u00eb \u00ebsht\u00eb e mbushur me tone hegjemoniste, pasi ajo p\u00ebrpiqet t\u00eb paraqitet si fuqia dominuese n\u00eb Ballkanin Per\u00ebndimor, duke k\u00ebrkuar shpjegime nga Kroacia dhe Shqip\u00ebria\u2014dy shtete sovrane, t\u00eb dyja an\u00ebtare t\u00eb NATO-s, me Kroacin\u00eb gjithashtu an\u00ebtare e Bashkimit Evropian. Kjo sjellje \u00ebsht\u00eb t\u00ebr\u00ebsisht e papranueshme dhe p\u00ebrb\u00ebn nj\u00eb tjet\u00ebr shkelje t\u00eb Marr\u00ebveshjes s\u00eb Brukselit, e cila parashikon qart\u00eb se Serbia nuk do t\u00eb pengoj\u00eb marr\u00ebdh\u00ebniet nd\u00ebrkomb\u00ebtare t\u00eb Kosov\u00ebs dhe nuk do t\u00eb pretendoj\u00eb t\u00eb flas\u00eb n\u00eb em\u00ebr t\u00eb Kosov\u00ebs n\u00eb marr\u00ebdh\u00ebniet me shtete dhe organizata t\u00eb tjera.<\/span><\/p>\n<p><span style=\"color: #000000;\">P\u00ebrpjekja e Serbis\u00eb p\u00ebr ta paraqitur veten si &#8220;garantuese e paqes n\u00eb Ballkan&#8221; \u00ebsht\u00eb absurde. Asnj\u00eb shtet n\u00eb rajon e m\u00eb gjer\u00eb nuk ka kontribuar m\u00eb shum\u00eb n\u00eb destabilizimin e Ballkanit Per\u00ebndimor sesa Serbia, si\u00e7 e d\u00ebshmojn\u00eb faktet historike dhe zhvillimet e fundit. Nga p\u00ebrfshirja e saj e drejtp\u00ebrdrejt\u00eb n\u00eb luft\u00ebrat e agresionit n\u00eb vitet 1990\u2014q\u00eb rezultuan n\u00eb gjenocid dhe spastrim etnik n\u00eb Bosnje dhe Hercegovin\u00eb, Kroaci dhe Kosov\u00eb\u2014e deri te k\u00ebrc\u00ebnimet e saj t\u00eb vazhdueshme, grumbullimi ushtarak pran\u00eb kufijve t\u00eb Kosov\u00ebs dhe mb\u00ebshtetja p\u00ebr rrjetet kriminale dhe terroriste q\u00eb operojn\u00eb n\u00eb veri t\u00eb Kosov\u00ebs, Serbia mbetet k\u00ebrc\u00ebnimi m\u00eb i madh p\u00ebr sigurin\u00eb rajonale.<\/span><\/p>\n<p><span style=\"color: #000000;\">P\u00ebr m\u00eb tep\u00ebr, pretendimi i Serbis\u00eb p\u00ebr neutralitet \u00ebsht\u00eb hipokrizi, duke marr\u00eb parasysh marr\u00ebdh\u00ebniet e saj t\u00eb thelluara politike dhe ushtarake me regjime autoritare si Rusia dhe Irani\u2014t\u00eb gjitha shtete q\u00eb p\u00ebrb\u00ebjn\u00eb k\u00ebrc\u00ebnime serioze p\u00ebr sigurin\u00eb rajonale dhe globale. Nd\u00ebrsa bota demokratike q\u00ebndron e bashkuar kund\u00ebr agresionit, Serbia vazhdon t\u00eb rreshtohet me vende jodemokratike q\u00eb punojn\u00eb aktivisht kund\u00ebr stabilitetit n\u00eb Evrop\u00eb dhe m\u00eb gjer\u00eb.<\/span><\/p>\n<p><span style=\"color: #000000;\">N\u00eb vend q\u00eb t\u00eb l\u00ebshoj\u00eb deklarata agresive dhe thell\u00ebsisht mashtruese, Serbia duhet t\u00eb fokusohet n\u00eb respektimin e marr\u00ebveshjeve q\u00eb ka pretenduar se i pranon, t\u00eb heq\u00eb dor\u00eb nga ambiciet e saj hegjemoniste dhe t\u00eb nd\u00ebrmarr\u00eb hapa t\u00eb v\u00ebrtet\u00eb p\u00ebr t\u2019u b\u00ebr\u00eb nj\u00eb aktor p\u00ebrgjegj\u00ebs n\u00eb rajon\u2014duke filluar me njohjen e pavar\u00ebsis\u00eb dhe sovranitetit t\u00eb Kosov\u00ebs.<\/span><\/p>\n<p><span style=\"color: #000000;\">P\u00ebr m\u00eb tep\u00ebr, p\u00ebrpara se Serbia t\u2019u mbaj\u00eb leksione t\u00eb tjer\u00ebve p\u00ebr paqen dhe stabilitetin, ajo duhet t\u00eb hap\u00eb arkivat e saj t\u00eb klasifikuara t\u00eb koh\u00ebs s\u00eb luft\u00ebs, n\u00eb m\u00ebnyr\u00eb q\u00eb krimet e saj t\u00eb p\u00ebrballen me drejt\u00ebsin\u00eb. Ve\u00e7an\u00ebrisht, arkivat e klasifikuara t\u00eb Brigad\u00ebs s\u00eb 38-t\u00eb t\u00eb Motorizuar t\u00eb Ushtris\u00eb Jugosllave, e cila ka kryer krime t\u00eb shumta lufte dhe masakra n\u00eb Kosov\u00eb, sidomos n\u00eb Drenic\u00eb gjat\u00eb viteve 1998-1999, duhet t\u00eb b\u00ebhen publike dhe p\u00ebrgjegj\u00ebsit t\u00eb mbajn\u00eb p\u00ebrgjegj\u00ebsi para ligjit. Pa drejt\u00ebsi p\u00ebr viktimat, nuk mund t\u00eb ket\u00eb paqe dhe pajtim t\u00eb v\u00ebrtet\u00eb n\u00eb rajon.<\/span><\/p>\n<p><span style=\"color: #000000;\">Republika e Kosov\u00ebs nuk do t\u00eb frik\u00ebsohet nga k\u00ebrc\u00ebnimet e Serbis\u00eb dhe do t\u00eb vazhdoj\u00eb t\u00eb forcoj\u00eb sigurin\u00eb dhe partneritetet e saj nd\u00ebrkomb\u00ebtare n\u00eb bashk\u00ebpunim me aleat\u00ebt e saj.<\/span><\/p>\n","protected":false,"gt_translate_keys":[{"key":"rendered","format":"html"}]},"excerpt":{"rendered":"<p>Ministria e Pun\u00ebve t\u00eb Jashtme dhe Diaspor\u00ebs e Republik\u00ebs s\u00eb Kosov\u00ebs ka d\u00ebnuar ashp\u00ebr deklarat\u00ebn e fundit t\u00eb Serbis\u00eb n\u00eb lidhje me memorandumin trepal\u00ebsh t\u00eb n\u00ebnshkruar mes Kosov\u00ebs, Kroacis\u00eb dhe Shqip\u00ebris\u00eb. N\u00eb nj\u00eb reagim zyrtar, MPJD e cil\u00ebsoi deklarat\u00ebn serbe si agresive dhe k\u00ebrc\u00ebnuese, duke theksuar se ajo p\u00ebrb\u00ebn nj\u00eb shkelje t\u00eb hapur t\u00eb Marr\u00ebveshjes [&hellip;]<\/p>\n","protected":false,"gt_translate_keys":[{"key":"rendered","format":"html"}]},"author":32,"featured_media":730985,"comment_status":"closed","ping_status":"open","sticky":false,"template":"","format":"standard","meta":{"footnotes":""},"categories":[149,13],"tags":[],"class_list":["post-730983","post","type-post","status-publish","format-standard","has-post-thumbnail","hentry","category-kosoverajon","category-te-fundit"],"gt_translate_keys":[{"key":"link","format":"url"}],"_links":{"self":[{"href":"https:\/\/www.hashtag.al\/index.php\/wp-json\/wp\/v2\/posts\/730983","targetHints":{"allow":["GET"]}}],"collection":[{"href":"https:\/\/www.hashtag.al\/index.php\/wp-json\/wp\/v2\/posts"}],"about":[{"href":"https:\/\/www.hashtag.al\/index.php\/wp-json\/wp\/v2\/types\/post"}],"author":[{"embeddable":true,"href":"https:\/\/www.hashtag.al\/index.php\/wp-json\/wp\/v2\/users\/32"}],"replies":[{"embeddable":true,"href":"https:\/\/www.hashtag.al\/index.php\/wp-json\/wp\/v2\/comments?post=730983"}],"version-history":[{"count":99999,"href":"https:\/\/www.hashtag.al\/index.php\/wp-json\/wp\/v2\/posts\/730983\/revisions"}],"predecessor-version":[{"id":730986,"href":"https:\/\/www.hashtag.al\/index.php\/wp-json\/wp\/v2\/posts\/730983\/revisions\/730986"}],"wp:featuredmedia":[{"embeddable":true,"href":"https:\/\/www.hashtag.al\/index.php\/wp-json\/wp\/v2\/media\/730985"}],"wp:attachment":[{"href":"https:\/\/www.hashtag.al\/index.php\/wp-json\/wp\/v2\/media?parent=730983"}],"wp:term":[{"taxonomy":"category","embeddable":true,"href":"https:\/\/www.hashtag.al\/index.php\/wp-json\/wp\/v2\/categories?post=730983"},{"taxonomy":"post_tag","embeddable":true,"href":"https:\/\/www.hashtag.al\/index.php\/wp-json\/wp\/v2\/tags?post=730983"}],"curies":[{"name":"wp","href":"https:\/\/api.w.org\/{rel}","templated":true}]}}