{"id":730982,"date":"2025-03-19T20:38:43","date_gmt":"2025-03-19T19:38:43","guid":{"rendered":"https:\/\/www.hashtag.al\/?p=730982"},"modified":"2025-03-19T20:38:43","modified_gmt":"2025-03-19T19:38:43","slug":"vucic-diskuton-per-bashkepunimin-e-serbise-me-nato-n-dhe-ceshtje-te-zgjerimit-me-zyrtaret-ne-bruksel","status":"publish","type":"post","link":"https:\/\/www.hashtag.al\/index.php\/2025\/03\/19\/vucic-diskuton-per-bashkepunimin-e-serbise-me-nato-n-dhe-ceshtje-te-zgjerimit-me-zyrtaret-ne-bruksel\/","title":{"rendered":"Vu\u00e7i\u00e7 diskuton p\u00ebr bashk\u00ebpunimin e Serbis\u00eb me NATO-n dhe \u00e7\u00ebshtje t\u00eb zgjerimit me zyrtar\u00ebt n\u00eb Bruksel","gt_translate_keys":[{"key":"rendered","format":"text"}]},"content":{"rendered":"<p><span style=\"color: #000000;\"><img decoding=\"async\" src=\"https:\/\/www.hashtag.al\/wp-content\/uploads\/2024\/06\/1719746490_aleksandervucic.jpg\" \/><\/span><\/p>\n<p><span style=\"color: #000000;\">Presidenti serb, Aleksandar Vu\u00e7iq, ka th\u00ebn\u00eb t\u00eb m\u00ebrkur\u00ebn se ka nj\u00eb mori \u00e7\u00ebshtjesh p\u00ebr t&#8217;i diskutuar me Sekretarin e P\u00ebrgjithsh\u00ebm t\u00eb NATO-s, Mark Rutte, n\u00eb prag t\u00eb takimit me t\u00eb n\u00eb Bruksel, p\u00ebrcjell <a href=\"https:\/\/www.evropaelire.org\/a\/vuciq-diskuton-per-bashkepunimin-e-serbise-me-naton-dhe-ceshtje-te-zgjerimit-me-zyrtaret-ne-bruksel\/33353168.html\"><span style=\"color: #0000ff;\">Radio Evropa e Lir\u00eb<\/span><\/a>.<\/span><\/p>\n<p><span style=\"color: #000000;\">Ai e ka p\u00ebrmendur nevoj\u00ebn e diskutimit p\u00ebr marr\u00ebdh\u00ebniet bilaterale mes Serbis\u00eb dhe NATO-s, p\u00ebr situat\u00ebn n\u00eb Bosnje-Hercegovin\u00eb dhe p\u00ebr marr\u00ebdh\u00ebnien e Serbis\u00eb me misionin e NATO-s n\u00eb Kosov\u00eb, KFOR dhe \u201cKosov\u00ebn dhe Metohin\u00eb\u201d \u2013 referenc\u00eb p\u00ebr shtetin e Kosov\u00ebs.<\/span><\/p>\n<p><span style=\"color: #000000;\"><em>\u201cNuk e di n\u00ebse kjo dark\u00eb do t\u00eb jet\u00eb e mjaftueshme q\u00eb t\u2019i diskutojm\u00eb t\u00eb gjitha k\u00ebto tema. Mark Rutte ka qen\u00eb shum\u00eb i drejt\u00eb me Serbin\u00eb deri m\u00eb tani dhe i jam mir\u00ebnjoh\u00ebs\u201d<\/em>, ka th\u00ebn\u00eb presidenti serb p\u00ebrmes nj\u00eb postimi n\u00eb Facebook, duke th\u00ebn\u00eb se shpreson q\u00eb n\u00eb t\u00eb ardhmen do t\u00eb ekzistoj\u00eb nj\u00eb bashk\u00ebpunim m\u00eb i mir\u00eb mes Serbis\u00eb dhe NATO-s.<\/span><\/p>\n<p><span style=\"color: #000000;\">M\u00eb her\u00ebt gjat\u00eb dit\u00ebs, ai \u00ebsht\u00eb takuar me Komisionaren e BE-s\u00eb p\u00ebr Zgjerim, Marta Kos, dhe zyrtar\u00eb t\u00eb tjer\u00eb n\u00eb Bruksel, prej ku ka th\u00ebn\u00eb se shpreson q\u00eb Beogradi do t&#8217;i hap\u00eb kapitujt e rinj p\u00ebr an\u00ebtar\u00ebsim n\u00eb Bashkimin Evropian.<\/span><\/p>\n<p><span style=\"color: #000000;\">Vu\u00e7iq u ka th\u00ebn\u00eb gazetar\u00ebve m\u00eb 19 mars se me zyrtar\u00ebt n\u00eb Bruksel ka diskutuar p\u00ebr obligimet e Serbis\u00eb n\u00eb rrug\u00ebn drejt an\u00ebtar\u00ebsimit.<\/span><\/p>\n<p><span style=\"color: #000000;\">\u201cNe duhet t\u00eb jemi m\u00eb n\u00eb p\u00ebrputhje me BE-n\u00eb sa u p\u00ebrket deklarimeve p\u00ebr politik\u00eb t\u00eb jashtme dhe ndonj\u00ebher\u00eb t\u00eb votojm\u00eb p\u00ebr disa deklarata q\u00eb kan\u00eb t\u00eb b\u00ebjn\u00eb me Federat\u00ebn Ruse, ndon\u00ebse p\u00ebr k\u00ebt\u00eb nuk mund t\u00eb premtoj, sepse nuk g\u00ebnjej dhe nuk dua t\u2019i g\u00ebnjej as ata\u201d, ka th\u00ebn\u00eb Vu\u00e7iq.<\/span><\/p>\n<p><span style=\"color: #000000;\">Rruga e Serbis\u00eb drejt BE-s\u00eb \u00ebsht\u00eb bllokuar prej nisjes s\u00eb luft\u00ebs s\u00eb Rusis\u00eb n\u00eb Ukrain\u00eb, p\u00ebr shkak t\u00eb refuzimit t\u00eb Beogradit q\u00eb t\u2019iu bashkohet sanksioneve t\u00eb Per\u00ebndimit ndaj Rusis\u00eb, dhe ka vazhduar kultivimin e lidhjeve t\u00eb ngushta me Mosk\u00ebn.<\/span><\/p>\n<p><span style=\"color: #000000;\">Nj\u00eb grup i deputet\u00ebve t\u00eb BE-s\u00eb dhe grupe t\u00eb ndryshme politike i kan\u00eb b\u00ebr\u00eb thirrje shefes s\u00eb Komisionit Evropian, Ursula von der Leyen q\u00eb t\u00eb rishqyrtoj\u00eb nj\u00eb takim t\u00eb paralajm\u00ebruar me Vu\u00e7iqin, dhe q\u00eb t\u00eb \u201cd\u00ebrgoj\u00eb mesazh t\u00eb qart\u00eb se Serbia ka nevoj\u00eb p\u00ebr qeveri kalimtare\u201d, pas dor\u00ebheqjes s\u00eb Millosh Vu\u00e7eviqit nga pozita e kryeministrit t\u00eb Serbis\u00eb.<\/span><\/p>\n<p><span style=\"color: #000000;\">\u201cTakimi i shefes s\u00eb Komisionit me Vu\u00e7iqin d\u00ebrgon sinjal p\u00ebr t\u2019u brengosur, marr\u00eb parasysh kriz\u00ebn e r\u00ebnd\u00eb politike n\u00eb Serbi\u201d, kan\u00eb th\u00ebn\u00eb deputet\u00ebt e BE-s\u00eb n\u00eb nj\u00eb let\u00ebr d\u00ebrguar von der Leyenit, raporton Sh\u00ebrbimi i Ballkanit i Radios Evropa e Lir\u00eb.<\/span><\/p>\n<p><span style=\"color: #000000;\">N\u00eb t\u00eb \u00ebsht\u00eb th\u00ebn\u00eb se n\u00eb muajt e fundit, Serbia \u00ebsht\u00eb p\u00ebrballur me \u201cprotestat m\u00eb t\u00eb m\u00ebdha n\u00eb historin\u00eb e shtetit\u201d dhe q\u00eb protestat e udh\u00ebhequra nga student\u00ebt \u201cv\u00ebn\u00eb n\u00eb pah k\u00ebrkes\u00ebn e publikut p\u00ebr llogaridh\u00ebnie, transparenc\u00eb dhe reforma demokratike, vlera mbi t\u00eb cilat \u00ebsht\u00eb themeluar BE-ja\u201d.<\/span><\/p>\n<p><span style=\"color: #000000;\">Student\u00ebt dhe qytetar\u00eb tjer\u00eb protestojn\u00eb me muaj n\u00eb Serbi, duke k\u00ebrkuar llogari prej autoriteteve p\u00ebr vdekjen e 15 personave si pasoj\u00eb e shembjes s\u00eb nj\u00eb strehe betoni n\u00eb stacionin hekurudhor t\u00eb Novi Sadit, m\u00eb 1 n\u00ebntor t\u00eb vitit t\u00eb kaluar.<\/span><\/p>\n<p><span style=\"color: #000000;\">Student\u00ebt kan\u00eb mbajtur protest\u00eb masive m\u00eb 15 mars n\u00eb qend\u00ebr t\u00eb Beogradit dhe jan\u00eb zotuar se do t\u2019i vazhdojn\u00eb marshet, pavar\u00ebsisht se autoritetet pretendojn\u00eb se i kan\u00eb plot\u00ebsuar k\u00ebrkesat e tyre.<\/span><\/p>\n","protected":false,"gt_translate_keys":[{"key":"rendered","format":"html"}]},"excerpt":{"rendered":"<p>Presidenti serb, Aleksandar Vu\u00e7iq, ka th\u00ebn\u00eb t\u00eb m\u00ebrkur\u00ebn se ka nj\u00eb mori \u00e7\u00ebshtjesh p\u00ebr t&#8217;i diskutuar me Sekretarin e P\u00ebrgjithsh\u00ebm t\u00eb NATO-s, Mark Rutte, n\u00eb prag t\u00eb takimit me t\u00eb n\u00eb Bruksel, p\u00ebrcjell Radio Evropa e Lir\u00eb. Ai e ka p\u00ebrmendur nevoj\u00ebn e diskutimit p\u00ebr marr\u00ebdh\u00ebniet bilaterale mes Serbis\u00eb dhe NATO-s, p\u00ebr situat\u00ebn n\u00eb Bosnje-Hercegovin\u00eb [&hellip;]<\/p>\n","protected":false,"gt_translate_keys":[{"key":"rendered","format":"html"}]},"author":32,"featured_media":684830,"comment_status":"closed","ping_status":"open","sticky":false,"template":"","format":"standard","meta":{"footnotes":""},"categories":[149],"tags":[],"class_list":["post-730982","post","type-post","status-publish","format-standard","has-post-thumbnail","hentry","category-kosoverajon"],"gt_translate_keys":[{"key":"link","format":"url"}],"_links":{"self":[{"href":"https:\/\/www.hashtag.al\/index.php\/wp-json\/wp\/v2\/posts\/730982","targetHints":{"allow":["GET"]}}],"collection":[{"href":"https:\/\/www.hashtag.al\/index.php\/wp-json\/wp\/v2\/posts"}],"about":[{"href":"https:\/\/www.hashtag.al\/index.php\/wp-json\/wp\/v2\/types\/post"}],"author":[{"embeddable":true,"href":"https:\/\/www.hashtag.al\/index.php\/wp-json\/wp\/v2\/users\/32"}],"replies":[{"embeddable":true,"href":"https:\/\/www.hashtag.al\/index.php\/wp-json\/wp\/v2\/comments?post=730982"}],"version-history":[{"count":99999,"href":"https:\/\/www.hashtag.al\/index.php\/wp-json\/wp\/v2\/posts\/730982\/revisions"}],"predecessor-version":[{"id":730984,"href":"https:\/\/www.hashtag.al\/index.php\/wp-json\/wp\/v2\/posts\/730982\/revisions\/730984"}],"wp:featuredmedia":[{"embeddable":true,"href":"https:\/\/www.hashtag.al\/index.php\/wp-json\/wp\/v2\/media\/684830"}],"wp:attachment":[{"href":"https:\/\/www.hashtag.al\/index.php\/wp-json\/wp\/v2\/media?parent=730982"}],"wp:term":[{"taxonomy":"category","embeddable":true,"href":"https:\/\/www.hashtag.al\/index.php\/wp-json\/wp\/v2\/categories?post=730982"},{"taxonomy":"post_tag","embeddable":true,"href":"https:\/\/www.hashtag.al\/index.php\/wp-json\/wp\/v2\/tags?post=730982"}],"curies":[{"name":"wp","href":"https:\/\/api.w.org\/{rel}","templated":true}]}}