{"id":730630,"date":"2025-03-18T08:26:37","date_gmt":"2025-03-18T07:26:37","guid":{"rendered":"https:\/\/www.hashtag.al\/?p=730630"},"modified":"2025-03-18T08:26:37","modified_gmt":"2025-03-18T07:26:37","slug":"16-e-punonjesve-ne-shqiperi-punojne-me-pak-se-10-ore-ne-jave","status":"publish","type":"post","link":"https:\/\/www.hashtag.al\/index.php\/2025\/03\/18\/16-e-punonjesve-ne-shqiperi-punojne-me-pak-se-10-ore-ne-jave\/","title":{"rendered":"16% e punonj\u00ebsve n\u00eb Shqip\u00ebri punojn\u00eb m\u00eb pak se 10 or\u00eb n\u00eb jav\u00eb","gt_translate_keys":[{"key":"rendered","format":"text"}]},"content":{"rendered":"<p><img loading=\"lazy\" decoding=\"async\" class=\"aligncenter size-full wp-image-730632\" src=\"https:\/\/www.hashtag.al\/wp-content\/uploads\/2025\/03\/punonjes-2.jpg\" alt=\"\" width=\"1486\" height=\"992\" srcset=\"https:\/\/www.hashtag.al\/wp-content\/uploads\/2025\/03\/punonjes-2.jpg 1486w, https:\/\/www.hashtag.al\/wp-content\/uploads\/2025\/03\/punonjes-2-300x200.jpg 300w, https:\/\/www.hashtag.al\/wp-content\/uploads\/2025\/03\/punonjes-2-1024x684.jpg 1024w, https:\/\/www.hashtag.al\/wp-content\/uploads\/2025\/03\/punonjes-2-768x513.jpg 768w\" sizes=\"auto, (max-width: 1486px) 100vw, 1486px\" \/><\/p>\n<p><span style=\"color: #000000;\">16% e punonj\u00ebsve shqiptar\u00eb punojn\u00eb m\u00eb pak se 10 or\u00eb n\u00eb jav\u00eb, shum\u00eb m\u00eb tep\u00ebr se Rajoni referon nj\u00eb studim i Fondit Europian t\u00eb Trajnimeve publikuar s\u00eb fundmi.<\/span><\/p>\n<p><span style=\"color: #000000;\">T\u00eb dh\u00ebnat tregojn\u00eb nj\u00eb pjes\u00eb e madhe punonj\u00ebsve n\u00eb vendin jan\u00eb t\u00eb n\u00ebnpun\u00ebsuar dhe t\u00eb ardhurat q\u00eb sigurojn\u00eb jan\u00eb t\u00ebr\u00ebsisht t\u00eb pamjaftueshme (shiko grafikun e m\u00ebposht\u00ebm).<\/span><\/p>\n<p><span style=\"color: #000000;\">Anketa v\u00ebren se shumica e punonj\u00ebsve n\u00eb Ballkan kan\u00eb orare t\u00eb rregullta pune, kryesisht nd\u00ebrmjet 30 dhe 49 or\u00eb n\u00eb jav\u00eb. Megjithat\u00eb, 8% e t\u00eb pun\u00ebsuarve n\u00eb Maqedonin\u00eb e Veriut n\u00eb 14% n\u00eb Shqip\u00ebri dhe Kosov\u00eb punojn\u00eb m\u00eb shum\u00eb se gjat\u00eb 50 or\u00eb pune n\u00eb jav\u00eb.<\/span><\/p>\n<p><span style=\"color: #000000;\">Si\u00e7 tregojn\u00eb t\u00eb dh\u00ebnat Shqip\u00ebria i ka dy ekstremet me \u00e7erekun e punonj\u00ebsve q\u00eb punojn\u00eb vet\u00ebm 2 or\u00eb n\u00eb dit\u00eb, nd\u00ebrkoh\u00eb q\u00eb 14 % e punonj\u00ebsve punojn\u00eb m\u00eb shum\u00eb se 50 or\u00eb n\u00eb jav\u00eb, nga nivelet m\u00eb t\u00eb larta rajonale.<\/span><\/p>\n<p><span style=\"color: #000000;\">Punonj\u00ebsit q\u00eb punojn\u00eb n\u00eb bujq\u00ebsi, nd\u00ebrtim dhe turiz\u00ebm rrin\u00eb m\u00eb gjat\u00eb n\u00eb pun\u00eb.<\/span><\/p>\n<p><span style=\"color: #000000;\">Gjithashtu rreth nj\u00eb e treta e punonj\u00ebsve n\u00eb Ballkanin Per\u00ebndimor jan\u00eb t\u00eb ekspozuar ndaj rreziqeve n\u00eb vendin e pun\u00ebs, t\u00eb tilla si kushtet jo t\u00eb p\u00ebrshtatshme dhe pajisjet. Bosnja kryeson rajonin p\u00ebr p\u00ebrqindjen e lart\u00eb t\u00eb punonj\u00ebsve me kushte jo t\u00eb p\u00ebrshtatshme (34%) dhe Serbia (33%), Shqip\u00ebria 29% dhe Maqedonia e Veriut 28%.<\/span><\/p>\n<p><span style=\"color: #000000;\">Anketa ka v\u00ebrejtur se nj\u00eb pjes\u00eb gjithnj\u00eb m\u00eb e madhe e t\u00eb pun\u00ebsuarve punojn\u00eb larg vendbanimit t\u00eb tyre dhe kjo tendenc\u00eb \u00ebsht\u00eb n\u00eb rritje.<\/span><\/p>\n<p><span style=\"color: #000000;\">Bosnja dhe Shqip\u00ebria kan\u00eb p\u00ebrqindjen m\u00eb t\u00eb lart\u00eb t\u00eb punonj\u00ebsve larg vendbanimit (36%), Shqip\u00ebria 33% dhe Kosova m\u00eb t\u00eb ul\u00ebt\u00ebn 21 %.<\/span><\/p>\n<p><span style=\"color: #000000;\">Punonj\u00ebsit me arsim t\u00eb lart\u00eb ka m\u00eb shum\u00eb gjasa t\u00eb p\u00ebrfitoj\u00eb nga puna n\u00eb distanc\u00eb, por ky grup p\u00ebrfshin gjithashtu pun\u00ebtor\u00eb krahu n\u00eb nd\u00ebrtim dhe sektor\u00ebt e bujq\u00ebsis\u00eb.<\/span><\/p>\n<p><span style=\"color: #000000;\">Anketa e ETF me rreth 1000 t\u00eb pun\u00ebsuar n\u00eb Shqip\u00ebri tregoi se prevalenca e pun\u00ebsimit informal \u00ebsht\u00eb e lart\u00eb n\u00eb vendet e Ballkanit dhe sidomos n\u00eb Shqip\u00ebri.<\/span><\/p>\n<p><span style=\"color: #000000;\">P\u00ebrqindja e pun\u00ebtor\u00ebve pa kontrat\u00eb varionte nga 20% n\u00eb Shqip\u00ebri, n\u00eb 6% n\u00eb Serbi, nd\u00ebrsa ishte vet\u00ebm 2% n\u00eb BE. Kjo situat\u00eb \u00ebsht\u00eb ve\u00e7an\u00ebrisht shqet\u00ebsuese pasi l\u00eb nj\u00eb pjes\u00eb t\u00eb konsiderueshme t\u00eb fuqis\u00eb pun\u00ebtore n\u00eb pun\u00eb t\u00eb pasigurta.<\/span><\/p>\n<p><span style=\"color: #000000;\">Tregu i pun\u00ebs n\u00eb vendin ton\u00eb ka problematika t\u00eb shum\u00ebfishta q\u00eb lidhen me informalitetin e lart\u00eb, pagat e ul\u00ebta dhe mosp\u00ebrputhje t\u00eb aft\u00ebsive me nevojat e tregut t\u00eb pun\u00ebs.<\/span><\/p>\n<p><span style=\"color: #000000;\"><span style=\"color: #ff0000;\"><strong>VINI RE<\/strong><\/span>: Ky material \u00ebsht\u00eb pron\u00ebsi intelektuale e <span style=\"color: #0000ff;\"><a style=\"color: #0000ff;\" href=\"https:\/\/monitor.al\/16-e-punonjesve-ne-shqiperi-punojne-me-pak-se-10-ore-ne-jave\/\">Monitor<\/a><\/span><\/span><\/p>\n<p><img loading=\"lazy\" decoding=\"async\" class=\"aligncenter size-full wp-image-730631\" src=\"https:\/\/www.hashtag.al\/wp-content\/uploads\/2025\/03\/FG4.jpg\" alt=\"\" width=\"1213\" height=\"541\" srcset=\"https:\/\/www.hashtag.al\/wp-content\/uploads\/2025\/03\/FG4.jpg 1213w, https:\/\/www.hashtag.al\/wp-content\/uploads\/2025\/03\/FG4-300x134.jpg 300w, https:\/\/www.hashtag.al\/wp-content\/uploads\/2025\/03\/FG4-1024x457.jpg 1024w, https:\/\/www.hashtag.al\/wp-content\/uploads\/2025\/03\/FG4-768x343.jpg 768w\" sizes=\"auto, (max-width: 1213px) 100vw, 1213px\" \/><\/p>\n","protected":false,"gt_translate_keys":[{"key":"rendered","format":"html"}]},"excerpt":{"rendered":"<p>16% e punonj\u00ebsve shqiptar\u00eb punojn\u00eb m\u00eb pak se 10 or\u00eb n\u00eb jav\u00eb, shum\u00eb m\u00eb tep\u00ebr se Rajoni referon nj\u00eb studim i Fondit Europian t\u00eb Trajnimeve publikuar s\u00eb fundmi. T\u00eb dh\u00ebnat tregojn\u00eb nj\u00eb pjes\u00eb e madhe punonj\u00ebsve n\u00eb vendin jan\u00eb t\u00eb n\u00ebnpun\u00ebsuar dhe t\u00eb ardhurat q\u00eb sigurojn\u00eb jan\u00eb t\u00ebr\u00ebsisht t\u00eb pamjaftueshme (shiko grafikun e m\u00ebposht\u00ebm). Anketa [&hellip;]<\/p>\n","protected":false,"gt_translate_keys":[{"key":"rendered","format":"html"}]},"author":51,"featured_media":730632,"comment_status":"closed","ping_status":"open","sticky":false,"template":"","format":"standard","meta":{"footnotes":""},"categories":[65],"tags":[],"class_list":["post-730630","post","type-post","status-publish","format-standard","has-post-thumbnail","hentry","category-lajme"],"gt_translate_keys":[{"key":"link","format":"url"}],"_links":{"self":[{"href":"https:\/\/www.hashtag.al\/index.php\/wp-json\/wp\/v2\/posts\/730630","targetHints":{"allow":["GET"]}}],"collection":[{"href":"https:\/\/www.hashtag.al\/index.php\/wp-json\/wp\/v2\/posts"}],"about":[{"href":"https:\/\/www.hashtag.al\/index.php\/wp-json\/wp\/v2\/types\/post"}],"author":[{"embeddable":true,"href":"https:\/\/www.hashtag.al\/index.php\/wp-json\/wp\/v2\/users\/51"}],"replies":[{"embeddable":true,"href":"https:\/\/www.hashtag.al\/index.php\/wp-json\/wp\/v2\/comments?post=730630"}],"version-history":[{"count":99999,"href":"https:\/\/www.hashtag.al\/index.php\/wp-json\/wp\/v2\/posts\/730630\/revisions"}],"predecessor-version":[{"id":730633,"href":"https:\/\/www.hashtag.al\/index.php\/wp-json\/wp\/v2\/posts\/730630\/revisions\/730633"}],"wp:featuredmedia":[{"embeddable":true,"href":"https:\/\/www.hashtag.al\/index.php\/wp-json\/wp\/v2\/media\/730632"}],"wp:attachment":[{"href":"https:\/\/www.hashtag.al\/index.php\/wp-json\/wp\/v2\/media?parent=730630"}],"wp:term":[{"taxonomy":"category","embeddable":true,"href":"https:\/\/www.hashtag.al\/index.php\/wp-json\/wp\/v2\/categories?post=730630"},{"taxonomy":"post_tag","embeddable":true,"href":"https:\/\/www.hashtag.al\/index.php\/wp-json\/wp\/v2\/tags?post=730630"}],"curies":[{"name":"wp","href":"https:\/\/api.w.org\/{rel}","templated":true}]}}