{"id":730563,"date":"2025-03-17T18:57:40","date_gmt":"2025-03-17T17:57:40","guid":{"rendered":"https:\/\/www.hashtag.al\/?p=730563"},"modified":"2025-03-17T18:57:40","modified_gmt":"2025-03-17T17:57:40","slug":"serbia-mohon-se-ka-perdorur-top-zanor-ne-proteste-e-gatshme-per-hetime-nga-fbi-dhe-fsb","status":"publish","type":"post","link":"https:\/\/www.hashtag.al\/index.php\/2025\/03\/17\/serbia-mohon-se-ka-perdorur-top-zanor-ne-proteste-e-gatshme-per-hetime-nga-fbi-dhe-fsb\/","title":{"rendered":"Serbia mohon se ka p\u00ebrdorur top zanor n\u00eb protest\u00eb, e gatshme p\u00ebr hetime nga FBI dhe FSB","gt_translate_keys":[{"key":"rendered","format":"text"}]},"content":{"rendered":"<p><span style=\"color: #000000;\"><img loading=\"lazy\" decoding=\"async\" class=\"alignnone size-medium wp-image-730564\" src=\"https:\/\/www.hashtag.al\/wp-content\/uploads\/2025\/03\/Screenshot-2025-03-17-193848-300x162.png\" alt=\"\" width=\"300\" height=\"162\" srcset=\"https:\/\/www.hashtag.al\/wp-content\/uploads\/2025\/03\/Screenshot-2025-03-17-193848-300x162.png 300w, https:\/\/www.hashtag.al\/wp-content\/uploads\/2025\/03\/Screenshot-2025-03-17-193848-1024x553.png 1024w, https:\/\/www.hashtag.al\/wp-content\/uploads\/2025\/03\/Screenshot-2025-03-17-193848-768x415.png 768w, https:\/\/www.hashtag.al\/wp-content\/uploads\/2025\/03\/Screenshot-2025-03-17-193848.png 1243w\" sizes=\"auto, (max-width: 300px) 100vw, 300px\" \/><\/span><\/p>\n<p><span style=\"color: #000000;\">Presidenti i Serbis\u00eb, Aleksandar Vu\u00e7i\u00e7, deklaroi se Ushtria e Serbis\u00eb dhe Nj\u00ebsia e Policis\u00eb Ushtarake \u201cKobrat\u201d nuk kan\u00eb top zanor, p\u00ebr t\u00eb cilin disa pretendojn\u00eb se \u00ebsht\u00eb p\u00ebrdorur n\u00eb protest\u00ebn e s\u00eb shtun\u00ebs n\u00eb Beograd.<\/span><\/p>\n<p><span style=\"color: #000000;\">Nd\u00ebrkaq, kryeministri serb n\u00eb largim, Millosh Vu\u00e7evi\u00e7, tha se ekzekutivi \u00ebsht\u00eb i gatsh\u00ebm t\u00eb ftoj\u00eb p\u00ebr hetime Byron\u00eb Federale amerikane t\u00eb Hetimit (FBI) dhe Sh\u00ebrbimin Federal rus t\u00eb Siguris\u00eb (FSB).<\/span><\/p>\n<p><span style=\"color: #000000;\"><em>\u201cJemi t\u00eb gatsh\u00ebm q\u00eb menj\u00ebher\u00eb t\u00eb ftojm\u00eb amerikan\u00ebt dhe rus\u00ebt<\/em>\u201d, tha Vu\u00e7evi\u00e7 n\u00eb nj\u00eb konferenc\u00eb p\u00ebr media n\u00eb Qeverin\u00eb serbe.<\/span><\/p>\n<p><span style=\"color: #000000;\">Presidenti Vu\u00e7i\u00e7 paralajm\u00ebroi se brenda 48 or\u00ebve do t\u00eb p\u00ebrfundoj\u00eb hetimi p\u00ebr ata q\u00eb, sipas tij, kan\u00eb shp\u00ebrndar\u00eb g\u00ebnjeshtra rreth k\u00ebsaj \u00e7\u00ebshtjeje.<\/span><\/p>\n<p><span style=\"color: #000000;\"><em>\u201cHetimi do t\u00eb p\u00ebrfundoj\u00eb plot\u00ebsisht brenda 48 or\u00ebve dhe m\u00eb pas t\u00eb gjith\u00eb p\u00ebrgjegj\u00ebsit p\u00ebr k\u00ebto trillime dhe g\u00ebnjeshtra do t\u00eb dalin p\u00ebrpara drejt\u00ebsis\u00eb\u201d,<\/em> tha Vu\u00e7i\u00e7 p\u00ebrmes nj\u00eb video-mesazhi t\u00eb publikuar n\u00eb Instagram.<\/span><\/p>\n<p><span style=\"color: #000000;\">Ai pretendoi se topi zanor nuk ishte n\u00eb rrug\u00eb, sepse, si\u00e7 tha ai, \u201cnuk mund t\u00eb mos e shihni, nuk mund t\u00eb mos e d\u00ebgjoni\u201d. Edhe Vu\u00e7evi\u00e7 tha se p\u00ebrdorimi i topave zanor \u00ebsht\u00eb \u201chistori e trilluar\u201d, duke shtuar se nuk jan\u00eb p\u00ebrdorur arm\u00eb t\u00eb tilla.<\/span><\/p>\n<p><span style=\"color: #000000;\">Vu\u00e7i\u00e7 theksoi se disa persona gabimisht menduan se pjes\u00ebtar\u00ebt e nj\u00ebsis\u00eb \u201cKobrat\u201d, q\u00eb ishin mbi nd\u00ebrtes\u00ebn e Presidenc\u00ebs po mbanin k\u00ebt\u00eb arm\u00eb, por q\u00eb n\u00eb t\u00eb v\u00ebrtet\u00eb, sipas tij, b\u00ebhej fjal\u00eb p\u00ebr nj\u00eb pushk\u00eb antidron.<\/span><\/p>\n<p><span style=\"color: #000000;\">Presidenti serb pretendoi gjithashtu se dit\u00ebn e protest\u00ebs askush nuk \u00ebsht\u00eb ankuar p\u00ebr gjendje t\u00eb keqe sh\u00ebndet\u00ebsore apo p\u00ebr p\u00ebrkeq\u00ebsim t\u00eb saj, por se \u201ct\u00eb nes\u00ebrmen i d\u00ebrguan aktivist\u00ebt e tyre\u201d.<\/span><\/p>\n<p><span style=\"color: #000000;\">Ai vler\u00ebsoi se histori t\u00eb ngjashme ishin shp\u00ebrndar\u00eb edhe gjat\u00eb protestave n\u00eb Ukrain\u00eb, q\u00eb \u00e7uan n\u00eb rr\u00ebzimin e presidentit prorus, Viktor Yanukovich.<\/span><\/p>\n<p><span style=\"color: #000000;\"><em>\u201cE mbani mend akuzat se Yanukovich kishte futur snajperist\u00eb q\u00eb q\u00ebllonin mbi popullin\u2026 Ja, ashtu filluan edhe k\u00ebtu\u201d,<\/em> tha Vu\u00e7i\u00e7.<\/span><\/p>\n<p><span style=\"color: #000000;\">\u00a0<\/span><\/p>\n<p><span style=\"color: #000000;\">KE k\u00ebrkon hetim transparent<\/span><\/p>\n<p><span style=\"color: #000000;\">Komisioni Evropian tha se ka par\u00eb raportime p\u00ebr p\u00ebrdorimin e supozuar t\u00eb topave zanor\u00eb apo arm\u00ebve t\u00eb ngjashme ndaj protestuesve paq\u00ebsor\u00eb n\u00eb Serbi dhe u ka b\u00ebr\u00eb thirrje autoriteteve serbe q\u00eb t\u00eb hetojn\u00eb plot\u00ebsisht k\u00ebto pretendime, tha z\u00ebdh\u00ebn\u00ebsi Guillaume Mercier.<\/span><\/p>\n<p><span style=\"color: #000000;\"><em>\u201cNe presim nj\u00eb hetim t\u00eb shpejt\u00eb, transparent dhe t\u00eb besuesh\u00ebm p\u00ebr k\u00ebto pretendime dhe kujtojm\u00eb q\u00eb sipas Ligjit p\u00ebr t\u00eb drejtat e njeriut i Bashkimit Evropian, autoritetet duhet t\u00eb mbrojn\u00eb t\u00eb gjith\u00eb pjes\u00ebmarr\u00ebsit n\u00eb protest\u00eb nga l\u00ebndimet dhe dhuna\u201d,<\/em> Mercier.<\/span><\/p>\n<p><span style=\"color: #000000;\">\u00a0<\/span><\/p>\n<p><span style=\"color: #000000;\">Ai shtoi se BE-ja po monitoron nga af\u00ebr situat\u00ebn dhe \u201cprotestat n\u00eb Serbi, ku njer\u00ebzit po k\u00ebrkojn\u00eb sundim t\u00eb ligjit dhe institucione t\u00eb forta demokratike dhe llogaridh\u00ebnie\u201d.<\/span><\/p>\n<p><span style=\"color: #000000;\">KE-ja po ashtu konfirmoi se pret q\u00eb jav\u00ebn e ardhshme, Vu\u00e7i\u00e7 t\u00eb shkoj\u00eb n\u00eb Bruksel p\u00ebr t\u2019u takuar me presidenten e Komisionit Evropian, Ursula von der Leyen.<\/span><\/p>\n<p><span style=\"color: #000000;\">\u00a0<\/span><\/p>\n<p><span style=\"color: #000000;\">\u00c7far\u00eb pretendojn\u00eb protestuesit?<\/span><\/p>\n<p><span style=\"color: #000000;\">N\u00eb video-incizimet e publikuara n\u00eb rrjetet sociale, shihen qytetar\u00eb t\u00eb mbledhur n\u00eb protest\u00ebn e s\u00eb shtun\u00ebs pran\u00eb Sheshit Slavija, q\u00eb po protestojn\u00eb p\u00ebr muaj t\u00eb t\u00ebr\u00eb p\u00ebr shkak t\u00eb vdekjes s\u00eb 15 personave nga shembja e nj\u00eb strehe betoni n\u00eb stacionin e trenave n\u00eb Novi Sad, q\u00eb largohen pasi d\u00ebrguan nj\u00eb zhurm\u00eb.<\/span><\/p>\n<p><span style=\"color: #000000;\">Ngjarja shkaktoi panik mes qytetar\u00ebve dhe p\u00ebr momentin nuk ka informacione zyrtare mbi at\u00eb q\u00eb shkaktoi nj\u00eb reagim t\u00eb till\u00eb t\u00eb turm\u00ebs.<\/span><\/p>\n<p><span style=\"color: #000000;\">Student\u00ebt protestues, q\u00eb e organizuan protest\u00ebn e 15 marsit duke k\u00ebrkuar se duhet t\u00eb p\u00ebrcaktohet p\u00ebrgjegj\u00ebsia p\u00ebr ngjarjen n\u00eb Novi Sad, akuzuan autoritetet se kan\u00eb p\u00ebrdorur top zanor teksa protestuesit po mbanin 15 minuta heshtje p\u00ebr 15 t\u00eb vdekurit.<\/span><\/p>\n<p><span style=\"color: #000000;\">Ministria e Pun\u00ebve t\u00eb Brendshme e Serbis\u00eb dhe Ministria e Mbrojtjes m\u00eb her\u00ebt po ashtu mohuan p\u00ebrdorimin e topit zanor n\u00eb protest\u00ebn e 15 marsit.<\/span><\/p>\n<p><span style=\"color: #000000;\">Prokuroria e Lart\u00eb Publike n\u00eb Beograd ka urdh\u00ebruar Prokurorin\u00eb Themelore Publike t\u00eb hap\u00eb \u00e7\u00ebshtje dhe t\u00eb identifikoj\u00eb personat q\u00eb kan\u00eb shp\u00ebrndar\u00eb n\u00eb publik informacione se qendra emergjente t\u00eb shtun\u00ebn ka pranuar dhjet\u00ebra qytetar\u00eb me shqet\u00ebsime q\u00eb mund t\u00eb jen\u00eb shkaktuar nga ndikimi i t\u00eb ashtuquajturit top zanor.<\/span><\/p>\n<p><span style=\"color: #000000;\">N\u00eb deklarat\u00ebn e Prokuroris\u00eb s\u00eb Lart\u00eb t\u00eb Beogradit u tha se ata kan\u00eb reaguar pasi qendra emergjente e Qendr\u00ebs Klinike Universitare t\u00eb Serbis\u00eb i ka mohuar k\u00ebto pretendime q\u00eb qarkulluan n\u00eb rrjetet sociale.<\/span><\/p>\n<p><span style=\"color: #000000;\">Organizata joqeveritare Qendra e Beogradit p\u00ebr t\u00eb Drejtat e Njeriut njoftoi m\u00eb 16 mars se nj\u00eb num\u00ebr i madh qytetar\u00ebsh i ishte drejtuar atyre duke raportuar se kishin ndjer\u00eb efektet e topit zanor gjat\u00eb protest\u00ebs t\u00eb s\u00eb shtun\u00ebs.<\/span><\/p>\n<p><span style=\"color: #000000;\">Gjithashtu, kjo OJQ tha se qytetar\u00ebt ndjen\u00eb nj\u00eb val\u00eb t\u00eb fort\u00eb t\u00eb nxeht\u00ebsis\u00eb, nj\u00eb zhurm\u00eb dhe di\u00e7ka q\u00eb i ngjante nj\u00eb tingulli avioni ose makine q\u00eb l\u00ebviz me shpejt\u00ebsi t\u00eb madhe, dhe m\u00eb pas \u201csi nj\u00eb er\u00eb q\u00eb i l\u00ebvizte dhe i rr\u00ebzonte, si t\u00eb kishte kaluar nj\u00eb raket\u00eb\u201d.<\/span><\/p>\n<p><span style=\"color: #000000;\">Partia opozitare Liria dhe Drejt\u00ebsia njoftoi m\u00eb 17 mars se kishte dor\u00ebzuar nj\u00eb kall\u00ebzim penal n\u00eb Prokurorin\u00eb p\u00ebr Krim t\u00eb Organizuar kund\u00ebr funksionar\u00ebve p\u00ebrgjegj\u00ebs t\u00eb em\u00ebruar nga Kuvendi i Serbis\u00eb, presidenti i Serbis\u00eb dhe Qeveria, si dhe ekzekutuesve t\u00eb tyre, p\u00ebr, si\u00e7 pretendojn\u00eb, p\u00ebrdorimin e paligjsh\u00ebm t\u00eb arm\u00ebs zanore kund\u00ebr qytetar\u00ebve t\u00eb qet\u00eb gjat\u00eb protest\u00ebs s\u00eb s\u00eb shtun\u00ebs n\u00eb Beograd.<\/span><\/p>\n<p><span style=\"color: #000000;\">Edhe Partia opozitare Demokratike ka paraqitur nj\u00eb kall\u00ebzim penal n\u00eb Prokurorin\u00eb p\u00ebr Krim t\u00eb Organizuar kund\u00ebr personave t\u00eb panjohur, duke dyshuar se n\u00eb protest\u00ebn studentore t\u00eb s\u00eb shtun\u00ebs \u00ebsht\u00eb \u201caktivizuar topi zanor\u201d, p\u00ebrdorimi i t\u00eb cilit nuk \u00ebsht\u00eb i rregulluar me ligjet e Serbis\u00eb.\/<span style=\"color: #0000ff;\"><a style=\"color: #0000ff;\" href=\"https:\/\/www.evropaelire.org\/a\/serbia-top-zanor-protesta-hetime-\/33350592.html\">REL<\/a><\/span><\/span><\/p>\n","protected":false,"gt_translate_keys":[{"key":"rendered","format":"html"}]},"excerpt":{"rendered":"<p>Presidenti i Serbis\u00eb, Aleksandar Vu\u00e7i\u00e7, deklaroi se Ushtria e Serbis\u00eb dhe Nj\u00ebsia e Policis\u00eb Ushtarake \u201cKobrat\u201d nuk kan\u00eb top zanor, p\u00ebr t\u00eb cilin disa pretendojn\u00eb se \u00ebsht\u00eb p\u00ebrdorur n\u00eb protest\u00ebn e s\u00eb shtun\u00ebs n\u00eb Beograd. Nd\u00ebrkaq, kryeministri serb n\u00eb largim, Millosh Vu\u00e7evi\u00e7, tha se ekzekutivi \u00ebsht\u00eb i gatsh\u00ebm t\u00eb ftoj\u00eb p\u00ebr hetime Byron\u00eb Federale amerikane [&hellip;]<\/p>\n","protected":false,"gt_translate_keys":[{"key":"rendered","format":"html"}]},"author":32,"featured_media":730564,"comment_status":"closed","ping_status":"open","sticky":false,"template":"","format":"standard","meta":{"footnotes":""},"categories":[149],"tags":[],"class_list":["post-730563","post","type-post","status-publish","format-standard","has-post-thumbnail","hentry","category-kosoverajon"],"gt_translate_keys":[{"key":"link","format":"url"}],"_links":{"self":[{"href":"https:\/\/www.hashtag.al\/index.php\/wp-json\/wp\/v2\/posts\/730563","targetHints":{"allow":["GET"]}}],"collection":[{"href":"https:\/\/www.hashtag.al\/index.php\/wp-json\/wp\/v2\/posts"}],"about":[{"href":"https:\/\/www.hashtag.al\/index.php\/wp-json\/wp\/v2\/types\/post"}],"author":[{"embeddable":true,"href":"https:\/\/www.hashtag.al\/index.php\/wp-json\/wp\/v2\/users\/32"}],"replies":[{"embeddable":true,"href":"https:\/\/www.hashtag.al\/index.php\/wp-json\/wp\/v2\/comments?post=730563"}],"version-history":[{"count":99999,"href":"https:\/\/www.hashtag.al\/index.php\/wp-json\/wp\/v2\/posts\/730563\/revisions"}],"predecessor-version":[{"id":730568,"href":"https:\/\/www.hashtag.al\/index.php\/wp-json\/wp\/v2\/posts\/730563\/revisions\/730568"}],"wp:featuredmedia":[{"embeddable":true,"href":"https:\/\/www.hashtag.al\/index.php\/wp-json\/wp\/v2\/media\/730564"}],"wp:attachment":[{"href":"https:\/\/www.hashtag.al\/index.php\/wp-json\/wp\/v2\/media?parent=730563"}],"wp:term":[{"taxonomy":"category","embeddable":true,"href":"https:\/\/www.hashtag.al\/index.php\/wp-json\/wp\/v2\/categories?post=730563"},{"taxonomy":"post_tag","embeddable":true,"href":"https:\/\/www.hashtag.al\/index.php\/wp-json\/wp\/v2\/tags?post=730563"}],"curies":[{"name":"wp","href":"https:\/\/api.w.org\/{rel}","templated":true}]}}