{"id":730524,"date":"2025-03-17T14:38:03","date_gmt":"2025-03-17T13:38:03","guid":{"rendered":"https:\/\/www.hashtag.al\/?p=730524"},"modified":"2025-03-17T14:38:03","modified_gmt":"2025-03-17T13:38:03","slug":"basha-ironizon-ramen-ku-je-fut-o-rame-merre-qete-se-sapo-ka-filluar-7x7313-video","status":"publish","type":"post","link":"https:\/\/www.hashtag.al\/index.php\/2025\/03\/17\/basha-ironizon-ramen-ku-je-fut-o-rame-merre-qete-se-sapo-ka-filluar-7x7313-video\/","title":{"rendered":"Basha ironizon Ram\u00ebn: \u201cKu je fut o Rame? Merre qet\u00eb se sapo ka filluar, 7&#215;7=313\u201d &#8211; Video","gt_translate_keys":[{"key":"rendered","format":"text"}]},"content":{"rendered":"<p><span style=\"color: #000000;\"><img loading=\"lazy\" decoding=\"async\" class=\"alignnone size-medium wp-image-730526\" src=\"https:\/\/www.hashtag.al\/wp-content\/uploads\/2025\/03\/Screenshot-2025-03-17-153620-300x143.png\" alt=\"\" width=\"300\" height=\"143\" srcset=\"https:\/\/www.hashtag.al\/wp-content\/uploads\/2025\/03\/Screenshot-2025-03-17-153620-300x143.png 300w, https:\/\/www.hashtag.al\/wp-content\/uploads\/2025\/03\/Screenshot-2025-03-17-153620-768x365.png 768w, https:\/\/www.hashtag.al\/wp-content\/uploads\/2025\/03\/Screenshot-2025-03-17-153620.png 772w\" sizes=\"auto, (max-width: 300px) 100vw, 300px\" \/><\/span><\/p>\n<p><span style=\"color: #000000;\">me k\u00ebng\u00ebn e Unikatil: Ke frik\u00eb q\u00eb je n\u00eb list\u00eb t\u00eb mbyllur! Sa b\u00ebjn\u00eb 7&#215;7? 313 aty ku ke shok\u00ebt<\/span><\/p>\n<p><span style=\"color: #000000;\">Kreu i Koalicionit Euroatlantik, Lulzim Basha i \u00ebsht\u00eb p\u00ebrgjigjur kryeministrit Edi Rama p\u00ebrmes nj\u00eb videoje n\u00eb rrjete sociale, duke e ironizuar se \u00ebsht\u00eb pjes\u00eb e list\u00ebs s\u00eb mbyllur n\u00eb Tiran\u00eb p\u00ebr shkak se ka frik\u00eb. <\/span><\/p>\n<p><span style=\"color: #000000;\">N\u00eb nj\u00eb postim n\u00eb rrjete sociale, Basha thot\u00eb me ironi se 7&#215;7 b\u00ebjn\u00eb 313, duke iu referuar burgut. <\/span><\/p>\n<p><span style=\"color: #000000;\"><em>\u201cPrap\u00eb kishte pyetur p\u00ebr mua. N\u00eb list\u00eb t\u00eb hapur jam me Koalicionin Euroatlantik n\u00eb Tiran\u00eb. Po ti mo Ram\u00eb ku je? Ke th\u00ebn\u00eb se do t\u00eb jesh n\u00eb list\u00eb t\u00eb hapur, nuk ishe as n\u00eb Tiran\u00eb, as n\u00eb Shkod\u00ebr, Vlor\u00eb, Durr\u00ebs, Fier. Ku je fut mo Ram\u00eb? Epike pasha zotin! Ke gjith\u00eb shtetin n\u00eb dispozicion dhe prap\u00eb shkon n\u00eb list\u00eb t\u00eb mbyllur. Apo ke naj frik\u00eb se frika t\u00eb b\u00ebn keq p\u00ebr gjumin, e di ti. Dhe nuk mu p\u00ebrgjigje se ku i ke shok\u00ebt. E di at\u00eb k\u00ebng\u00ebn e Unikatil ku t\u00eb kan\u00eb mbetur shok\u00ebt, ku i ke mo Ram\u00eb shok\u00ebt. Sa b\u00ebjn\u00eb 7&#215;7 mo Ram\u00eb, 313 aty ku ke shok\u00ebt. Ku e ke lalin, Ilir Beqajn&#8230;Ama do m\u00eb thuash, po Jyrgis \u00c7yrbjan q\u00eb nuk e z\u00eb m\u00eb me goj\u00eb asnj\u00ebher\u00eb. Si ka mund\u00ebsi. Kishte b\u00ebr\u00eb votat me bandat n\u00eb Durr\u00ebs p\u00ebr ty dhe ti as emrin nuk ia z\u00eb n\u00eb goj\u00eb.\u201d,<\/em> thot\u00eb Basha.<\/span><\/p>\n<p><iframe loading=\"lazy\" style=\"border: none; overflow: hidden;\" src=\"https:\/\/www.facebook.com\/plugins\/video.php?height=314&amp;href=https%3A%2F%2Fwww.facebook.com%2Flulzimbasha.al%2Fvideos%2F655962360314479%2F&amp;show_text=false&amp;width=560&amp;t=0\" width=\"560\" height=\"314\" frameborder=\"0\" scrolling=\"no\" allowfullscreen=\"allowfullscreen\"><span data-mce-type=\"bookmark\" style=\"display: inline-block; width: 0px; overflow: hidden; line-height: 0;\" class=\"mce_SELRES_start\">\ufeff<\/span><\/iframe><\/p>\n","protected":false,"gt_translate_keys":[{"key":"rendered","format":"html"}]},"excerpt":{"rendered":"<p>me k\u00ebng\u00ebn e Unikatil: Ke frik\u00eb q\u00eb je n\u00eb list\u00eb t\u00eb mbyllur! Sa b\u00ebjn\u00eb 7&#215;7? 313 aty ku ke shok\u00ebt Kreu i Koalicionit Euroatlantik, Lulzim Basha i \u00ebsht\u00eb p\u00ebrgjigjur kryeministrit Edi Rama p\u00ebrmes nj\u00eb videoje n\u00eb rrjete sociale, duke e ironizuar se \u00ebsht\u00eb pjes\u00eb e list\u00ebs s\u00eb mbyllur n\u00eb Tiran\u00eb p\u00ebr shkak se ka frik\u00eb. [&hellip;]<\/p>\n","protected":false,"gt_translate_keys":[{"key":"rendered","format":"html"}]},"author":32,"featured_media":730526,"comment_status":"closed","ping_status":"open","sticky":false,"template":"","format":"standard","meta":{"footnotes":""},"categories":[65],"tags":[],"class_list":["post-730524","post","type-post","status-publish","format-standard","has-post-thumbnail","hentry","category-lajme"],"gt_translate_keys":[{"key":"link","format":"url"}],"_links":{"self":[{"href":"https:\/\/www.hashtag.al\/index.php\/wp-json\/wp\/v2\/posts\/730524","targetHints":{"allow":["GET"]}}],"collection":[{"href":"https:\/\/www.hashtag.al\/index.php\/wp-json\/wp\/v2\/posts"}],"about":[{"href":"https:\/\/www.hashtag.al\/index.php\/wp-json\/wp\/v2\/types\/post"}],"author":[{"embeddable":true,"href":"https:\/\/www.hashtag.al\/index.php\/wp-json\/wp\/v2\/users\/32"}],"replies":[{"embeddable":true,"href":"https:\/\/www.hashtag.al\/index.php\/wp-json\/wp\/v2\/comments?post=730524"}],"version-history":[{"count":99999,"href":"https:\/\/www.hashtag.al\/index.php\/wp-json\/wp\/v2\/posts\/730524\/revisions"}],"predecessor-version":[{"id":730527,"href":"https:\/\/www.hashtag.al\/index.php\/wp-json\/wp\/v2\/posts\/730524\/revisions\/730527"}],"wp:featuredmedia":[{"embeddable":true,"href":"https:\/\/www.hashtag.al\/index.php\/wp-json\/wp\/v2\/media\/730526"}],"wp:attachment":[{"href":"https:\/\/www.hashtag.al\/index.php\/wp-json\/wp\/v2\/media?parent=730524"}],"wp:term":[{"taxonomy":"category","embeddable":true,"href":"https:\/\/www.hashtag.al\/index.php\/wp-json\/wp\/v2\/categories?post=730524"},{"taxonomy":"post_tag","embeddable":true,"href":"https:\/\/www.hashtag.al\/index.php\/wp-json\/wp\/v2\/tags?post=730524"}],"curies":[{"name":"wp","href":"https:\/\/api.w.org\/{rel}","templated":true}]}}