{"id":730486,"date":"2025-03-17T12:09:09","date_gmt":"2025-03-17T11:09:09","guid":{"rendered":"https:\/\/www.hashtag.al\/?p=730486"},"modified":"2025-03-17T12:09:09","modified_gmt":"2025-03-17T11:09:09","slug":"zjarri-ne-lokalin-e-nates-ne-maqedonine-e-veriut-qytetaret-proteste-sot-ne-kocan","status":"publish","type":"post","link":"https:\/\/www.hashtag.al\/index.php\/2025\/03\/17\/zjarri-ne-lokalin-e-nates-ne-maqedonine-e-veriut-qytetaret-proteste-sot-ne-kocan\/","title":{"rendered":"Zjarri n\u00eb lokalin e nat\u00ebs n\u00eb Maqedonin\u00eb e Veriut, qytetar\u00ebt protest\u00eb sot n\u00eb Ko\u00e7an","gt_translate_keys":[{"key":"rendered","format":"text"}]},"content":{"rendered":"<p><span style=\"color: #000000;\"><img loading=\"lazy\" decoding=\"async\" class=\"aligncenter size-full wp-image-730487\" src=\"https:\/\/www.hashtag.al\/wp-content\/uploads\/2025\/03\/OIP-2.jpeg\" alt=\"\" width=\"474\" height=\"315\" srcset=\"https:\/\/www.hashtag.al\/wp-content\/uploads\/2025\/03\/OIP-2.jpeg 474w, https:\/\/www.hashtag.al\/wp-content\/uploads\/2025\/03\/OIP-2-300x199.jpeg 300w\" sizes=\"auto, (max-width: 474px) 100vw, 474px\" \/><\/span><\/p>\n<p><span style=\"color: #000000;\">Pas zjarrit q\u00eb ra n\u00eb klubin e nat\u00ebs \u2018Pulse\u2019 nj\u00eb dit\u00eb m\u00eb par\u00eb n\u00eb Ko\u00e7an, ku vdiq\u00ebn 59 t\u00eb rinj qytetar\u00ebt kan\u00eb paralajm\u00ebruar protest\u00eb p\u00ebr jet\u00ebt e humbura.<\/span><\/p>\n<p><span style=\"color: #000000;\">Sipas nj\u00eb njoftimi t\u00eb shp\u00ebrndar\u00eb n\u00eb rrjetet sociale protesta do t\u00eb mbahet n\u00eb or\u00ebn 13:00 n\u00eb parkun e qytetit n\u00eb Ko\u00e7an.<\/span><\/p>\n<p><span style=\"color: #000000;\">Sipas k\u00ebtij njoftimi thuhet se q\u00ebllimi i k\u00ebsaj proteste \u00ebsht\u00eb edhe p\u00ebr t\u00eb &#8216;luftuar&#8217; k\u00ebt\u00eb sistem i cili nuk ofron siguri dhe mir\u00ebq\u00ebnie.<\/span><\/p>\n<p><span style=\"color: #000000;\"><em>\u201cKjo protest\u00eb \u00ebsht\u00eb shprehje e dhimbjes dhe revolt\u00ebs s\u00eb thell\u00eb p\u00ebr jet\u00ebt e humbura, por edhe p\u00ebr gjendjen n\u00eb t\u00eb cil\u00ebn ndodhemi si shoq\u00ebri. Ne nuk mund t\u2019i k tithejm\u00eb bashk\u00ebqytetar\u00ebt tan\u00eb t\u00eb dashur, por jemi t\u00eb detyruar t\u00eb luftojm\u00eb p\u00ebr nder t\u00eb tyre dhe q\u00eb ta ndryshojm\u00eb k\u00ebt\u00eb sistem joefikas q\u00eb nuk na ofron siguri, mir\u00ebqenie dhe drejt\u00ebsi<\/em>.<\/span><\/p>\n<p><span style=\"color: #000000;\"><em>Kafenet\u00eb q\u00eb kan\u00eb zgjeruar ambientet e tyre n\u00eb t\u00eb gjith\u00eb zon\u00ebn tregtare dhe makinat e parkuara n\u00eb trotuare, t\u00eb cilat bllokojn\u00eb rrug\u00ebn e k\u00ebmb\u00ebsor\u00ebve, na krijojn\u00eb rreziqe. Nuk duhet t\u00eb harrojm\u00eb se nuk respektohet ndalimi i hedhjes s\u00eb mbetjeve nga komunat e tjera, ku ,me shoq\u00ebrim policor lejohet lejohet hedhja e mbeturinave n\u00eb t\u00eb nj\u00ebjt\u00ebn\u201d,<\/em> thuhet n\u00eb njoftim.<\/span><\/p>\n","protected":false,"gt_translate_keys":[{"key":"rendered","format":"html"}]},"excerpt":{"rendered":"<p>Pas zjarrit q\u00eb ra n\u00eb klubin e nat\u00ebs \u2018Pulse\u2019 nj\u00eb dit\u00eb m\u00eb par\u00eb n\u00eb Ko\u00e7an, ku vdiq\u00ebn 59 t\u00eb rinj qytetar\u00ebt kan\u00eb paralajm\u00ebruar protest\u00eb p\u00ebr jet\u00ebt e humbura. Sipas nj\u00eb njoftimi t\u00eb shp\u00ebrndar\u00eb n\u00eb rrjetet sociale protesta do t\u00eb mbahet n\u00eb or\u00ebn 13:00 n\u00eb parkun e qytetit n\u00eb Ko\u00e7an. Sipas k\u00ebtij njoftimi thuhet se q\u00ebllimi [&hellip;]<\/p>\n","protected":false,"gt_translate_keys":[{"key":"rendered","format":"html"}]},"author":49,"featured_media":730487,"comment_status":"closed","ping_status":"open","sticky":false,"template":"","format":"standard","meta":{"footnotes":""},"categories":[65],"tags":[],"class_list":["post-730486","post","type-post","status-publish","format-standard","has-post-thumbnail","hentry","category-lajme"],"gt_translate_keys":[{"key":"link","format":"url"}],"_links":{"self":[{"href":"https:\/\/www.hashtag.al\/index.php\/wp-json\/wp\/v2\/posts\/730486","targetHints":{"allow":["GET"]}}],"collection":[{"href":"https:\/\/www.hashtag.al\/index.php\/wp-json\/wp\/v2\/posts"}],"about":[{"href":"https:\/\/www.hashtag.al\/index.php\/wp-json\/wp\/v2\/types\/post"}],"author":[{"embeddable":true,"href":"https:\/\/www.hashtag.al\/index.php\/wp-json\/wp\/v2\/users\/49"}],"replies":[{"embeddable":true,"href":"https:\/\/www.hashtag.al\/index.php\/wp-json\/wp\/v2\/comments?post=730486"}],"version-history":[{"count":99999,"href":"https:\/\/www.hashtag.al\/index.php\/wp-json\/wp\/v2\/posts\/730486\/revisions"}],"predecessor-version":[{"id":730488,"href":"https:\/\/www.hashtag.al\/index.php\/wp-json\/wp\/v2\/posts\/730486\/revisions\/730488"}],"wp:featuredmedia":[{"embeddable":true,"href":"https:\/\/www.hashtag.al\/index.php\/wp-json\/wp\/v2\/media\/730487"}],"wp:attachment":[{"href":"https:\/\/www.hashtag.al\/index.php\/wp-json\/wp\/v2\/media?parent=730486"}],"wp:term":[{"taxonomy":"category","embeddable":true,"href":"https:\/\/www.hashtag.al\/index.php\/wp-json\/wp\/v2\/categories?post=730486"},{"taxonomy":"post_tag","embeddable":true,"href":"https:\/\/www.hashtag.al\/index.php\/wp-json\/wp\/v2\/tags?post=730486"}],"curies":[{"name":"wp","href":"https:\/\/api.w.org\/{rel}","templated":true}]}}