{"id":730192,"date":"2025-03-15T13:31:23","date_gmt":"2025-03-15T12:31:23","guid":{"rendered":"https:\/\/www.hashtag.al\/?p=730192"},"modified":"2025-03-15T13:35:07","modified_gmt":"2025-03-15T12:35:07","slug":"pd-proteston-kunder-mbylljes-se-tiktok-policia-njofton-kufizimin-e-rrugeve","status":"publish","type":"post","link":"https:\/\/www.hashtag.al\/index.php\/2025\/03\/15\/pd-proteston-kunder-mbylljes-se-tiktok-policia-njofton-kufizimin-e-rrugeve\/","title":{"rendered":"PD proteston kund\u00ebr mbylljes s\u00eb TikTok, policia njofton kufizimin e rrug\u00ebve","gt_translate_keys":[{"key":"rendered","format":"text"}]},"content":{"rendered":"<p><span style=\"color: #000000;\"><img loading=\"lazy\" decoding=\"async\" class=\"aligncenter size-full wp-image-730193\" src=\"https:\/\/www.hashtag.al\/wp-content\/uploads\/2025\/03\/PD-TikTok1-768x428-1.jpg\" alt=\"\" width=\"768\" height=\"428\" srcset=\"https:\/\/www.hashtag.al\/wp-content\/uploads\/2025\/03\/PD-TikTok1-768x428-1.jpg 768w, https:\/\/www.hashtag.al\/wp-content\/uploads\/2025\/03\/PD-TikTok1-768x428-1-300x167.jpg 300w\" sizes=\"auto, (max-width: 768px) 100vw, 768px\" \/><\/span><\/p>\n<p><span style=\"color: #000000;\">Partia Demokratike e Shqip\u00ebris\u00eb do t\u00eb zhvilloj\u00eb sot nj\u00eb protest\u00eb para Kryeministris\u00eb, nga ora 19:00 deri n\u00eb 21:00, kund\u00ebr mbylljes s\u00eb aplikacionit TikTok.<\/span><\/p>\n<p><span style=\"color: #000000;\">Drejtoria Vendore e Policis\u00eb Tiran\u00eb ka marr\u00eb masa p\u00ebr garantimin e siguris\u00eb dhe njofton kufizime t\u00eb r\u00ebnd\u00ebsishme t\u00eb qarkullimit dhe parkimit n\u00eb disa akse kryesore t\u00eb kryeqytetit, p\u00ebrfshir\u00eb bulevardin \u201cD\u00ebshmor\u00ebt e Kombit\u201d, sheshin \u201cN\u00ebn\u00eb Tereza\u201d dhe rrug\u00ebt p\u00ebrreth Kryeministris\u00eb.<\/span><\/p>\n<p><span style=\"color: #000000;\">Policia u b\u00ebn thirrje qytetar\u00ebve t\u00eb shmangin k\u00ebto akse dhe t\u00eb p\u00ebrdorin rrug\u00eb alternative p\u00ebr t\u00eb leht\u00ebsuar l\u00ebvizjen gjat\u00eb protest\u00ebs.<\/span><\/p>\n<p><span style=\"color: #000000;\"><strong>Njoftimi i policis\u00eb:<\/strong><\/span><\/p>\n<p><em><span style=\"color: #000000;\">Drejtoria Vendore e Policis\u00eb Tiran\u00eb \u00ebsht\u00eb njoftuar nga p\u00ebrfaq\u00ebsues t\u00eb subjektit politik Partia Demokratike e Shqip\u00ebris\u00eb, p\u00ebr zhvillimin e nj\u00eb tubimi, m\u00eb dat\u00eb 15.03.2035, nga ora 19:00 deri n\u00eb or\u00ebn 21:00, n\u00eb bulevardin \u201cD\u00ebshmor\u00ebt e Kombit\u201d, para Kryeministris\u00eb.<\/span><\/em><\/p>\n<p><em><span style=\"color: #000000;\">N\u00eb baz\u00eb dhe n\u00eb zbatimit t\u00eb ligjit \u201cP\u00ebr tubimet\u201d, Policia e Shtetit ka nd\u00ebrmarr\u00eb t\u00eb gjitha masat p\u00ebr garantimin e rendit publik, zbatimin e t\u00eb drejtave dhe lirive t\u00eb qytetar\u00ebve dhe t\u00eb pjes\u00ebmarr\u00ebsve n\u00eb tubime, si dhe mbrojtjen e pron\u00ebs publike dhe private.<\/span><\/em><\/p>\n<p><em><span style=\"color: #000000;\">N\u00eb zbatim t\u00eb k\u00ebtyre masave, me q\u00ebllim garantimin e mbar\u00ebvajtjes s\u00eb tubimit, m\u00eb dat\u00eb 15.03.2025, do t\u00eb kufizohet l\u00ebvizja n\u00eb disa akse\/segmente rrugore, konkretisht:<\/span><\/em><\/p>\n<p><em><span style=\"color: #000000;\">-Nuk do t\u00eb lejohet parkimi i automjeteve n\u00eb bulevardin \u201dD\u00ebshmor\u00ebt e Kombit\u201d, n\u00eb sheshin \u201cN\u00ebn\u00eb Tereza, n\u00eb rrug\u00ebn \u201cIsmail Qemali\u201d, nga kryq\u00ebzimi i Rrug\u00ebs s\u00eb Elbasanit me rrug\u00ebn \u201cIbrahim Rrugova\u201d, n\u00eb rrug\u00ebn \u201cPapa Gjon Pali II\u201d, n\u00eb bulevardin \u201dZhan D\u2019Ark\u201d dhe bulevardin \u201dBajram Curri\u201d, nga kryq\u00ebzimi i Rrug\u00ebs s\u00eb Elbasanit me rrug\u00ebn \u201cIbrahim Rugova\u201d;<\/span><\/em><\/p>\n<p><em><span style=\"color: #000000;\">-Nga ora 14:00 deri n\u00eb p\u00ebrfundim t\u00eb tubimit, do t\u00eb ket\u00eb bllokim t\u00eb l\u00ebvizjes s\u00eb automjeteve n\u00eb bulevardin \u201cD\u00ebshmor\u00ebt e Kombit\u201d, nga kryq\u00ebzimi af\u00ebr Ministris\u00eb s\u00eb Brendshme deri te sheshi \u201cN\u00ebn\u00eb Tereza\u201d, si dhe n\u00eb rrug\u00ebt \u201cUkraina e Lir\u00eb\u201d, \u201cPapa Gjon Pali II\u201d dhe \u201cIsmail Qemali\u201d. N\u00eb var\u00ebsi t\u00eb zhvillimit t\u00eb tubimit, mund t\u00eb ket\u00eb kufizime t\u00eb qarkullimit t\u00eb automjeteve edhe n\u00eb akse t\u00eb tjera rrugore.<\/span><\/em><\/p>\n<p><em><span style=\"color: #000000;\">N\u00eb rast bllokimi, p\u00ebr t\u00eb ndihmuar qytetar\u00ebt q\u00eb do t\u00eb qarkullojn\u00eb n\u00eb k\u00ebto akse, Policia e Shtetit ka marr\u00eb masa p\u00ebr t\u00eb devijuar qarkullimin e automjeteve n\u00eb rrug\u00eb alternative.<\/span><\/em><\/p>\n<p><em><span style=\"color: #000000;\">Policia e Shtetit apelon p\u00ebr qytetar\u00ebt q\u00eb t\u00eb shmangin l\u00ebvizjen me automjete n\u00eb akset rrugore q\u00eb do t\u00eb bllokohen dhe t\u00eb p\u00ebrdorin rrug\u00eb alternative, p\u00ebr t\u00eb mos penguar l\u00ebvizjen e lir\u00eb t\u00eb pjes\u00ebmarr\u00ebsve n\u00eb tubim.<\/span><\/em><\/p>\n","protected":false,"gt_translate_keys":[{"key":"rendered","format":"html"}]},"excerpt":{"rendered":"<p>Partia Demokratike e Shqip\u00ebris\u00eb do t\u00eb zhvilloj\u00eb sot nj\u00eb protest\u00eb para Kryeministris\u00eb, nga ora 19:00 deri n\u00eb 21:00, kund\u00ebr mbylljes s\u00eb aplikacionit TikTok. Drejtoria Vendore e Policis\u00eb Tiran\u00eb ka marr\u00eb masa p\u00ebr garantimin e siguris\u00eb dhe njofton kufizime t\u00eb r\u00ebnd\u00ebsishme t\u00eb qarkullimit dhe parkimit n\u00eb disa akse kryesore t\u00eb kryeqytetit, p\u00ebrfshir\u00eb bulevardin \u201cD\u00ebshmor\u00ebt e Kombit\u201d, [&hellip;]<\/p>\n","protected":false,"gt_translate_keys":[{"key":"rendered","format":"html"}]},"author":49,"featured_media":730193,"comment_status":"closed","ping_status":"open","sticky":false,"template":"","format":"standard","meta":{"footnotes":""},"categories":[1],"tags":[],"class_list":["post-730192","post","type-post","status-publish","format-standard","has-post-thumbnail","hentry","category-uncategorized"],"gt_translate_keys":[{"key":"link","format":"url"}],"_links":{"self":[{"href":"https:\/\/www.hashtag.al\/index.php\/wp-json\/wp\/v2\/posts\/730192","targetHints":{"allow":["GET"]}}],"collection":[{"href":"https:\/\/www.hashtag.al\/index.php\/wp-json\/wp\/v2\/posts"}],"about":[{"href":"https:\/\/www.hashtag.al\/index.php\/wp-json\/wp\/v2\/types\/post"}],"author":[{"embeddable":true,"href":"https:\/\/www.hashtag.al\/index.php\/wp-json\/wp\/v2\/users\/49"}],"replies":[{"embeddable":true,"href":"https:\/\/www.hashtag.al\/index.php\/wp-json\/wp\/v2\/comments?post=730192"}],"version-history":[{"count":99999,"href":"https:\/\/www.hashtag.al\/index.php\/wp-json\/wp\/v2\/posts\/730192\/revisions"}],"predecessor-version":[{"id":730195,"href":"https:\/\/www.hashtag.al\/index.php\/wp-json\/wp\/v2\/posts\/730192\/revisions\/730195"}],"wp:featuredmedia":[{"embeddable":true,"href":"https:\/\/www.hashtag.al\/index.php\/wp-json\/wp\/v2\/media\/730193"}],"wp:attachment":[{"href":"https:\/\/www.hashtag.al\/index.php\/wp-json\/wp\/v2\/media?parent=730192"}],"wp:term":[{"taxonomy":"category","embeddable":true,"href":"https:\/\/www.hashtag.al\/index.php\/wp-json\/wp\/v2\/categories?post=730192"},{"taxonomy":"post_tag","embeddable":true,"href":"https:\/\/www.hashtag.al\/index.php\/wp-json\/wp\/v2\/tags?post=730192"}],"curies":[{"name":"wp","href":"https:\/\/api.w.org\/{rel}","templated":true}]}}