{"id":730058,"date":"2025-03-14T16:50:33","date_gmt":"2025-03-14T15:50:33","guid":{"rendered":"https:\/\/www.hashtag.al\/?p=730058"},"modified":"2025-03-14T16:52:14","modified_gmt":"2025-03-14T15:52:14","slug":"ylli-manjani-kritika-te-forta-sistemit-zgjedhor-tregon-strategjine-e-rames-dhe-kritikon-opoziten","status":"publish","type":"post","link":"https:\/\/www.hashtag.al\/index.php\/2025\/03\/14\/ylli-manjani-kritika-te-forta-sistemit-zgjedhor-tregon-strategjine-e-rames-dhe-kritikon-opoziten\/","title":{"rendered":"Ylli Manjani kritika t\u00eb forta sistemit zgjedhor, tregon strategjin\u00eb e Ram\u00ebs dhe kritikon opozit\u00ebn","gt_translate_keys":[{"key":"rendered","format":"text"}]},"content":{"rendered":"<p><span style=\"color: #000000;\"><img loading=\"lazy\" decoding=\"async\" class=\"alignnone size-medium wp-image-724936\" src=\"https:\/\/www.hashtag.al\/wp-content\/uploads\/2025\/02\/800-0-1732743297xylli-manjani-668-300x197.jpg\" alt=\"\" width=\"300\" height=\"197\" srcset=\"https:\/\/www.hashtag.al\/wp-content\/uploads\/2025\/02\/800-0-1732743297xylli-manjani-668-300x197.jpg 300w, https:\/\/www.hashtag.al\/wp-content\/uploads\/2025\/02\/800-0-1732743297xylli-manjani-668-768x505.jpg 768w, https:\/\/www.hashtag.al\/wp-content\/uploads\/2025\/02\/800-0-1732743297xylli-manjani-668.jpg 800w\" sizes=\"auto, (max-width: 300px) 100vw, 300px\" \/><\/span><\/p>\n<p><span style=\"color: #000000;\">I ftuar n\u00eb emisionin \u201cNOW me Erla M\u00ebhillin\u201d, juristi Ylli Manjani ka shprehur kritika t\u00eb forta ndaj sistemit zgjedhor n\u00eb Shqip\u00ebri, ve\u00e7an\u00ebrisht lidhur me formatin e listave.<\/span><\/p>\n<p><span style=\"color: #000000;\">Manjani i cel\u00ebsoi k\u00ebt\u00eb lloj formati t\u00eb listave t\u00eb hapura dhe t\u00eb mbyllura si \u201cshpif\u00ebsir\u00eb\u201d dhe nj\u00eb m\u00ebnyr\u00eb p\u00ebr t\u00eb mbajtur status quo-n\u00eb, jo p\u00ebr t\u00eb siguruar fitore zgjedhore.<\/span><\/p>\n<p><span style=\"color: #000000;\"><em>\u201cPyetja \u00ebsht\u00eb a duan ti fitojn\u00eb zgjedhjet k\u00ebto parti. Kur ka dal\u00eb varianti i listave t\u00eb hapura dhe t\u00eb mbyllura kemi th\u00ebn\u00eb nga u gjet kjo gj\u00eb, nga u gjet kjo shpif\u00ebsir\u00eb, kjo \u00ebsht\u00eb shpif\u00ebsire ky nuk \u00ebsht\u00eb ligj ky \u00ebsht\u00eb maskarad\u00eb sepse shifeni ku jan\u00eb katandisur, kjo \u00ebsht\u00eb fiks legjitimimi i asaj q\u00eb duam t\u00eb ruajm\u00eb status quo-n\u00eb, jo t\u00eb fitojm\u00eb zgjedhje dhe kjo \u00ebsht\u00eb shum\u00eb e r\u00ebnd\u00eb p\u00ebr k\u00ebta q\u00eb duan t\u00eb vijn\u00eb n\u00eb pushtet, shum\u00eb shum\u00eb e r\u00ebnd\u00eb dhe jam i keqardhur p\u00ebr k\u00ebt\u00eb gj\u00eb.\u201d<\/em><\/span><\/p>\n<p><span style=\"color: #000000;\">Manjani ka shprehur gjithashtu habi p\u00ebr faktin se opozita beson se vota e emigrant\u00ebve nuk do t\u00eb ket\u00eb probleme, nd\u00ebrkoh\u00eb q\u00eb sistemi i votimit \u00ebsht\u00eb shum\u00eb i pasigurt.<\/span><\/p>\n<p><span style=\"color: #000000;\"><em>\u201cOre si \u00ebsht\u00eb mundur nj\u00eb parti opozitare q\u00eb t\u00eb vrapoj\u00eb me vrap, q\u00eb t\u00eb votojn\u00eb emigrant\u00ebt, por \u00ebsht\u00eb sistemi m\u00eb i pasigurt\u00eb sot. Kemi 30 vjet q\u00eb s\u2019besojm\u00eb zgjedhjet q\u00eb i shohim me sy n\u00eb kutit\u00eb e votimit dhe krejt papritur besojm\u00eb vot\u00ebn e hapur n\u00eb gjith\u00eb bot\u00ebn q\u00eb do votoj\u00eb gjith\u00eb familja dhe do na i fusin me nj\u00eb zarf\u201d,<\/em> tha Manjani.<\/span><\/p>\n<p><span style=\"color: #000000;\">P\u00ebrsa i p\u00ebrket Partis\u00eb Socialiste, Manjani ka komentuar listat e hapura t\u00eb Tiran\u00ebs, duke i quajtur kandidat\u00ebt \u201cujq\u00ebr politik\u00eb\u201d.<\/span><\/p>\n<p><span style=\"color: #000000;\">Ai ka th\u00ebn\u00eb se Rama ka nxjerr\u00eb 36 deputet\u00eb n\u00eb lista t\u00eb hapura, por ka b\u00ebr\u00eb nj\u00eb spektak\u00ebl, pasi vet\u00ebm 11 nga 74 deputet\u00ebt kan\u00eb mbetur n\u00eb pozita t\u00eb sigurta.<\/span><\/p>\n<p><span style=\"color: #000000;\"><em>\u201cKy zoteria k\u00ebtu ku Edi Rama, shife ca ka b\u00ebr\u00eb ky n\u00eb pushtet, me t\u00eb drejt\u00eb mund them, ka 74 deputet n\u00eb parlament, 24 i p\u00ebrzuri, ec mirupafshim, nj\u00eb e treta e grupit, 36 i ka nxjerr\u00eb n\u00eb list\u00eb t\u00eb hapur, dilni merrni justifikoni mandatin, shifni ca ka b\u00ebr\u00eb spektakel, dil e justifiko vot\u00ebn, jan\u00eb ujq\u00ebr ata t\u00eb gjith\u00eb absolutisht, shif list\u00ebn e hapur t\u00eb Tiran\u00ebs, ajo \u00ebsht\u00eb list\u00eb, vet\u00ebm 11 nga 74 deputet i ka l\u00ebn\u00eb n\u00eb vend t\u00eb sigurt\u00eb\u201d,<\/em> tha Manjani.<\/span><\/p>\n<p><span style=\"color: #000000;\">P\u00ebr Partin\u00eb Demokratike, Manjani tha se ka futur disa deputet\u00eb n\u00eb listat e hapura, por duke mbajtur shumic\u00ebn e grupit parlamentar n\u00eb pozita t\u00eb sigurta. Ai ka kritikuar k\u00ebt\u00eb praktik\u00eb dhe ka th\u00ebn\u00eb se \u00ebsht\u00eb nj\u00eb mas\u00eb p\u00ebr t\u00eb mbajtur kontrollin.<\/span><\/p>\n<p><span style=\"color: #000000;\"><em>\u201cPD ka p\u00ebrz\u00ebn\u00eb vet\u00ebm 11, ka futur n\u00eb list\u00ebn e hapur 13 ose m\u00eb shum\u00eb, n\u00eb mos gaboj, dhe n\u00eb list\u00ebn e sigurt ka v\u00ebn\u00eb 19, gjysm\u00ebn e grupit parlamentar, e ka \u00e7imentosur, ka r\u00ebn\u00eb viktim\u00eb e atij 30 p\u00ebrqind\u00ebshit t\u00eb listave t\u00eb atij sistemi zgjedhor q\u00eb e duartrokiten.\u201d<\/em><\/span><\/p>\n<p><span style=\"color: #000000;\">N\u00eb fund, Manjani ka mbyllur fjal\u00ebn e tij me nj\u00eb pyetje: \u201c<em>Pyetja mbetet, a duan ti fitojn\u00eb zgjedhjet k\u00ebta apo jo?\u201d<\/em><\/span><\/p>\n<div style=\"width: 720px;\" class=\"wp-video\"><video class=\"wp-video-shortcode\" id=\"video-730058-1\" width=\"720\" height=\"1280\" preload=\"metadata\" controls=\"controls\"><source type=\"video\/mp4\" src=\"https:\/\/www.hashtag.al\/wp-content\/uploads\/2025\/03\/Snapinst.app_video_AQOENgSZHPc6UJl3HtAIDiEXOzzgwrG0P4QlTN8aAFFMGpfsSts1Zv-XjZBEzQ89PQtJX0JK5ukobXeclIl5wMW7MnDJnCMWk7ljCNk-1.mp4?_=1\" \/><a href=\"https:\/\/www.hashtag.al\/wp-content\/uploads\/2025\/03\/Snapinst.app_video_AQOENgSZHPc6UJl3HtAIDiEXOzzgwrG0P4QlTN8aAFFMGpfsSts1Zv-XjZBEzQ89PQtJX0JK5ukobXeclIl5wMW7MnDJnCMWk7ljCNk-1.mp4\">https:\/\/www.hashtag.al\/wp-content\/uploads\/2025\/03\/Snapinst.app_video_AQOENgSZHPc6UJl3HtAIDiEXOzzgwrG0P4QlTN8aAFFMGpfsSts1Zv-XjZBEzQ89PQtJX0JK5ukobXeclIl5wMW7MnDJnCMWk7ljCNk-1.mp4<\/a><\/video><\/div>\n","protected":false,"gt_translate_keys":[{"key":"rendered","format":"html"}]},"excerpt":{"rendered":"<p>I ftuar n\u00eb emisionin \u201cNOW me Erla M\u00ebhillin\u201d, juristi Ylli Manjani ka shprehur kritika t\u00eb forta ndaj sistemit zgjedhor n\u00eb Shqip\u00ebri, ve\u00e7an\u00ebrisht lidhur me formatin e listave. Manjani i cel\u00ebsoi k\u00ebt\u00eb lloj formati t\u00eb listave t\u00eb hapura dhe t\u00eb mbyllura si \u201cshpif\u00ebsir\u00eb\u201d dhe nj\u00eb m\u00ebnyr\u00eb p\u00ebr t\u00eb mbajtur status quo-n\u00eb, jo p\u00ebr t\u00eb siguruar fitore [&hellip;]<\/p>\n","protected":false,"gt_translate_keys":[{"key":"rendered","format":"html"}]},"author":32,"featured_media":724936,"comment_status":"closed","ping_status":"open","sticky":false,"template":"","format":"standard","meta":{"footnotes":""},"categories":[65],"tags":[],"class_list":["post-730058","post","type-post","status-publish","format-standard","has-post-thumbnail","hentry","category-lajme"],"gt_translate_keys":[{"key":"link","format":"url"}],"_links":{"self":[{"href":"https:\/\/www.hashtag.al\/index.php\/wp-json\/wp\/v2\/posts\/730058","targetHints":{"allow":["GET"]}}],"collection":[{"href":"https:\/\/www.hashtag.al\/index.php\/wp-json\/wp\/v2\/posts"}],"about":[{"href":"https:\/\/www.hashtag.al\/index.php\/wp-json\/wp\/v2\/types\/post"}],"author":[{"embeddable":true,"href":"https:\/\/www.hashtag.al\/index.php\/wp-json\/wp\/v2\/users\/32"}],"replies":[{"embeddable":true,"href":"https:\/\/www.hashtag.al\/index.php\/wp-json\/wp\/v2\/comments?post=730058"}],"version-history":[{"count":99999,"href":"https:\/\/www.hashtag.al\/index.php\/wp-json\/wp\/v2\/posts\/730058\/revisions"}],"predecessor-version":[{"id":730062,"href":"https:\/\/www.hashtag.al\/index.php\/wp-json\/wp\/v2\/posts\/730058\/revisions\/730062"}],"wp:featuredmedia":[{"embeddable":true,"href":"https:\/\/www.hashtag.al\/index.php\/wp-json\/wp\/v2\/media\/724936"}],"wp:attachment":[{"href":"https:\/\/www.hashtag.al\/index.php\/wp-json\/wp\/v2\/media?parent=730058"}],"wp:term":[{"taxonomy":"category","embeddable":true,"href":"https:\/\/www.hashtag.al\/index.php\/wp-json\/wp\/v2\/categories?post=730058"},{"taxonomy":"post_tag","embeddable":true,"href":"https:\/\/www.hashtag.al\/index.php\/wp-json\/wp\/v2\/tags?post=730058"}],"curies":[{"name":"wp","href":"https:\/\/api.w.org\/{rel}","templated":true}]}}