{"id":729942,"date":"2025-03-13T22:33:56","date_gmt":"2025-03-13T21:33:56","guid":{"rendered":"https:\/\/www.hashtag.al\/?p=729942"},"modified":"2025-03-13T22:33:56","modified_gmt":"2025-03-13T21:33:56","slug":"vucic-thirrje-studenteve-kthehuni-ne-mesim","status":"publish","type":"post","link":"https:\/\/www.hashtag.al\/index.php\/2025\/03\/13\/vucic-thirrje-studenteve-kthehuni-ne-mesim\/","title":{"rendered":"Vu\u00e7i\u00e7 thirrje student\u00ebve: Kthehuni n\u00eb m\u00ebsim","gt_translate_keys":[{"key":"rendered","format":"text"}]},"content":{"rendered":"<p><span style=\"color: #000000;\"><img decoding=\"async\" src=\"https:\/\/www.hashtag.al\/wp-content\/uploads\/2024\/05\/vucic-768x434-1.jpg\" \/><\/span><\/p>\n<p><span style=\"color: #000000;\">Presidenti i Serbis\u00eb, Aleksandar Vu\u00e7i\u00e7, u ka b\u00ebr\u00eb thirrje student\u00ebve t\u00eb vendosur n\u00eb kampe n\u00eb qend\u00ebr t\u00eb Beogradit, t\u2019iu kthehen or\u00ebve m\u00ebsimore dhe t\u00eb shkojn\u00eb n\u00ebp\u00ebr sht\u00ebpit\u00eb e tyre t\u00eb shtun\u00ebn e 15 marsit, p\u00ebrcjell <span style=\"color: #0000ff;\"><a style=\"color: #0000ff;\" href=\"https:\/\/www.evropaelire.org\/a\/vuciq-studentve-kampe-kthehen-shpi-15-mars\/33347028.html\">Radio Evropa e Lir\u00eb<\/a><\/span>.<\/span><\/p>\n<p><span style=\"color: #000000;\">K\u00ebrkesa e Vu\u00e7i\u00e7it vjen pasi t\u00eb shtun\u00ebn Beogradi pritet t\u00eb jet\u00eb qendra e nj\u00eb tubimi masiv, t\u00eb organizuar nga student\u00eb t\u00eb tjer\u00eb, t\u00eb cil\u00ebt ka muaj q\u00eb kan\u00eb bllokuar universitetet shtet\u00ebrore, duke k\u00ebrkuar p\u00ebrgjegj\u00ebsi dhe llogaridh\u00ebnie p\u00ebr vdekjen e 15 njer\u00ebzve nga shembja e nj\u00eb strehe n\u00eb stacionin e trenit n\u00eb Novi Sad m\u00eb 1 n\u00ebntor.<\/span><\/p>\n<p><span style=\"color: #000000;\">Vu\u00e7i\u00e7 u takua me nj\u00eb grup student\u00ebsh, t\u00eb cil\u00ebt i kund\u00ebrshtojn\u00eb bllokadat e student\u00ebve, n\u00eb nd\u00ebrtes\u00ebn e Presidenc\u00ebs serbe t\u00eb enjten.<\/span><\/p>\n<p><span style=\"color: #000000;\">Ata i than\u00eb presidentit serb se do ta marrin nj\u00eb vendim p\u00ebr k\u00ebrkes\u00ebn e tij p\u00ebr t&#8217;u t\u00ebrhequr &#8220;brenda 24 or\u00ebve t\u00eb ardhshme&#8221;.<\/span><\/p>\n<p><span style=\"color: #000000;\">\u201cN\u00ebse pranoni, faleminderit shum\u00eb, do t\u00eb na leht\u00ebsoni pun\u00ebn, n\u00ebse nuk e pranoni, ne do t&#8217;i mbrojm\u00eb t\u00eb gjith\u00eb\u201d, u tha Vu\u00e7i\u00e7 atyre.<\/span><\/p>\n<p><span style=\"color: #000000;\">Gjat\u00eb bised\u00ebs, ai akuzoi edhe nj\u00eb her\u00eb organizator\u00ebt e tubimit t\u00eb s\u00eb shtun\u00ebs se \u201cd\u00ebshirojn\u00eb dhun\u00eb\u201d.<\/span><\/p>\n<p><span style=\"color: #000000;\">\u201cNe kemi dal\u00eb me plane m\u00eb t\u00eb v\u00ebshtira dhe m\u00eb t\u00eb k\u00ebqija q\u00eb nuk ju drejtohen juve, por institucioneve kompetente\u201d, tha Vu\u00e7i\u00e7, pa shpjeguar dhe pa dh\u00ebn\u00eb prova p\u00ebr k\u00ebto pretendime.<\/span><\/p>\n<p><span style=\"color: #000000;\">Vu\u00e7i\u00e7 dhe p\u00ebrfaq\u00ebsues t\u00eb tjer\u00eb t\u00eb qeveris\u00eb s\u00eb udh\u00ebhequr nga Partia Progresive Serbe kan\u00eb paralajm\u00ebruar m\u00eb par\u00eb dhun\u00eb dhe trazira n\u00eb protest\u00ebn e ardhshme m\u00eb 15 mars.<\/span><\/p>\n<p><span style=\"color: #000000;\">Tubimet masive t\u00eb organizuara nga student\u00ebt n\u00eb bllokad\u00eb n\u00eb disa qytete t\u00eb m\u00ebdha t\u00eb Serbis\u00eb deri m\u00eb tani kan\u00eb qen\u00eb paq\u00ebsore dhe n\u00eb to nuk \u00ebsht\u00eb sh\u00ebnuar asnj\u00eb incident.<\/span><\/p>\n<p><span style=\"color: #000000;\">Vu\u00e7i\u00e7 tha gjithashtu se ai do ta &#8220;b\u00ebj\u00eb m\u00eb t\u00eb mir\u00ebn&#8221; p\u00ebr t\u2019u siguruar q\u00eb situata me student\u00ebt q\u00eb k\u00ebrkojn\u00eb t\u00eb kthehen n\u00eb m\u00ebsime &#8220;t\u00eb zgjidhet deri n\u00eb prill&#8221;.<\/span><\/p>\n<p><span style=\"color: #000000;\">An\u00ebtar\u00ebt e shoqat\u00ebs s\u00eb sapothemeluar \u201cStudent\u00ebt 2.0\u201d, t\u00eb cil\u00ebt kund\u00ebrshtojn\u00eb bllokadat e fakulteteve, mbr\u00ebmjen e 6 marsit ngrit\u00ebn tenda n\u00eb parkun p\u00ebrball\u00eb Presidenc\u00ebs s\u00eb Serbis\u00eb dhe kan\u00eb paralajm\u00ebruar se aty do t\u00eb q\u00ebndrojn\u00eb deri n\u00eb plot\u00ebsimin e k\u00ebrkesave t\u00eb tyre.<\/span><\/p>\n<p><span style=\"color: #000000;\">Ata e quajn\u00eb veten student\u00eb \u201cq\u00eb duan t\u00eb m\u00ebsojn\u00eb\u201d dhe nd\u00ebr t\u00eb tjera k\u00ebrkojn\u00eb shtimin e afateve t\u00eb provimeve dhe shtyrjen e nisjes s\u00eb vitit t\u00eb ri shkollor, p\u00ebr shkak t\u00eb bllokimit t\u00eb fakulteteve.<\/span><\/p>\n<p><span style=\"color: #000000;\">Ata po ashtu k\u00ebrkojn\u00eb shkarkimin e ministres s\u00eb Arsimit, Sllavica Gjukiq Dejanoviq, moratorium p\u00ebr kredit\u00eb studentore dhe uljen e k\u00ebrkesave p\u00ebr regjistrim n\u00eb buxhet.<\/span><\/p>\n<p><span style=\"color: #000000;\">Shuplaka e kuqe \u00ebsht\u00eb b\u00ebr\u00eb simbol i protestave n\u00eb Serbi pas tragjedis\u00eb n\u00eb qytetin e Novi Sadit, nd\u00ebrsa \u201cKampi p\u00ebrball\u00eb Presidenc\u00ebs \u00ebsht\u00eb kund\u00ebrp\u00ebrgjigje ndaj bllokadave disamujore t\u00eb fakulteteve dhe protestave t\u00eb udh\u00ebhequra nga student\u00eb q\u00eb k\u00ebrkojn\u00eb p\u00ebrgjegj\u00ebsi politike p\u00ebr aksidentin n\u00eb Novi Sad.<\/span><\/p>\n<p><span style=\"color: #000000;\">Qeveria pretendon se ka plot\u00ebsuar t\u00eb gjitha k\u00ebrkesat e student\u00ebve n\u00eb bllokad\u00eb dhe k\u00ebrkon nd\u00ebrprerjen e protestave.<\/span><\/p>\n<p><span style=\"color: #000000;\">M\u00eb 6 mars, Parlamenti serb miratoi amendamentet e Ligjit q\u00eb parashikojn\u00eb nj\u00eb rritje prej 20 p\u00ebr qind t\u00eb ndarjeve buxhetore p\u00ebr arsimin e lart\u00eb. Kjo, sipas p\u00ebrfaq\u00ebsuesve t\u00eb Qeveris\u00eb, plot\u00ebson k\u00ebrkes\u00ebn e fundit, t\u00eb kat\u00ebrt, t\u00eb student\u00ebve.<\/span><\/p>\n<p><span style=\"color: #000000;\">Nj\u00eb grup ekspert\u00ebsh i formuar nga Senati i Universitetit t\u00eb Beogradit n\u00eb nj\u00eb raport m\u00eb 5 mars deklaroi se tre k\u00ebrkesat e para t\u00eb student\u00ebve nuk jan\u00eb p\u00ebrmbushur.<\/span><\/p>\n<p><span style=\"color: #000000;\">Grupi deklaroi se nuk \u00ebsht\u00eb publikuar i gjith\u00eb dokumentacioni p\u00ebr rind\u00ebrtimin e stacionit hekurudhor n\u00eb Novi Sad dhe se nuk jan\u00eb identifikuar t\u00eb gjith\u00eb personat q\u00eb sulmuan student\u00ebt gjat\u00eb bllokad\u00ebs, q\u00eb jan\u00eb k\u00ebrkesat e akademik\u00ebve n\u00eb bllokad\u00eb.<\/span><\/p>\n","protected":false,"gt_translate_keys":[{"key":"rendered","format":"html"}]},"excerpt":{"rendered":"<p>Presidenti i Serbis\u00eb, Aleksandar Vu\u00e7i\u00e7, u ka b\u00ebr\u00eb thirrje student\u00ebve t\u00eb vendosur n\u00eb kampe n\u00eb qend\u00ebr t\u00eb Beogradit, t\u2019iu kthehen or\u00ebve m\u00ebsimore dhe t\u00eb shkojn\u00eb n\u00ebp\u00ebr sht\u00ebpit\u00eb e tyre t\u00eb shtun\u00ebn e 15 marsit, p\u00ebrcjell Radio Evropa e Lir\u00eb. K\u00ebrkesa e Vu\u00e7i\u00e7it vjen pasi t\u00eb shtun\u00ebn Beogradi pritet t\u00eb jet\u00eb qendra e nj\u00eb tubimi masiv, [&hellip;]<\/p>\n","protected":false,"gt_translate_keys":[{"key":"rendered","format":"html"}]},"author":32,"featured_media":674479,"comment_status":"closed","ping_status":"open","sticky":false,"template":"","format":"standard","meta":{"footnotes":""},"categories":[149],"tags":[],"class_list":["post-729942","post","type-post","status-publish","format-standard","has-post-thumbnail","hentry","category-kosoverajon"],"gt_translate_keys":[{"key":"link","format":"url"}],"_links":{"self":[{"href":"https:\/\/www.hashtag.al\/index.php\/wp-json\/wp\/v2\/posts\/729942","targetHints":{"allow":["GET"]}}],"collection":[{"href":"https:\/\/www.hashtag.al\/index.php\/wp-json\/wp\/v2\/posts"}],"about":[{"href":"https:\/\/www.hashtag.al\/index.php\/wp-json\/wp\/v2\/types\/post"}],"author":[{"embeddable":true,"href":"https:\/\/www.hashtag.al\/index.php\/wp-json\/wp\/v2\/users\/32"}],"replies":[{"embeddable":true,"href":"https:\/\/www.hashtag.al\/index.php\/wp-json\/wp\/v2\/comments?post=729942"}],"version-history":[{"count":99999,"href":"https:\/\/www.hashtag.al\/index.php\/wp-json\/wp\/v2\/posts\/729942\/revisions"}],"predecessor-version":[{"id":729943,"href":"https:\/\/www.hashtag.al\/index.php\/wp-json\/wp\/v2\/posts\/729942\/revisions\/729943"}],"wp:featuredmedia":[{"embeddable":true,"href":"https:\/\/www.hashtag.al\/index.php\/wp-json\/wp\/v2\/media\/674479"}],"wp:attachment":[{"href":"https:\/\/www.hashtag.al\/index.php\/wp-json\/wp\/v2\/media?parent=729942"}],"wp:term":[{"taxonomy":"category","embeddable":true,"href":"https:\/\/www.hashtag.al\/index.php\/wp-json\/wp\/v2\/categories?post=729942"},{"taxonomy":"post_tag","embeddable":true,"href":"https:\/\/www.hashtag.al\/index.php\/wp-json\/wp\/v2\/tags?post=729942"}],"curies":[{"name":"wp","href":"https:\/\/api.w.org\/{rel}","templated":true}]}}