{"id":729898,"date":"2025-03-13T18:07:27","date_gmt":"2025-03-13T17:07:27","guid":{"rendered":"https:\/\/www.hashtag.al\/?p=729898"},"modified":"2025-03-13T18:07:27","modified_gmt":"2025-03-13T17:07:27","slug":"balla-ironizon-pd-ne-opozita-u-shpartallua-qe-diten-e-pare-pas-listave-te-njejta-me-ato-te-2013-es","status":"publish","type":"post","link":"https:\/\/www.hashtag.al\/index.php\/2025\/03\/13\/balla-ironizon-pd-ne-opozita-u-shpartallua-qe-diten-e-pare-pas-listave-te-njejta-me-ato-te-2013-es\/","title":{"rendered":"Balla ironizon PD-n\u00eb: Opozita u shpartallua q\u00eb dit\u00ebn e par\u00eb pas listave, t\u00eb nj\u00ebjta me ato t\u00eb 2013-\u00ebs","gt_translate_keys":[{"key":"rendered","format":"text"}]},"content":{"rendered":"<p><span style=\"color: #000000;\"><img loading=\"lazy\" decoding=\"async\" class=\"alignnone size-medium wp-image-729899\" src=\"https:\/\/www.hashtag.al\/wp-content\/uploads\/2025\/03\/Screenshot-2025-03-13-185534-300x261.png\" alt=\"\" width=\"300\" height=\"261\" srcset=\"https:\/\/www.hashtag.al\/wp-content\/uploads\/2025\/03\/Screenshot-2025-03-13-185534-300x261.png 300w, https:\/\/www.hashtag.al\/wp-content\/uploads\/2025\/03\/Screenshot-2025-03-13-185534.png 577w\" sizes=\"auto, (max-width: 300px) 100vw, 300px\" \/><\/span><\/p>\n<p><span style=\"color: #000000;\">Ministri i Shtetit p\u00ebr Marr\u00ebdh\u00ebniet me Parlamentin dhe Drejtuesi Politik i Partis\u00eb Socialiste p\u00ebr Diaspor\u00ebn, Taulant Balla, komentoi n\u00eb Kuvend list\u00ebn e kandidat\u00ebve t\u00eb opozit\u00ebs.<\/span><\/p>\n<p><span style=\"color: #000000;\">Sipas tij, listat jan\u00eb nj\u00ebsoj me ato t\u00eb vitit t\u00eb humbjes s\u00eb madhe 2013, kur Partia Demokratike humbi pushtetin.<\/span><\/p>\n<p><span style=\"color: #000000;\">Balla paralajm\u00ebroi opozit\u00ebn se do t\u00eb marr\u00eb 1 milion shuplaka m\u00eb 11 maj.\u00a0<\/span><\/p>\n<p><span style=\"color: #000000;\"><em>&#8220;K\u00ebshtu si jeni hallakatur ju sot, normale q\u00eb do t\u00eb jet\u00eb pak e v\u00ebshtir\u00eb. Un\u00eb flas p\u00ebr n\u00eb fund t\u00eb seanc\u00ebs. N\u00eb fakt, s&#8217;keni faj, u hallakat\u00ebt q\u00eb dit\u00ebn e par\u00eb, imagjinoni si do t\u00eb shkoni deri m\u00eb 11 maj. Uroj q\u00eb t\u00eb arrini deri aty. Se n\u00eb fakt, nj\u00eb gj\u00eb besoj q\u00eb duhet ta themi, meq\u00eb ishte pjes\u00eb e diskutimeve gjat\u00eb gjith\u00eb dit\u00ebs sot kjo \u00e7\u00ebshtja e listave. Ju keni ardhur m\u00eb 11 maj me t\u00eb nj\u00ebjt\u00ebn list\u00eb q\u00eb u paraqit\u00ebt n\u00eb 2013 dhe si \u00ebsht\u00eb ajo: b\u00ebj t\u00eb nj\u00ebjt\u00ebn gj\u00eb, t\u00eb nj\u00ebjt\u00ebn p\u00ebrgjigje do t\u00eb marr\u00ebsh. M\u00eb 11 maj i bie t\u00eb merrni po 1 milion shuplaka, si\u00e7 mor\u00ebt n\u00eb vitin 2013&#8221;, deklaroi Balla gjat\u00eb prezantimit t\u00eb projektligjit \u201cP\u00ebr disa shtesa dhe ndryshime n\u00eb ligjin nr. 90\/2016, \u201cP\u00ebr organizimin dhe funksionimin e Agjencis\u00eb s\u00eb Auditimit t\u00eb Programeve t\u00eb Asistenc\u00ebs, akredituar nga Bashkimi Evropian, n\u00eb Republik\u00ebn e Shqip\u00ebris\u00eb\u201d.<\/em><\/span><\/p>\n<p><span style=\"color: #000000;\">Partia Demokratike u p\u00ebrball me disa largime pas publikimit t\u00eb listave mbr\u00ebmjen e s\u00eb m\u00ebrkur\u00ebs, me pak\u00ebnaq\u00ebsi t\u00eb m\u00ebdha sa i takon futjes n\u00eb lista t\u00eb hapura t\u00eb disa emrave t\u00eb njohur t\u00eb legjislatur\u00ebs s\u00eb tanishme.<\/span><\/p>\n<p><span style=\"color: #000000;\">Detaji pikant nga salla e Kuvendit dit\u00ebn e sotme ishte boshatisja e karrigeve nga deputet\u00ebt e PD-s\u00eb, ku vet\u00ebm fare pak prej tyre ishin prezent, q\u00eb e kishin siguruar emrin n\u00eb list\u00ebn e mbyllur si besnik\u00eb t\u00eb Sali Berish\u00ebs.<\/span><\/p>\n<p><span style=\"color: #000000;\">Kjo ishte edhe nj\u00eb shenj\u00eb e qart\u00eb e p\u00ebr\u00e7arjes brenda Partis\u00eb Demokratike, pasi nj\u00eb num\u00ebr i madh i deputet\u00ebve aktual\u00eb nuk ishin n\u00eb listat e mbyllura t\u00eb partis\u00eb.<\/span><\/p>\n","protected":false,"gt_translate_keys":[{"key":"rendered","format":"html"}]},"excerpt":{"rendered":"<p>Ministri i Shtetit p\u00ebr Marr\u00ebdh\u00ebniet me Parlamentin dhe Drejtuesi Politik i Partis\u00eb Socialiste p\u00ebr Diaspor\u00ebn, Taulant Balla, komentoi n\u00eb Kuvend list\u00ebn e kandidat\u00ebve t\u00eb opozit\u00ebs. Sipas tij, listat jan\u00eb nj\u00ebsoj me ato t\u00eb vitit t\u00eb humbjes s\u00eb madhe 2013, kur Partia Demokratike humbi pushtetin. Balla paralajm\u00ebroi opozit\u00ebn se do t\u00eb marr\u00eb 1 milion shuplaka m\u00eb [&hellip;]<\/p>\n","protected":false,"gt_translate_keys":[{"key":"rendered","format":"html"}]},"author":32,"featured_media":729899,"comment_status":"closed","ping_status":"open","sticky":false,"template":"","format":"standard","meta":{"footnotes":""},"categories":[65],"tags":[],"class_list":["post-729898","post","type-post","status-publish","format-standard","has-post-thumbnail","hentry","category-lajme"],"gt_translate_keys":[{"key":"link","format":"url"}],"_links":{"self":[{"href":"https:\/\/www.hashtag.al\/index.php\/wp-json\/wp\/v2\/posts\/729898","targetHints":{"allow":["GET"]}}],"collection":[{"href":"https:\/\/www.hashtag.al\/index.php\/wp-json\/wp\/v2\/posts"}],"about":[{"href":"https:\/\/www.hashtag.al\/index.php\/wp-json\/wp\/v2\/types\/post"}],"author":[{"embeddable":true,"href":"https:\/\/www.hashtag.al\/index.php\/wp-json\/wp\/v2\/users\/32"}],"replies":[{"embeddable":true,"href":"https:\/\/www.hashtag.al\/index.php\/wp-json\/wp\/v2\/comments?post=729898"}],"version-history":[{"count":99999,"href":"https:\/\/www.hashtag.al\/index.php\/wp-json\/wp\/v2\/posts\/729898\/revisions"}],"predecessor-version":[{"id":729900,"href":"https:\/\/www.hashtag.al\/index.php\/wp-json\/wp\/v2\/posts\/729898\/revisions\/729900"}],"wp:featuredmedia":[{"embeddable":true,"href":"https:\/\/www.hashtag.al\/index.php\/wp-json\/wp\/v2\/media\/729899"}],"wp:attachment":[{"href":"https:\/\/www.hashtag.al\/index.php\/wp-json\/wp\/v2\/media?parent=729898"}],"wp:term":[{"taxonomy":"category","embeddable":true,"href":"https:\/\/www.hashtag.al\/index.php\/wp-json\/wp\/v2\/categories?post=729898"},{"taxonomy":"post_tag","embeddable":true,"href":"https:\/\/www.hashtag.al\/index.php\/wp-json\/wp\/v2\/tags?post=729898"}],"curies":[{"name":"wp","href":"https:\/\/api.w.org\/{rel}","templated":true}]}}