{"id":729333,"date":"2025-03-10T18:31:16","date_gmt":"2025-03-10T17:31:16","guid":{"rendered":"https:\/\/www.hashtag.al\/?p=729333"},"modified":"2025-03-10T18:31:16","modified_gmt":"2025-03-10T17:31:16","slug":"gjkko-le-ne-burg-perjete-fran-marashin-autorin-e-masakres-se-ures-vajgurore","status":"publish","type":"post","link":"https:\/\/www.hashtag.al\/index.php\/2025\/03\/10\/gjkko-le-ne-burg-perjete-fran-marashin-autorin-e-masakres-se-ures-vajgurore\/","title":{"rendered":"GJKKO l\u00eb n\u00eb burg p\u00ebrjet\u00eb Fran Marashin, autorin e masakr\u00ebs s\u00eb Ur\u00ebs Vajgurore","gt_translate_keys":[{"key":"rendered","format":"text"}]},"content":{"rendered":"<p><span style=\"color: #000000;\"><img decoding=\"async\" src=\"https:\/\/www.hashtag.al\/wp-content\/uploads\/2025\/03\/9780143136132.jpg\" \/><\/span><\/p>\n<p><span style=\"color: #000000;\">Gjykata e Posa\u00e7me Kund\u00ebr Korrupsionit dhe Krimit t\u00eb Organizuar (GJKKO) ka d\u00ebnuar me burgim t\u00eb p\u00ebrjetsh\u00ebm Fran Marashin p\u00ebr p\u00ebrfshirjen e tij n\u00eb masakr\u00ebn e Ur\u00ebs Vajgurore m\u00eb 17 qershor 1997, ku u vran\u00eb kat\u00ebr punonj\u00ebs policie dhe u plagos\u00ebn gjasht\u00eb t\u00eb tjer\u00eb.<\/span><\/p>\n<p><span style=\"color: #000000;\">Sipas hetimeve, pas nj\u00eb mitingu t\u00eb Partis\u00eb Socialiste, forcat e policis\u00eb, gjat\u00eb kthimit p\u00ebr n\u00eb Berat, u sulmuan me arm\u00eb zjarri rreth 150-200 metra larg vil\u00ebs s\u00eb familjes Protoduari. Nj\u00eb autoblind\u00eb e policis\u00eb u godit nga nj\u00eb predh\u00eb antitank, duke shkaktuar vdekjen e polic\u00ebve Miltiadh Ko\u00e7i, Arjan Shemuni, Asllan Selami dhe Ilia Bano, t\u00eb cil\u00ebt u dogj\u00ebn brenda mjetit. Gjithashtu, u plagos\u00ebn dy polic\u00eb t\u00eb tjer\u00eb, Thimi Tanku dhe Ylli Dhamo. Nj\u00eb qytetar i rast\u00ebsish\u00ebm, Ilir Bani, gjithashtu humbi jet\u00ebn nga t\u00eb sht\u00ebnat.<\/span><\/p>\n<p><span style=\"color: #000000;\">Fran Marashi, i cili ishte ekstraduar nga Italia n\u00eb vitin 2007, kishte k\u00ebrkuar rigjykim t\u00eb \u00e7\u00ebshtjes pas d\u00ebnimit t\u00eb tij n\u00eb munges\u00eb. N\u00eb dhjetor 2024, ai u vendos n\u00eb regjimin e posa\u00e7\u00ebm &#8220;41-Bis&#8221; n\u00eb Institucionin e Ekzekutimit t\u00eb Vendimeve Penale t\u00eb siguris\u00eb s\u00eb lart\u00eb n\u00eb Peqin p\u00ebr nj\u00eb periudh\u00eb nj\u00ebvje\u00e7are.<\/span><\/p>\n<p><span style=\"color: #000000;\">Ky vendim i GJKKO-s\u00eb mbyll nj\u00eb kapitull t\u00eb err\u00ebt t\u00eb historis\u00eb s\u00eb viteve &#8217;90 n\u00eb Shqip\u00ebri, duke sjell\u00eb drejt\u00ebsi p\u00ebr familjet e viktimave t\u00eb masakr\u00ebs s\u00eb Ur\u00ebs Vajgurore.<\/span><\/p>\n<p>&nbsp;<\/p>\n<p><span style=\"color: #000000;\"><strong>Njoftimi i GJKKO:<\/strong><\/span><img loading=\"lazy\" decoding=\"async\" style=\"color: #000000;\" src=\"https:\/\/ads2.panorama.com.al\/www\/delivery\/lg.php?bannerid=0&amp;campaignid=0&amp;zoneid=1084&amp;loc=https%3A%2F%2Fwww.panorama.com.al%2Fgjkko-denon-me-burg-te-perjetshem-fran-marashin-akuzohet-per-masakren-e-ures-vajgurore-ku-u-vrane-5-police%2F&amp;referer=https%3A%2F%2Fwww.panorama.com.al%2Fgjkko-denon-me-burg-te-perjetshem-fran-marashin-akuzohet-per-masakren-e-ures-vajgurore-ku-u-vrane-5-police%2F&amp;cb=ee4ad12ff8\" alt=\"\" width=\"0\" height=\"0\" \/><\/p>\n<ol>\n<li><span style=\"color: #000000;\">Me dat\u00eb 19.09.2023 pran\u00eb Gjykat\u00ebs s\u00eb Posa\u00e7me t\u00eb Shkall\u00ebs s\u00eb Par\u00eb p\u00ebr Korrupsionin dhe Krimin e Organizuar \u00ebsht\u00eb paraqitur p\u00ebr gjykim \u00e7\u00ebshtja penale n\u00eb ngarkim t\u00eb t\u00eb pandehurit Fran Marashi\u201d.<\/span><\/li>\n<li><span style=\"color: #000000;\">Gjykimi i k\u00ebsaj \u04ab\u00ebshtje u zhvillua me rregullat e gjykimit t\u00eb zakonsh\u00ebm. N\u00eb p\u00ebrfundim t\u00eb gjykimit, Gjykata e Posa\u00e7me e Shkall\u00ebs s\u00eb Par\u00eb p\u00ebr Korrupsionin dhe Krimin e Organizuar me trup gjykues t\u00eb p\u00ebrb\u00ebr\u00eb nga gjyqtar\u00ebt Erjon Bani, Flora Hajredinaj dhe Flojera Davidhi, me vendimin Nr. 21, dat\u00eb 10.03.2025 vendosi:<\/span><\/li>\n<li><span style=\"color: #000000;\">Deklarimin fajtor t\u00eb t\u00eb pandehurit Fran Marashi p\u00ebr kryerjen e vepr\u00ebs penale \u201cKrijimi i band\u00ebs s\u00eb armatosur dhe organizat\u00ebs kriminale\u201d, n\u00eb form\u00ebn e pjes\u00ebmarrjes n\u00eb band\u00eb t\u00eb armatosur, parashikuar nga neni 333 i Kodit Penal (ligji nr.7895 dat\u00eb 27.01.1995) dhe n\u00eb baz\u00eb t\u00eb k\u00ebtij neni d\u00ebnimin e tij me 10 (dhjet\u00eb) vjet burgim.<\/span><\/li>\n<li><span style=\"color: #000000;\">Deklarimin fajtor t\u00eb t\u00eb pandehurit Fran Marashi p\u00ebr kryerjen e vepr\u00ebs penale \u201cVrasja me dashje\u201d, n\u00eb d\u00ebm t\u00eb viktim\u00ebs I.B, e kryer n\u00eb bashk\u00ebpunim n\u00eb form\u00ebn e ve\u00e7ant\u00eb t\u00eb bashk\u00ebpunimit at\u00eb t\u00eb \u201cBand\u00ebs s\u00eb armatosur\u201d, parashikuar nga neni 76 i Kodit Penal (ligji nr.7895 dat\u00eb 27.01.1995), n\u00eb lidhje me nenet 28 paragraf\u00ebt 1, 3 dhe 4 dhe 334 paragrafi 1 i Kodit Penal (ligji nr.7895 dat\u00eb 27.01.1995) e d\u00ebnimin e tij me 20 (nj\u00ebzet) vjet burgim.<\/span><\/li>\n<li><span style=\"color: #000000;\">Deklarimin fajtor t\u00eb t\u00eb pandehurit Fran Marashi p\u00ebr kryerjen e vepr\u00ebs penale \u201cVrasja e punonj\u00ebsve t\u00eb Policis\u00eb s\u00eb Shtetit\u201d, n\u00eb d\u00ebm t\u00eb viktim\u00ebs M.K, e kryer n\u00eb bashk\u00ebpunim n\u00eb form\u00ebn e ve\u00e7ant\u00eb t\u00eb bashk\u00ebpunimit at\u00eb t\u00eb \u201cBand\u00ebs s\u00eb armatosur\u201d, parashikuar nga neni 79\/b i Kodit Penal, n\u00eb lidhje me nenet 28 paragraf\u00ebt 1, 3 dhe 4 dhe 334 paragrafi 2 i Kodit Penal (ligji nr.7895 dat\u00eb 27.01.1995) e d\u00ebnimin e tij me burgim t\u00eb p\u00ebrjetsh\u00ebm.<\/span><\/li>\n<li><span style=\"color: #000000;\">Deklarimin fajtor t\u00eb t\u00eb pandehurit Fran Marashi p\u00ebr kryerjen e vepr\u00ebs penale \u201cVrasja e punonj\u00ebsve t\u00eb Policis\u00eb s\u00eb Shtetit\u201d, n\u00eb d\u00ebm t\u00eb viktim\u00ebs A.Sh, e kryer n\u00eb bashk\u00ebpunim n\u00eb form\u00ebn e ve\u00e7ant\u00eb t\u00eb bashk\u00ebpunimit at\u00eb t\u00eb \u201cBand\u00ebs s\u00eb armatosur\u201d, parashikuar nga neni 79\/b i Kodit Penal, n\u00eb lidhje me nenet 28 paragraf\u00ebt 1, 3 dhe 4 dhe 334 paragrafi 2 i Kodit Penal (ligji nr.7895 dat\u00eb 27.01.1995) e d\u00ebnimin e tij me burgim t\u00eb p\u00ebrjetsh\u00ebm.<\/span><\/li>\n<li><span style=\"color: #000000;\">Deklarimin fajtor t\u00eb t\u00eb pandehurit Fran Marashi p\u00ebr kryerjen e vepr\u00ebs penale \u201cVrasja e punonj\u00ebsve t\u00eb Policis\u00eb s\u00eb Shtetit\u201d, n\u00eb d\u00ebm t\u00eb viktim\u00ebs A.S, e kryer n\u00eb bashk\u00ebpunim n\u00eb form\u00ebn e ve\u00e7ant\u00eb t\u00eb bashk\u00ebpunimit at\u00eb t\u00eb \u201cBand\u00ebs s\u00eb armatosur\u201d, parashikuar nga neni 79\/b i Kodit Penal, n\u00eb lidhje me nenet 28 paragraf\u00ebt 1, 3 dhe 4 dhe 334 paragrafi 2 i Kodit Penal (ligji nr.7895 dat\u00eb 27.01.1995) e d\u00ebnimin e tij me burgim t\u00eb p\u00ebrjetsh\u00ebm.<\/span><\/li>\n<li><span style=\"color: #000000;\">Deklarimin fajtor t\u00eb t\u00eb pandehurit Fran Marashi p\u00ebr kryerjen e vepr\u00ebs penale\u201cVrasja e punonj\u00ebsve t\u00eb Policis\u00eb s\u00eb Shtetit\u201d, n\u00eb d\u00ebm t\u00eb viktim\u00ebs I.B, e kryer n\u00eb bashk\u00ebpunim n\u00eb form\u00ebn e ve\u00e7ant\u00eb t\u00eb bashk\u00ebpunimit at\u00eb t\u00eb \u201cBand\u00ebs s\u00eb armatosur\u201d, parashikuar nga neni 79\/b i Kodit Penal, n\u00eb lidhje me nenin 28 paragraf\u00ebt 1, 3 dhe 4 t\u00eb Kodit Penal dhe me nenin 334 paragrafi 2 i Kodit Penal (ligji nr.7895 dat\u00eb 27.01.1995), e d\u00ebnimin e tij me burgim t\u00eb p\u00ebrjetsh\u00ebm.<\/span><\/li>\n<li><span style=\"color: #000000;\">Deklarimin fajtor t\u00eb t\u00eb pandehurit Fran Marashi p\u00ebr kryerjen e vepr\u00ebs penale\u201cVrasja e punonj\u00ebsve t\u00eb Policis\u00eb s\u00eb Shtetit\u201d, e mbetur n\u00eb tentativ\u00eb n\u00eb d\u00ebm t\u00eb viktim\u00ebs Th.T, e kryer n\u00eb bashk\u00ebpunim n\u00eb form\u00ebn e ve\u00e7ant\u00eb t\u00eb bashk\u00ebpunimit at\u00eb t\u00eb \u201cBand\u00ebs s\u00eb armatosur\u201d, parashikuar nga nenet 79\/b dhe 22 i Kodit Penal, n\u00eb lidhje me nenin 28 paragraf\u00ebt 1, 3 dhe 4 dhe me nenin 334 paragrafi 2 i Kodit Penal (ligji nr.7895 dat\u00eb 27.01.1995) e d\u00ebnimin e tij me 35 (tridhjete e pes\u00eb) vjet burgim.<\/span><\/li>\n<li><span style=\"color: #000000;\">Deklarimin fajtor t\u00eb t\u00eb pandehurit Fran Marashi p\u00ebr kryerjen e vepr\u00ebs penale\u201cVrasja e punonj\u00ebsve t\u00eb Policis\u00eb s\u00eb Shtetit\u201d, e mbetur n\u00eb tentativ\u00eb n\u00eb d\u00ebm t\u00eb viktim\u00ebs Y.Dh, parashikuar nga nenet 79\/b dhe 22 i Kodit Penal, n\u00eb lidhje me nenin 28 paragraf\u00ebt 1, 3 dhe 4 dhe me nenin 334 paragrafi 2 i Kodit Penal (ligji nr.7895 dat\u00eb 27.01.1995) e d\u00ebnimin e tij me 35 (tridhjete e pes\u00eb) vjet burgim.<\/span><\/li>\n<li><span style=\"color: #000000;\">Deklarimin fajtor t\u00eb t\u00eb pandehurit Fran Marashi p\u00ebr kryerjen e vepr\u00ebs penale\u201cHeqja e paligjshme e liris\u00eb\u201d, n\u00eb d\u00ebm t\u00eb viktim\u00ebs K.B, e kryer n\u00eb bashk\u00ebpunim n\u00eb form\u00ebn e ve\u00e7ant\u00eb t\u00eb bashk\u00ebpunimit at\u00eb t\u00eb \u201cBand\u00ebs s\u00eb armatosur\u201d, parashikuar nga neni 110 paragrafi 2 i Kodit Penal (ligji nr.7895 dat\u00eb 27.01.1995), n\u00eb lidhje me nenin 28 paragraf\u00ebt 1, 3 dhe 4 t\u00eb Kodit Penal dhe me nenin 334 pika \u201cI\u201d t\u00eb Kodit Penal (ligji nr.7895 dat\u00eb 27.01.1995), e d\u00ebnimin e tij me 8 (tet\u00eb) vjet burgim.<\/span><\/li>\n<li><span style=\"color: #000000;\">Bazuar n\u00eb nenin 55 t\u00eb Kodit Penal n\u00eb bashkim t\u00eb d\u00ebnimeve, i pandehuri Fran Marashi, p\u00ebrfundimisht d\u00ebnohet me nj\u00eb d\u00ebnim t\u00eb vet\u00ebm me burgim t\u00eb p\u00ebrjetsh\u00ebm.<\/span><\/li>\n<li><span style=\"color: #000000;\">Vuajtja e d\u00ebnimit t\u00eb kryhet nga i pandehuri Fran Marashi n\u00eb nj\u00eb burg t\u00eb siguris\u00eb s\u00eb lart\u00eb, n\u00eb respektim t\u00eb nenit 16 pika 1, g\u00ebrma \u201ca\u201d t\u00eb Ligjit Nr. 81\/2020 \u201cP\u00cbR T\u00cb DREJTAT DHE TRAJTIMIN E T\u00cb D\u00cbNUARVE ME BURGIM DHE T\u00cb PARABURGOSURVE\u201d.<\/span><\/li>\n<li><span style=\"color: #000000;\">Shpenzimet proceduriale t\u00eb kryera gjat\u00eb gjykimit sipas formularit bashk\u00eblidhur t\u2019i ngarkohen t\u00eb pandehurit Fran Marashi. <\/span><\/li>\n<li><span style=\"color: #000000;\">Kund\u00ebr k\u00ebtij vendimi mund t\u00eb b\u00ebhet ankim n\u00eb Gjykat\u00ebn e Posa\u04abme t\u00eb Apelit p\u00ebr Korrupsionin dhe Krimin e Organizuar, brenda 15 (pes\u00ebmb\u00ebdhjet\u00eb) dit\u00ebve, duke filluar ky afat nga e nes\u00ebrmja e njoftimit t\u00eb k\u00ebtij vendimi.<\/span><\/li>\n<\/ol>\n","protected":false,"gt_translate_keys":[{"key":"rendered","format":"html"}]},"excerpt":{"rendered":"<p>Gjykata e Posa\u00e7me Kund\u00ebr Korrupsionit dhe Krimit t\u00eb Organizuar (GJKKO) ka d\u00ebnuar me burgim t\u00eb p\u00ebrjetsh\u00ebm Fran Marashin p\u00ebr p\u00ebrfshirjen e tij n\u00eb masakr\u00ebn e Ur\u00ebs Vajgurore m\u00eb 17 qershor 1997, ku u vran\u00eb kat\u00ebr punonj\u00ebs policie dhe u plagos\u00ebn gjasht\u00eb t\u00eb tjer\u00eb. Sipas hetimeve, pas nj\u00eb mitingu t\u00eb Partis\u00eb Socialiste, forcat e policis\u00eb, gjat\u00eb [&hellip;]<\/p>\n","protected":false,"gt_translate_keys":[{"key":"rendered","format":"html"}]},"author":32,"featured_media":729334,"comment_status":"closed","ping_status":"open","sticky":false,"template":"","format":"standard","meta":{"footnotes":""},"categories":[65,13],"tags":[],"class_list":["post-729333","post","type-post","status-publish","format-standard","has-post-thumbnail","hentry","category-lajme","category-te-fundit"],"gt_translate_keys":[{"key":"link","format":"url"}],"_links":{"self":[{"href":"https:\/\/www.hashtag.al\/index.php\/wp-json\/wp\/v2\/posts\/729333","targetHints":{"allow":["GET"]}}],"collection":[{"href":"https:\/\/www.hashtag.al\/index.php\/wp-json\/wp\/v2\/posts"}],"about":[{"href":"https:\/\/www.hashtag.al\/index.php\/wp-json\/wp\/v2\/types\/post"}],"author":[{"embeddable":true,"href":"https:\/\/www.hashtag.al\/index.php\/wp-json\/wp\/v2\/users\/32"}],"replies":[{"embeddable":true,"href":"https:\/\/www.hashtag.al\/index.php\/wp-json\/wp\/v2\/comments?post=729333"}],"version-history":[{"count":99999,"href":"https:\/\/www.hashtag.al\/index.php\/wp-json\/wp\/v2\/posts\/729333\/revisions"}],"predecessor-version":[{"id":729338,"href":"https:\/\/www.hashtag.al\/index.php\/wp-json\/wp\/v2\/posts\/729333\/revisions\/729338"}],"wp:featuredmedia":[{"embeddable":true,"href":"https:\/\/www.hashtag.al\/index.php\/wp-json\/wp\/v2\/media\/729334"}],"wp:attachment":[{"href":"https:\/\/www.hashtag.al\/index.php\/wp-json\/wp\/v2\/media?parent=729333"}],"wp:term":[{"taxonomy":"category","embeddable":true,"href":"https:\/\/www.hashtag.al\/index.php\/wp-json\/wp\/v2\/categories?post=729333"},{"taxonomy":"post_tag","embeddable":true,"href":"https:\/\/www.hashtag.al\/index.php\/wp-json\/wp\/v2\/tags?post=729333"}],"curies":[{"name":"wp","href":"https:\/\/api.w.org\/{rel}","templated":true}]}}