{"id":729120,"date":"2025-03-09T15:19:15","date_gmt":"2025-03-09T14:19:15","guid":{"rendered":"https:\/\/www.hashtag.al\/?p=729120"},"modified":"2025-03-09T15:19:15","modified_gmt":"2025-03-09T14:19:15","slug":"cilet-jane-deri-tani-emrat-qe-perfliten-si-kandidate-te-ps-se-per-zgjedhjet-e-11-majit","status":"publish","type":"post","link":"https:\/\/www.hashtag.al\/index.php\/2025\/03\/09\/cilet-jane-deri-tani-emrat-qe-perfliten-si-kandidate-te-ps-se-per-zgjedhjet-e-11-majit\/","title":{"rendered":"Cil\u00ebt jan\u00eb deri tani emrat q\u00eb p\u00ebrfliten si kandidat\u00eb t\u00eb PS-s\u00eb p\u00ebr zgjedhjet e 11 majit","gt_translate_keys":[{"key":"rendered","format":"text"}]},"content":{"rendered":"<p><img loading=\"lazy\" decoding=\"async\" class=\"aligncenter size-full wp-image-729121\" src=\"https:\/\/www.hashtag.al\/wp-content\/uploads\/2025\/03\/DeWatermark.ai_1741529907820.png\" alt=\"\" width=\"780\" height=\"440\" srcset=\"https:\/\/www.hashtag.al\/wp-content\/uploads\/2025\/03\/DeWatermark.ai_1741529907820.png 780w, https:\/\/www.hashtag.al\/wp-content\/uploads\/2025\/03\/DeWatermark.ai_1741529907820-300x169.png 300w, https:\/\/www.hashtag.al\/wp-content\/uploads\/2025\/03\/DeWatermark.ai_1741529907820-768x433.png 768w\" sizes=\"auto, (max-width: 780px) 100vw, 780px\" \/><\/p>\n<p><span style=\"color: #000000;\">Nd\u00ebrsa Rama vijon takimet me drejtuesit e PS-s\u00eb n\u00eb 12 qarqet e vendit, kan\u00eb dal\u00eb disa nga emrat q\u00eb p\u00ebrfliten si kandidat\u00eb p\u00ebr zgjedhjet e 11 majit. N\u00eb Shkod\u00ebr, ku drejtues politik \u00ebsht\u00eb Benet Beci, emrat e deritanish\u00ebm jan\u00eb Majlinda Angoni, Onid Bejleri e Frrok Gjini, shkruan <span style=\"color: #0000ff;\"><a style=\"color: #0000ff;\" href=\"https:\/\/shqiptarja.com\/lajm\/dita-e-trete-rama-vijon-sot-takimet-me-drejtuesit-politike-te-qarqeve-per-listen-e-kandidateve-per-deputete-te-ps?r=kh1\">Shqiptarja<\/a><\/span>.<\/span><\/p>\n<p><span style=\"color: #000000;\">N\u00eb qarkun Vlor\u00eb q\u00eb drejtohet nga Bledi \u00c7u\u00e7i, emrat e kandidat\u00ebve q\u00eb p\u00ebrfliten jan\u00eb Bledi \u00c7u\u00e7i, ministri Pirro Vengu, ministrja Anila Denaj e Plator Nesturi.<\/span><\/p>\n<p><span style=\"color: #000000;\">N\u00eb qarkun Gjirokast\u00ebr, emrat e mundsh\u00ebm p\u00ebr kandidat\u00eb kan\u00eb drejtuesja e qarkut ministrja Kumbaro, kryebashiaku i Tepelen\u00ebs T\u00ebrmet Pe\u00e7i e Edjon Maliqi.<\/span><\/p>\n<p><span style=\"color: #000000;\">N\u00eb Lezh\u00eb, ku drejtues politik \u00ebsht\u00eb ministri i Drejt\u00ebsis\u00eb Manja, ku p\u00ebrve\u00e7 tij n\u00eb list\u00eb mund t\u00eb jet\u00eb, Ermal Pacaj e Pranvera Skana.<\/span><\/p>\n<p><span style=\"color: #000000;\">N\u00eb qarkun Kor\u00e7\u00eb, p\u00ebrve\u00e7 drejtuesit politik, ministrit Peleshi, mund t\u00eb jen\u00eb kandidat\u00eb deputet\u00ebt Ilir Pendavinji, Ilir Topi e Enslemvera Zake si dhe Bledi \u00c7omo.<\/span><\/p>\n","protected":false,"gt_translate_keys":[{"key":"rendered","format":"html"}]},"excerpt":{"rendered":"<p>Nd\u00ebrsa Rama vijon takimet me drejtuesit e PS-s\u00eb n\u00eb 12 qarqet e vendit, kan\u00eb dal\u00eb disa nga emrat q\u00eb p\u00ebrfliten si kandidat\u00eb p\u00ebr zgjedhjet e 11 majit. N\u00eb Shkod\u00ebr, ku drejtues politik \u00ebsht\u00eb Benet Beci, emrat e deritanish\u00ebm jan\u00eb Majlinda Angoni, Onid Bejleri e Frrok Gjini, shkruan Shqiptarja. N\u00eb qarkun Vlor\u00eb q\u00eb drejtohet nga Bledi [&hellip;]<\/p>\n","protected":false,"gt_translate_keys":[{"key":"rendered","format":"html"}]},"author":51,"featured_media":729121,"comment_status":"closed","ping_status":"open","sticky":false,"template":"","format":"standard","meta":{"footnotes":""},"categories":[65],"tags":[],"class_list":["post-729120","post","type-post","status-publish","format-standard","has-post-thumbnail","hentry","category-lajme"],"gt_translate_keys":[{"key":"link","format":"url"}],"_links":{"self":[{"href":"https:\/\/www.hashtag.al\/index.php\/wp-json\/wp\/v2\/posts\/729120","targetHints":{"allow":["GET"]}}],"collection":[{"href":"https:\/\/www.hashtag.al\/index.php\/wp-json\/wp\/v2\/posts"}],"about":[{"href":"https:\/\/www.hashtag.al\/index.php\/wp-json\/wp\/v2\/types\/post"}],"author":[{"embeddable":true,"href":"https:\/\/www.hashtag.al\/index.php\/wp-json\/wp\/v2\/users\/51"}],"replies":[{"embeddable":true,"href":"https:\/\/www.hashtag.al\/index.php\/wp-json\/wp\/v2\/comments?post=729120"}],"version-history":[{"count":99999,"href":"https:\/\/www.hashtag.al\/index.php\/wp-json\/wp\/v2\/posts\/729120\/revisions"}],"predecessor-version":[{"id":729122,"href":"https:\/\/www.hashtag.al\/index.php\/wp-json\/wp\/v2\/posts\/729120\/revisions\/729122"}],"wp:featuredmedia":[{"embeddable":true,"href":"https:\/\/www.hashtag.al\/index.php\/wp-json\/wp\/v2\/media\/729121"}],"wp:attachment":[{"href":"https:\/\/www.hashtag.al\/index.php\/wp-json\/wp\/v2\/media?parent=729120"}],"wp:term":[{"taxonomy":"category","embeddable":true,"href":"https:\/\/www.hashtag.al\/index.php\/wp-json\/wp\/v2\/categories?post=729120"},{"taxonomy":"post_tag","embeddable":true,"href":"https:\/\/www.hashtag.al\/index.php\/wp-json\/wp\/v2\/tags?post=729120"}],"curies":[{"name":"wp","href":"https:\/\/api.w.org\/{rel}","templated":true}]}}