{"id":729115,"date":"2025-03-09T14:42:01","date_gmt":"2025-03-09T13:42:01","guid":{"rendered":"https:\/\/www.hashtag.al\/?p=729115"},"modified":"2025-03-09T14:42:01","modified_gmt":"2025-03-09T13:42:01","slug":"greve-24-oreshe-te-henen-bllokohen-aeroportet-kryesore-ne-gjermani","status":"publish","type":"post","link":"https:\/\/www.hashtag.al\/index.php\/2025\/03\/09\/greve-24-oreshe-te-henen-bllokohen-aeroportet-kryesore-ne-gjermani\/","title":{"rendered":"Grev\u00eb 24 or\u00ebshe t\u00eb h\u00ebn\u00ebn, bllokohen aeroportet kryesore n\u00eb Gjermani","gt_translate_keys":[{"key":"rendered","format":"text"}]},"content":{"rendered":"<p><img loading=\"lazy\" decoding=\"async\" class=\"aligncenter size-full wp-image-729116\" src=\"https:\/\/www.hashtag.al\/wp-content\/uploads\/2025\/03\/aeroport.jpg\" alt=\"\" width=\"1024\" height=\"683\" srcset=\"https:\/\/www.hashtag.al\/wp-content\/uploads\/2025\/03\/aeroport.jpg 1024w, https:\/\/www.hashtag.al\/wp-content\/uploads\/2025\/03\/aeroport-300x200.jpg 300w, https:\/\/www.hashtag.al\/wp-content\/uploads\/2025\/03\/aeroport-768x512.jpg 768w\" sizes=\"auto, (max-width: 1024px) 100vw, 1024px\" \/><\/p>\n<p><span style=\"color: #000000;\">Pothuajse t\u00eb gjitha aeroportet gjermane, p\u00ebrfshir\u00eb ato n\u00eb qendrat kryesore t\u00eb vendit n\u00eb Frankfurt, Mynih dhe Berlin, p\u00ebrballen me nd\u00ebrprerje t\u00eb h\u00ebn\u00ebn pasi sindikata e pun\u00ebs Ver.di i b\u00ebri thirrje personelit tok\u00ebsor, mbajt\u00ebsve t\u00eb bagazheve dhe stafit t\u00eb siguris\u00eb p\u00ebr t\u00eb hyr\u00eb n\u00eb nj\u00eb grev\u00eb nj\u00ebditore, shkruan Bloomberg.<\/span><\/p>\n<p><span style=\"color: #000000;\">Priten kufizime t\u00eb m\u00ebdha p\u00ebr nisjet dhe mb\u00ebrritjet, p\u00ebrfshir\u00eb anulimet e p\u00ebrhapura t\u00eb fluturimeve. N\u00eb p\u00ebrgjith\u00ebsi, grevat do fillojn\u00eb t\u00eb diel\u00ebn n\u00eb mbr\u00ebmje dhe do p\u00ebrfundojn\u00eb 24 or\u00eb m\u00eb von\u00eb, tha sindikata n\u00eb nj\u00eb deklarat\u00eb t\u00eb diel\u00ebn. Aeroporti i Hamburgut \u00ebsht\u00eb tashm\u00eb i mbyllur p\u00ebr shkak t\u00eb grev\u00ebs, sipas faqes s\u00eb tij t\u00eb internetit.<\/span><\/p>\n<p><span style=\"color: #000000;\"><em>\u201cGrevat po nd\u00ebrpresin nj\u00eb vend t\u00eb t\u00ebr\u00eb nga trafiku ajror,\u201d<\/em> tha Ralph Beisel, drejtor menaxhues i shoqat\u00ebs s\u00eb aeroportit ADV.<\/span><\/p>\n<p><span style=\"color: #000000;\"><em>\u201cI b\u00ebjm\u00eb thirrje Ver.di-t t\u00eb marr\u00eb n\u00eb konsiderat\u00eb interesat e pasagjer\u00ebve dhe t\u00eb k\u00ebrkoj\u00eb nj\u00eb zgjidhje miq\u00ebsore n\u00eb tryez\u00ebn e bisedimeve.\u201d<\/em><\/span><\/p>\n<p><span style=\"color: #000000;\">Sindikata, e cila p\u00ebrfaq\u00ebson rreth 2 milion\u00eb pun\u00ebtor\u00eb, jav\u00ebn e kaluar shprehu mb\u00ebshtetje p\u00ebr planet gjith\u00ebp\u00ebrfshir\u00ebse t\u00eb reform\u00ebs fiskale nga kancelari n\u00eb pritje i Gjermanis\u00eb, Friedrich Merz, duke th\u00ebn\u00eb se kjo do ndihmonte n\u00eb modernizimin e infrastruktur\u00ebs s\u00eb shkat\u00ebrruar t\u00eb vendit. Ekonomia m\u00eb e madhe e Evrop\u00ebs ka planifikuar investime t\u00eb financuara nga borxhi prej 500 miliard\u00eb euro gjat\u00eb 10 viteve dhe planifikon t\u00eb rris\u00eb shpenzimet e mbrojtjes n\u00eb nj\u00eb shkall\u00eb t\u00eb madhe.<\/span><\/p>\n<p><span style=\"color: #000000;\">K\u00ebrkesat e sindikat\u00ebs p\u00ebrfshijn\u00eb paga m\u00eb t\u00eb larta, m\u00eb shum\u00eb dit\u00eb pushimi dhe kufizime n\u00eb kontratat e p\u00ebrkohshme.<\/span><\/p>\n<p><span style=\"color: #000000;\"><em>\u201cMe grevat e tyre paralajm\u00ebruese t\u00eb h\u00ebn\u00ebn, punonj\u00ebsit do tregojn\u00eb se jan\u00eb serioz\u00eb p\u00ebr p\u00ebrmir\u00ebsimin e kushteve t\u00eb tyre t\u00eb pun\u00ebs\u201d<\/em>, tha n\u00eb deklarat\u00eb Wolfgang Pieper, kryenegociatori i Ver.di.<\/span><\/p>\n","protected":false,"gt_translate_keys":[{"key":"rendered","format":"html"}]},"excerpt":{"rendered":"<p>Pothuajse t\u00eb gjitha aeroportet gjermane, p\u00ebrfshir\u00eb ato n\u00eb qendrat kryesore t\u00eb vendit n\u00eb Frankfurt, Mynih dhe Berlin, p\u00ebrballen me nd\u00ebrprerje t\u00eb h\u00ebn\u00ebn pasi sindikata e pun\u00ebs Ver.di i b\u00ebri thirrje personelit tok\u00ebsor, mbajt\u00ebsve t\u00eb bagazheve dhe stafit t\u00eb siguris\u00eb p\u00ebr t\u00eb hyr\u00eb n\u00eb nj\u00eb grev\u00eb nj\u00ebditore, shkruan Bloomberg. Priten kufizime t\u00eb m\u00ebdha p\u00ebr nisjet dhe [&hellip;]<\/p>\n","protected":false,"gt_translate_keys":[{"key":"rendered","format":"html"}]},"author":51,"featured_media":729116,"comment_status":"closed","ping_status":"open","sticky":false,"template":"","format":"standard","meta":{"footnotes":""},"categories":[53],"tags":[],"class_list":["post-729115","post","type-post","status-publish","format-standard","has-post-thumbnail","hentry","category-fast-foodi"],"gt_translate_keys":[{"key":"link","format":"url"}],"_links":{"self":[{"href":"https:\/\/www.hashtag.al\/index.php\/wp-json\/wp\/v2\/posts\/729115","targetHints":{"allow":["GET"]}}],"collection":[{"href":"https:\/\/www.hashtag.al\/index.php\/wp-json\/wp\/v2\/posts"}],"about":[{"href":"https:\/\/www.hashtag.al\/index.php\/wp-json\/wp\/v2\/types\/post"}],"author":[{"embeddable":true,"href":"https:\/\/www.hashtag.al\/index.php\/wp-json\/wp\/v2\/users\/51"}],"replies":[{"embeddable":true,"href":"https:\/\/www.hashtag.al\/index.php\/wp-json\/wp\/v2\/comments?post=729115"}],"version-history":[{"count":99999,"href":"https:\/\/www.hashtag.al\/index.php\/wp-json\/wp\/v2\/posts\/729115\/revisions"}],"predecessor-version":[{"id":729117,"href":"https:\/\/www.hashtag.al\/index.php\/wp-json\/wp\/v2\/posts\/729115\/revisions\/729117"}],"wp:featuredmedia":[{"embeddable":true,"href":"https:\/\/www.hashtag.al\/index.php\/wp-json\/wp\/v2\/media\/729116"}],"wp:attachment":[{"href":"https:\/\/www.hashtag.al\/index.php\/wp-json\/wp\/v2\/media?parent=729115"}],"wp:term":[{"taxonomy":"category","embeddable":true,"href":"https:\/\/www.hashtag.al\/index.php\/wp-json\/wp\/v2\/categories?post=729115"},{"taxonomy":"post_tag","embeddable":true,"href":"https:\/\/www.hashtag.al\/index.php\/wp-json\/wp\/v2\/tags?post=729115"}],"curies":[{"name":"wp","href":"https:\/\/api.w.org\/{rel}","templated":true}]}}