{"id":729043,"date":"2025-03-08T21:05:21","date_gmt":"2025-03-08T20:05:21","guid":{"rendered":"https:\/\/www.hashtag.al\/?p=729043"},"modified":"2025-03-08T21:05:21","modified_gmt":"2025-03-08T20:05:21","slug":"gjendet-i-pajete-ne-dhomat-e-zhveshjes-mjeku-i-ekipit-te-barcelones-anulohet-ndeshja","status":"publish","type":"post","link":"https:\/\/www.hashtag.al\/index.php\/2025\/03\/08\/gjendet-i-pajete-ne-dhomat-e-zhveshjes-mjeku-i-ekipit-te-barcelones-anulohet-ndeshja\/","title":{"rendered":"Gjendet i pajet\u00eb n\u00eb dhomat e zhveshjes mjeku i ekipit t\u00eb Barcelon\u00ebs, anulohet ndeshja","gt_translate_keys":[{"key":"rendered","format":"text"}]},"content":{"rendered":"<p><span style=\"color: #000000;\"><img loading=\"lazy\" decoding=\"async\" class=\"aligncenter size-full wp-image-729044\" src=\"https:\/\/www.hashtag.al\/wp-content\/uploads\/2025\/03\/IMG_6074-585x450-1.jpeg\" alt=\"\" width=\"585\" height=\"450\" srcset=\"https:\/\/www.hashtag.al\/wp-content\/uploads\/2025\/03\/IMG_6074-585x450-1.jpeg 585w, https:\/\/www.hashtag.al\/wp-content\/uploads\/2025\/03\/IMG_6074-585x450-1-300x231.jpeg 300w\" sizes=\"auto, (max-width: 585px) 100vw, 585px\" \/><\/span><\/p>\n<p><span style=\"color: #000000;\">Ndeshja e La Liga mes Barcelon\u00ebs dhe Osasun\u00ebs, e cila ishte planifikuar t\u00eb zhvillohej sot, \u00ebsht\u00eb shtyr\u00eb n\u00eb m\u00ebnyr\u00eb t\u00eb papritur. Vendimi u mor pas nj\u00eb komunikimi nga presidenti i Barcelon\u00ebs, Joan Laporta, i cili iu njoftoi ekipit dhe stafit se sfida nuk do t\u00eb zhvillohej.<\/span><\/p>\n<p><span style=\"color: #000000;\">Pavar\u00ebsisht se dy skuadrat kishin publikuar formacionet dhe portier\u00ebt ishin duke u ngrohur, Laporta hyri n\u00eb dhomat e zhveshjeve dhe u informoi se ndeshja do t\u00eb shtyhej. Arsyet e k\u00ebtij vendimi u b\u00ebn\u00eb t\u00eb ditura pas pak minutash, kur u njoftua se mjeku i ekipit t\u00eb Barcelon\u00ebs, Karlos Minarro Garsia, ka nd\u00ebrruar jet\u00eb n\u00eb pasditen e sotme.<\/span><\/p>\n<blockquote class=\"twitter-tweet\">\n<p dir=\"ltr\" lang=\"zxx\"><a href=\"https:\/\/t.co\/KMFdEU1UxW\">pic.twitter.com\/KMFdEU1UxW<\/a><\/p>\n<p>\u2014 FC Barcelona (@FCBarcelona) <a href=\"https:\/\/twitter.com\/FCBarcelona\/status\/1898459368313532609?ref_src=twsrc%5Etfw\">March 8, 2025<\/a><\/p><\/blockquote>\n<p><script async src=\"https:\/\/platform.twitter.com\/widgets.js\" charset=\"utf-8\"><\/script><\/p>\n","protected":false,"gt_translate_keys":[{"key":"rendered","format":"html"}]},"excerpt":{"rendered":"<p>Ndeshja e La Liga mes Barcelon\u00ebs dhe Osasun\u00ebs, e cila ishte planifikuar t\u00eb zhvillohej sot, \u00ebsht\u00eb shtyr\u00eb n\u00eb m\u00ebnyr\u00eb t\u00eb papritur. Vendimi u mor pas nj\u00eb komunikimi nga presidenti i Barcelon\u00ebs, Joan Laporta, i cili iu njoftoi ekipit dhe stafit se sfida nuk do t\u00eb zhvillohej. Pavar\u00ebsisht se dy skuadrat kishin publikuar formacionet dhe portier\u00ebt [&hellip;]<\/p>\n","protected":false,"gt_translate_keys":[{"key":"rendered","format":"html"}]},"author":49,"featured_media":729044,"comment_status":"closed","ping_status":"open","sticky":false,"template":"","format":"standard","meta":{"footnotes":""},"categories":[134],"tags":[],"class_list":["post-729043","post","type-post","status-publish","format-standard","has-post-thumbnail","hentry","category-sport"],"gt_translate_keys":[{"key":"link","format":"url"}],"_links":{"self":[{"href":"https:\/\/www.hashtag.al\/index.php\/wp-json\/wp\/v2\/posts\/729043","targetHints":{"allow":["GET"]}}],"collection":[{"href":"https:\/\/www.hashtag.al\/index.php\/wp-json\/wp\/v2\/posts"}],"about":[{"href":"https:\/\/www.hashtag.al\/index.php\/wp-json\/wp\/v2\/types\/post"}],"author":[{"embeddable":true,"href":"https:\/\/www.hashtag.al\/index.php\/wp-json\/wp\/v2\/users\/49"}],"replies":[{"embeddable":true,"href":"https:\/\/www.hashtag.al\/index.php\/wp-json\/wp\/v2\/comments?post=729043"}],"version-history":[{"count":99999,"href":"https:\/\/www.hashtag.al\/index.php\/wp-json\/wp\/v2\/posts\/729043\/revisions"}],"predecessor-version":[{"id":729046,"href":"https:\/\/www.hashtag.al\/index.php\/wp-json\/wp\/v2\/posts\/729043\/revisions\/729046"}],"wp:featuredmedia":[{"embeddable":true,"href":"https:\/\/www.hashtag.al\/index.php\/wp-json\/wp\/v2\/media\/729044"}],"wp:attachment":[{"href":"https:\/\/www.hashtag.al\/index.php\/wp-json\/wp\/v2\/media?parent=729043"}],"wp:term":[{"taxonomy":"category","embeddable":true,"href":"https:\/\/www.hashtag.al\/index.php\/wp-json\/wp\/v2\/categories?post=729043"},{"taxonomy":"post_tag","embeddable":true,"href":"https:\/\/www.hashtag.al\/index.php\/wp-json\/wp\/v2\/tags?post=729043"}],"curies":[{"name":"wp","href":"https:\/\/api.w.org\/{rel}","templated":true}]}}