{"id":728854,"date":"2025-03-07T19:53:42","date_gmt":"2025-03-07T18:53:42","guid":{"rendered":"https:\/\/www.hashtag.al\/?p=728854"},"modified":"2025-03-07T19:53:42","modified_gmt":"2025-03-07T18:53:42","slug":"polonia-ben-te-detyrueshme-stervitjen-ushtarake-per-burrat","status":"publish","type":"post","link":"https:\/\/www.hashtag.al\/index.php\/2025\/03\/07\/polonia-ben-te-detyrueshme-stervitjen-ushtarake-per-burrat\/","title":{"rendered":"Polonia b\u00ebn t\u00eb detyrueshme st\u00ebrvitjen ushtarake p\u00ebr burrat","gt_translate_keys":[{"key":"rendered","format":"text"}]},"content":{"rendered":"<p><span style=\"color: #000000;\"><img decoding=\"async\" src=\"https:\/\/www.hashtag.al\/wp-content\/uploads\/2018\/11\/GettyImages-1052447690-714x485.jpg\" \/><\/span><\/p>\n<p><span style=\"color: #000000;\">Kryeministri i Polonis\u00eb, Donald Tusk, ka deklaruar se po punohet p\u00ebr t\u00eb b\u00ebr\u00eb t\u00eb detyrueshme st\u00ebrvitjen ushtarake p\u00ebr t\u00eb gjith\u00eb burrat n\u00eb vend.<\/span><\/p>\n<p><span style=\"color: #000000;\">N\u00eb nj\u00eb fjalim para parlamentit polak, ai tha se qeveria do t\u00eb jap\u00eb detaje t\u00eb plota mbi k\u00ebt\u00eb plan gjat\u00eb muajve t\u00eb ardhsh\u00ebm.<\/span><\/p>\n<p><span style=\"color: #000000;\"><em>&#8220;Po b\u00ebhen p\u00ebrpjekje p\u00ebr t\u00eb p\u00ebrgatitur nj\u00eb program st\u00ebrvitjeje ushtarake n\u00eb shkall\u00eb t\u00eb gjer\u00eb p\u00ebr \u00e7do burr\u00eb t\u00eb rritur n\u00eb Poloni,&#8221;<\/em> tha Tusk.<\/span><\/p>\n<p><span style=\"color: #000000;\"><em>&#8220;Synojm\u00eb q\u00eb deri n\u00eb fund t\u00eb k\u00ebtij viti t\u00eb kemi nj\u00eb model t\u00eb gatsh\u00ebm, n\u00eb m\u00ebnyr\u00eb q\u00eb \u00e7do burr\u00eb i rritur t\u00eb jet\u00eb i p\u00ebrgatitur p\u00ebr luft\u00eb, dhe q\u00eb rezervist\u00ebt t\u00eb jen\u00eb n\u00eb nivelin e duhur p\u00ebr t&#8217;u p\u00ebrballur me k\u00ebrc\u00ebnimet e mundshme.&#8221;<\/em><\/span><\/p>\n<p><span style=\"color: #000000;\">Tusk tha se ushtria ukrainase ka rreth 800,000 trupa, nd\u00ebrsa Rusia ka rreth 1.3 milion\u00eb ushtar\u00eb. Ai synon t\u00eb rris\u00eb numrin e ushtris\u00eb polake, p\u00ebrfshir\u00eb rezervist\u00ebt, nga rreth 200,000 aktualisht n\u00eb 500,000 trupa.<\/span><\/p>\n<p><span style=\"color: #000000;\"><em>&#8220;Ne po flasim p\u00ebr nevoj\u00ebn p\u00ebr t\u00eb pasur nj\u00eb ushtri prej gjysm\u00eb milioni ushtar\u00ebsh n\u00eb Poloni, p\u00ebrfshir\u00eb rezervist\u00ebt,&#8221;<\/em> tha ai.<\/span><\/p>\n<p><span style=\"color: #000000;\"><em>&#8220;N\u00ebse organizojm\u00eb gjith\u00e7ka si\u00e7 duhet, do t\u00eb duhet t\u00eb ndjekim disa drejtime veprimi \u2013 p\u00ebrfshir\u00eb jo vet\u00ebm aktivizimin e rezervist\u00ebve, por edhe st\u00ebrvitje intensive p\u00ebr ata q\u00eb nuk jan\u00eb pjes\u00eb e ushtris\u00eb, n\u00eb m\u00ebnyr\u00eb q\u00eb t\u00eb jen\u00eb ushtar\u00eb t\u00eb aft\u00eb dhe t\u00eb gatsh\u00ebm p\u00ebr luft\u00eb,&#8221;<\/em> shtoi ai.<\/span><\/p>\n<p><span style=\"color: #000000;\">Tusk tha se edhe grat\u00eb mund t\u00eb p\u00ebrfshihen n\u00eb st\u00ebrvitje ushtarake, por vuri n\u00eb dukje se &#8220;lufta, n\u00eb nj\u00eb mas\u00eb m\u00eb t\u00eb madhe, mbetet nj\u00eb domen i burrave&#8221;.<\/span><\/p>\n<p><span style=\"color: #000000;\">Ai gjithashtu theksoi se qeveria po shqyrton me kujdes propozimin e Franc\u00ebs p\u00ebr t\u00eb p\u00ebrfshir\u00eb Europ\u00ebn n\u00ebn &#8220;ombrell\u00ebn&#8221; e saj b\u00ebrthamore.<\/span><\/p>\n<p><span style=\"color: #000000;\"><em>&#8220;Dua t\u00eb di sakt\u00ebsisht \u00e7far\u00eb do t\u00eb thot\u00eb kjo n\u00eb lidhje me kontrollin dhe autoritetin mbi k\u00ebto arm\u00eb,&#8221;<\/em> tha ai.<\/span><\/p>\n<p><span style=\"color: #000000;\">Tusk kujtoi se Ukraina u pushtua pasi hoqi dor\u00eb nga arsenali i saj b\u00ebrthamor dhe shtoi se Polonia do t\u00eb d\u00ebshironte t\u00eb kishte arm\u00eb b\u00ebrthamore, megjith\u00ebse nj\u00eb skenar i till\u00eb mbetet i larg\u00ebt.<\/span><\/p>\n<p><span style=\"color: #000000;\"><em>&#8220;\u00cbsht\u00eb e qart\u00eb se do t\u00eb ndiheshim m\u00eb t\u00eb sigurt n\u00ebse do t\u00eb kishim arsenal b\u00ebrthamor. Por rruga p\u00ebr ta arritur k\u00ebt\u00eb \u00ebsht\u00eb shum\u00eb e gjat\u00eb dhe do t\u00eb k\u00ebrkonte konsensus t\u00eb gjer\u00eb,&#8221;<\/em> u shpreh ai.<\/span><\/p>\n<p><span style=\"color: #000000;\">Polonia tashm\u00eb ka planifikuar t\u00eb shpenzoj\u00eb 4.7% t\u00eb prodhimit t\u00eb saj t\u00eb brendsh\u00ebm bruto (PBB) p\u00ebr mbrojtjen k\u00ebt\u00eb vit, p\u00ebrqindja m\u00eb e lart\u00eb brenda NATO-s. Tusk sugjeroi se shpenzimet duhet t\u00eb rriten n\u00eb 5% t\u00eb PBB-s\u00eb.<\/span><\/p>\n<p><span style=\"color: #000000;\">M\u00eb her\u00ebt, presidenti Andrzej Duda propozoi ndryshime kushtetuese p\u00ebr ta b\u00ebr\u00eb t\u00eb detyruesh\u00ebm financimin e mbrojtjes n\u00eb nivelin 4% t\u00eb PBB-s\u00eb.<\/span><\/p>\n<p><span style=\"color: #000000;\">Gjithashtu, kryeministri polak shprehu mb\u00ebshtetjen e tij p\u00ebr daljen e Polonis\u00eb nga Konventa e Otav\u00ebs, e cila ndalon p\u00ebrdorimin e minave antipersonale, dhe ndoshta edhe nga Konventa e Dublinit, e cila ndalon p\u00ebrdorimin e municioneve kasetore.<\/span><\/p>\n<p><span style=\"color: #000000;\">Q\u00eb nga fillimi i pushtimit rus t\u00eb Ukrain\u00ebs n\u00eb vitin 2022, Polonia ka rritur ndjesh\u00ebm shpenzimet e saj p\u00ebr mbrojtjen. Varshava ka n\u00ebnshkruar kontrata ushtarake me vler\u00eb rreth 20 miliard\u00eb dollar\u00eb me SHBA-n\u00eb p\u00ebr t\u00eb bler\u00eb 250 tanke M1A2 Abrams, 32 avion\u00eb luftarak\u00eb F-35, 96 helikopter\u00eb Apache, raketa Javelin dhe sisteme artilerie me raketa.<\/span><\/p>\n<p><span style=\"color: #000000;\">Polonia ka n\u00ebnshkruar gjithashtu marr\u00ebveshje me Koren\u00eb e Jugut p\u00ebr t\u00eb bler\u00eb tanke K2 dhe avion\u00eb luftarak\u00eb FA-50.<\/span><\/p>\n<p><span style=\"color: #000000;\">Pas vendimit t\u00eb fundit t\u00eb ish-presidentit amerikan Donald Trump p\u00ebr t\u00eb pezulluar furnizimet ushtarake p\u00ebr Ukrain\u00ebn, mes polak\u00ebve po rritet shqet\u00ebsimi p\u00ebr sigurin\u00eb e tyre n\u00eb t\u00eb ardhmen.<\/span><\/p>\n<p><span style=\"color: #000000;\">Miros\u0142aw Kaznowski, n\u00ebnkryetari i bashkis\u00eb s\u00eb Milan\u00f3wek, nj\u00eb qytet i vog\u00ebl pran\u00eb Varshav\u00ebs, tha p\u00ebr <span style=\"color: #0000ff;\"><a style=\"color: #0000ff;\" href=\"https:\/\/www.bbc.com\/news\/articles\/cy83r93l208o\">BBC<\/a> <\/span>se nj\u00eb mik i tij ka vendosur t\u00eb investoj\u00eb n\u00eb nj\u00eb biznes p\u00ebr nd\u00ebrtimin e strehimoreve t\u00eb lira n\u00ebntok\u00ebsore p\u00ebr biznese dhe sht\u00ebpi private, duke shtuar se interesi p\u00ebr to \u00ebsht\u00eb shum\u00eb i lart\u00eb.<\/span><\/p>\n","protected":false,"gt_translate_keys":[{"key":"rendered","format":"html"}]},"excerpt":{"rendered":"<p>Kryeministri i Polonis\u00eb, Donald Tusk, ka deklaruar se po punohet p\u00ebr t\u00eb b\u00ebr\u00eb t\u00eb detyrueshme st\u00ebrvitjen ushtarake p\u00ebr t\u00eb gjith\u00eb burrat n\u00eb vend. N\u00eb nj\u00eb fjalim para parlamentit polak, ai tha se qeveria do t\u00eb jap\u00eb detaje t\u00eb plota mbi k\u00ebt\u00eb plan gjat\u00eb muajve t\u00eb ardhsh\u00ebm. &#8220;Po b\u00ebhen p\u00ebrpjekje p\u00ebr t\u00eb p\u00ebrgatitur nj\u00eb program st\u00ebrvitjeje [&hellip;]<\/p>\n","protected":false,"gt_translate_keys":[{"key":"rendered","format":"html"}]},"author":32,"featured_media":247677,"comment_status":"closed","ping_status":"open","sticky":false,"template":"","format":"standard","meta":{"footnotes":""},"categories":[6],"tags":[],"class_list":["post-728854","post","type-post","status-publish","format-standard","has-post-thumbnail","hentry","category-nderkombetare"],"gt_translate_keys":[{"key":"link","format":"url"}],"_links":{"self":[{"href":"https:\/\/www.hashtag.al\/index.php\/wp-json\/wp\/v2\/posts\/728854","targetHints":{"allow":["GET"]}}],"collection":[{"href":"https:\/\/www.hashtag.al\/index.php\/wp-json\/wp\/v2\/posts"}],"about":[{"href":"https:\/\/www.hashtag.al\/index.php\/wp-json\/wp\/v2\/types\/post"}],"author":[{"embeddable":true,"href":"https:\/\/www.hashtag.al\/index.php\/wp-json\/wp\/v2\/users\/32"}],"replies":[{"embeddable":true,"href":"https:\/\/www.hashtag.al\/index.php\/wp-json\/wp\/v2\/comments?post=728854"}],"version-history":[{"count":99999,"href":"https:\/\/www.hashtag.al\/index.php\/wp-json\/wp\/v2\/posts\/728854\/revisions"}],"predecessor-version":[{"id":728858,"href":"https:\/\/www.hashtag.al\/index.php\/wp-json\/wp\/v2\/posts\/728854\/revisions\/728858"}],"wp:featuredmedia":[{"embeddable":true,"href":"https:\/\/www.hashtag.al\/index.php\/wp-json\/wp\/v2\/media\/247677"}],"wp:attachment":[{"href":"https:\/\/www.hashtag.al\/index.php\/wp-json\/wp\/v2\/media?parent=728854"}],"wp:term":[{"taxonomy":"category","embeddable":true,"href":"https:\/\/www.hashtag.al\/index.php\/wp-json\/wp\/v2\/categories?post=728854"},{"taxonomy":"post_tag","embeddable":true,"href":"https:\/\/www.hashtag.al\/index.php\/wp-json\/wp\/v2\/tags?post=728854"}],"curies":[{"name":"wp","href":"https:\/\/api.w.org\/{rel}","templated":true}]}}