{"id":728656,"date":"2025-03-06T21:29:43","date_gmt":"2025-03-06T20:29:43","guid":{"rendered":"https:\/\/www.hashtag.al\/?p=728656"},"modified":"2025-03-06T21:47:38","modified_gmt":"2025-03-06T20:47:38","slug":"lus-perendine-qe-altin-dumani-te-kutoje-se-po-perdoret-ngavartes-medioker-e-hakmarres-veliaj","status":"publish","type":"post","link":"https:\/\/www.hashtag.al\/index.php\/2025\/03\/06\/lus-perendine-qe-altin-dumani-te-kutoje-se-po-perdoret-ngavartes-medioker-e-hakmarres-veliaj\/","title":{"rendered":"\u201cLus Per\u00ebndin\u00eb q\u00eb Altin Dumani t\u00eb kuptoj\u00eb se po p\u00ebrdoret nga vart\u00ebs mediok\u00ebr e hakmarr\u00ebs\u201d &#8211; Veliaj","gt_translate_keys":[{"key":"rendered","format":"text"}]},"content":{"rendered":"<p><img loading=\"lazy\" decoding=\"async\" class=\"aligncenter size-full wp-image-728657\" src=\"https:\/\/www.hashtag.al\/wp-content\/uploads\/2025\/03\/1741291780_veliaj-e1741292967254.jpg\" alt=\"\" width=\"780\" height=\"395\" srcset=\"https:\/\/www.hashtag.al\/wp-content\/uploads\/2025\/03\/1741291780_veliaj-e1741292967254.jpg 780w, https:\/\/www.hashtag.al\/wp-content\/uploads\/2025\/03\/1741291780_veliaj-e1741292967254-300x152.jpg 300w, https:\/\/www.hashtag.al\/wp-content\/uploads\/2025\/03\/1741291780_veliaj-e1741292967254-768x389.jpg 768w\" sizes=\"auto, (max-width: 780px) 100vw, 780px\" \/><\/p>\n<p><span style=\"color: #000000;\">Kryebashkiaku i Tiran\u00ebs Erion Veliaj tha mbr\u00ebmjen e sotme se shpreson q\u00eb kreu i SPAK-ut Altin Dumani t\u00eb kthjellohet se si po p\u00ebrdoret nga vart\u00ebsit mediok\u00ebr si Olsi Dado, t\u00eb cil\u00ebt e kan\u00eb v\u00ebn\u00eb drejt\u00ebsin\u00eb n\u00eb sh\u00ebrbim t\u00eb interesave t\u00eb tyre personale.<\/span><\/p>\n<p><span style=\"color: #000000;\">N\u00eb intervist\u00ebn e dh\u00ebn\u00eb nga burgu i Durr\u00ebsit ku q\u00ebndron prej disa jav\u00ebsh, Veliaj l\u00ebshoi akuza t\u00eb forta ndaj prokurorit t\u00eb \u00e7\u00ebshtjes ndaj tij Olsi Dado duke th\u00ebn\u00eb se \u00ebsht\u00eb n\u00eb konflikt interesi dhe se po hakmerret p\u00ebr shkak se nuk mori kate shtes\u00eb n\u00eb nj\u00eb pallat te Rruga e Kavaj\u00ebs.<\/span><\/p>\n<p><span style=\"color: #000000;\"><em>\u201cEnde lus Per\u00ebndin\u00eb q\u00eb nj\u00eb dit\u00eb Altin Dumani do kuptoj\u00eb se si po p\u00ebrdoret nga vart\u00ebsit mediok\u00ebr e hakmarr\u00ebs p\u00ebr hesapet e tyre personale. Po e p\u00ebrdorin si Pilatin p\u00ebr Barab\u00ebn. Zoti e ndri\u00e7oft\u00eb!\u201d<\/em> &#8211; tha Veliaj.<\/span><\/p>\n","protected":false,"gt_translate_keys":[{"key":"rendered","format":"html"}]},"excerpt":{"rendered":"<p>Kryebashkiaku i Tiran\u00ebs Erion Veliaj tha mbr\u00ebmjen e sotme se shpreson q\u00eb kreu i SPAK-ut Altin Dumani t\u00eb kthjellohet se si po p\u00ebrdoret nga vart\u00ebsit mediok\u00ebr si Olsi Dado, t\u00eb cil\u00ebt e kan\u00eb v\u00ebn\u00eb drejt\u00ebsin\u00eb n\u00eb sh\u00ebrbim t\u00eb interesave t\u00eb tyre personale. N\u00eb intervist\u00ebn e dh\u00ebn\u00eb nga burgu i Durr\u00ebsit ku q\u00ebndron prej disa jav\u00ebsh, [&hellip;]<\/p>\n","protected":false,"gt_translate_keys":[{"key":"rendered","format":"html"}]},"author":51,"featured_media":728657,"comment_status":"closed","ping_status":"open","sticky":false,"template":"","format":"standard","meta":{"footnotes":""},"categories":[65],"tags":[],"class_list":["post-728656","post","type-post","status-publish","format-standard","has-post-thumbnail","hentry","category-lajme"],"gt_translate_keys":[{"key":"link","format":"url"}],"_links":{"self":[{"href":"https:\/\/www.hashtag.al\/index.php\/wp-json\/wp\/v2\/posts\/728656","targetHints":{"allow":["GET"]}}],"collection":[{"href":"https:\/\/www.hashtag.al\/index.php\/wp-json\/wp\/v2\/posts"}],"about":[{"href":"https:\/\/www.hashtag.al\/index.php\/wp-json\/wp\/v2\/types\/post"}],"author":[{"embeddable":true,"href":"https:\/\/www.hashtag.al\/index.php\/wp-json\/wp\/v2\/users\/51"}],"replies":[{"embeddable":true,"href":"https:\/\/www.hashtag.al\/index.php\/wp-json\/wp\/v2\/comments?post=728656"}],"version-history":[{"count":99999,"href":"https:\/\/www.hashtag.al\/index.php\/wp-json\/wp\/v2\/posts\/728656\/revisions"}],"predecessor-version":[{"id":728667,"href":"https:\/\/www.hashtag.al\/index.php\/wp-json\/wp\/v2\/posts\/728656\/revisions\/728667"}],"wp:featuredmedia":[{"embeddable":true,"href":"https:\/\/www.hashtag.al\/index.php\/wp-json\/wp\/v2\/media\/728657"}],"wp:attachment":[{"href":"https:\/\/www.hashtag.al\/index.php\/wp-json\/wp\/v2\/media?parent=728656"}],"wp:term":[{"taxonomy":"category","embeddable":true,"href":"https:\/\/www.hashtag.al\/index.php\/wp-json\/wp\/v2\/categories?post=728656"},{"taxonomy":"post_tag","embeddable":true,"href":"https:\/\/www.hashtag.al\/index.php\/wp-json\/wp\/v2\/tags?post=728656"}],"curies":[{"name":"wp","href":"https:\/\/api.w.org\/{rel}","templated":true}]}}