{"id":728653,"date":"2025-03-06T21:35:48","date_gmt":"2025-03-06T20:35:48","guid":{"rendered":"https:\/\/www.hashtag.al\/?p=728653"},"modified":"2025-03-06T21:40:43","modified_gmt":"2025-03-06T20:40:43","slug":"zelensky-takon-macron-me-11-mars-takim-ne-paris-mes-vendeve-qe-duan-te-ofrojne-garanci-sigurie-per-ukrainen","status":"publish","type":"post","link":"https:\/\/www.hashtag.al\/index.php\/2025\/03\/06\/zelensky-takon-macron-me-11-mars-takim-ne-paris-mes-vendeve-qe-duan-te-ofrojne-garanci-sigurie-per-ukrainen\/","title":{"rendered":"Zelensky takon Macron, takimi i rradh\u00ebs do t\u00eb mbahet m\u00eb 11 mars n\u00eb Paris","gt_translate_keys":[{"key":"rendered","format":"text"}]},"content":{"rendered":"<p><span style=\"color: #000000;\"><img decoding=\"async\" src=\"https:\/\/www.hashtag.al\/wp-content\/uploads\/2025\/03\/Capture-8.jpg\" \/><\/span><\/p>\n<p><span style=\"color: #000000;\">Presidenti i Ukrain\u00ebs Volodymyr Zelensky ka dh\u00ebn\u00eb detaje nga takimi q\u00eb zhvilloi t\u00eb enjten n\u00eb Bruksel, n\u00eb Samitin e K\u00ebshillit t\u00eb Evrop\u00ebs.<\/span><\/p>\n<p><span style=\"color: #000000;\">N\u00eb nj\u00eb postim n\u00eb rrjetin social X, Zelensky nd\u00ebr t\u00eb tjera shpreh fal\u00ebnderimet ndaj Macron, \u201cp\u00ebr q\u00ebndrimin e tij t\u00eb qart\u00eb dhe parimor n\u00eb mb\u00ebshtetje t\u00eb Ukrain\u00ebs dhe p\u00ebr nevoj\u00ebn e masave t\u00eb reja dhe m\u00eb serioze p\u00ebr t\u00eb mbrojtur t\u00eb gjith\u00eb Evrop\u00ebn: popujt tan\u00eb, institucionet tona dhe stilin ton\u00eb evropian t\u00eb jetes\u00ebs\u201d.<\/span><\/p>\n<p><span style=\"color: #000000;\"><em>\u201cKam zhvilluar nj\u00eb takim t\u00eb ve\u00e7ant\u00eb me presidentin francez Emmanuel Macron n\u00eb kuad\u00ebr t\u00eb mbledhjes s\u00eb K\u00ebshillit Evropian, q\u00eb u mbajt sot n\u00eb Bruksel. E fal\u00ebnderova Emmanuelin p\u00ebr q\u00ebndrimin e tij t\u00eb qart\u00eb dhe parimor n\u00eb mb\u00ebshtetje t\u00eb Ukrain\u00ebs dhe p\u00ebr nevoj\u00ebn e masave t\u00eb reja dhe m\u00eb serioze p\u00ebr t\u00eb mbrojtur t\u00eb gjith\u00eb Evrop\u00ebn: popujt tan\u00eb, institucionet tona dhe stilin ton\u00eb evropian t\u00eb jetes\u00ebs. Diskutuam p\u00ebr takimin q\u00eb po p\u00ebrgatitet p\u00ebr m\u00eb 11 mars, n\u00eb nivel t\u00eb p\u00ebrfaq\u00ebsuesve ushtarak\u00eb t\u00eb vendeve q\u00eb jan\u00eb t\u00eb gatshme t\u00eb b\u00ebjn\u00eb p\u00ebrpjekje m\u00eb t\u00eb m\u00ebdha p\u00ebr t\u00eb garantuar n\u00eb m\u00ebnyr\u00eb t\u00eb besueshme sigurin\u00eb n\u00eb kuad\u00ebr t\u00eb p\u00ebrfundimit t\u00eb k\u00ebsaj lufte,\u201d<\/em> shkroi Zelensky.<\/span><\/p>\n<p><span style=\"color: #000000;\"><em>\u201cKoordinuam q\u00ebndrimet dhe hapat e ardhsh\u00ebm. Kemi nj\u00eb vizion t\u00eb p\u00ebrbashk\u00ebt dhe t\u00eb qart\u00eb: nj\u00eb paqe e v\u00ebrtet\u00eb dhe e q\u00ebndrueshme \u00ebsht\u00eb e mundur p\u00ebrmes bashk\u00ebpunimit mes Ukrain\u00ebs, gjith\u00eb Evrop\u00ebs dhe Amerik\u00ebs. Lufta duhet t\u00eb p\u00ebrfundoj\u00eb sa m\u00eb shpejt t\u00eb jet\u00eb e mundur,\u201d<\/em> shtoi ai.<\/span><\/p>\n<blockquote class=\"twitter-tweet\">\n<p dir=\"ltr\" lang=\"en\"><span style=\"color: #000000;\">I had a meeting with French President <a style=\"color: #000000;\" href=\"https:\/\/twitter.com\/EmmanuelMacron?ref_src=twsrc%5Etfw\">@EmmanuelMacron<\/a> on the sidelines of the European Council meeting today in Brussels. I thanked Emmanuel for his clear and principled stance in support of Ukraine and the need for new, more substantial steps to protect our entire Europe\u2014our\u2026 <a style=\"color: #000000;\" href=\"https:\/\/t.co\/lulIKiXAKI\">pic.twitter.com\/lulIKiXAKI<\/a><\/span><\/p>\n<p><span style=\"color: #000000;\">\u2014 Volodymyr Zelenskyy \/ \u0412\u043e\u043b\u043e\u0434\u0438\u043c\u0438\u0440 \u0417\u0435\u043b\u0435\u043d\u0441\u044c\u043a\u0438\u0439 (@ZelenskyyUa) <a style=\"color: #000000;\" href=\"https:\/\/twitter.com\/ZelenskyyUa\/status\/1897694203154518399?ref_src=twsrc%5Etfw\">March 6, 2025<\/a><\/span><\/p><\/blockquote>\n<p><span style=\"color: #000000;\"><script async src=\"https:\/\/platform.twitter.com\/widgets.js\" charset=\"utf-8\"><\/script><\/span><\/p>\n<p>&nbsp;<\/p>\n","protected":false,"gt_translate_keys":[{"key":"rendered","format":"html"}]},"excerpt":{"rendered":"<p>Presidenti i Ukrain\u00ebs Volodymyr Zelensky ka dh\u00ebn\u00eb detaje nga takimi q\u00eb zhvilloi t\u00eb enjten n\u00eb Bruksel, n\u00eb Samitin e K\u00ebshillit t\u00eb Evrop\u00ebs. N\u00eb nj\u00eb postim n\u00eb rrjetin social X, Zelensky nd\u00ebr t\u00eb tjera shpreh fal\u00ebnderimet ndaj Macron, \u201cp\u00ebr q\u00ebndrimin e tij t\u00eb qart\u00eb dhe parimor n\u00eb mb\u00ebshtetje t\u00eb Ukrain\u00ebs dhe p\u00ebr nevoj\u00ebn e masave t\u00eb [&hellip;]<\/p>\n","protected":false,"gt_translate_keys":[{"key":"rendered","format":"html"}]},"author":32,"featured_media":728663,"comment_status":"closed","ping_status":"open","sticky":false,"template":"","format":"standard","meta":{"footnotes":""},"categories":[6],"tags":[],"class_list":["post-728653","post","type-post","status-publish","format-standard","has-post-thumbnail","hentry","category-nderkombetare"],"gt_translate_keys":[{"key":"link","format":"url"}],"_links":{"self":[{"href":"https:\/\/www.hashtag.al\/index.php\/wp-json\/wp\/v2\/posts\/728653","targetHints":{"allow":["GET"]}}],"collection":[{"href":"https:\/\/www.hashtag.al\/index.php\/wp-json\/wp\/v2\/posts"}],"about":[{"href":"https:\/\/www.hashtag.al\/index.php\/wp-json\/wp\/v2\/types\/post"}],"author":[{"embeddable":true,"href":"https:\/\/www.hashtag.al\/index.php\/wp-json\/wp\/v2\/users\/32"}],"replies":[{"embeddable":true,"href":"https:\/\/www.hashtag.al\/index.php\/wp-json\/wp\/v2\/comments?post=728653"}],"version-history":[{"count":99999,"href":"https:\/\/www.hashtag.al\/index.php\/wp-json\/wp\/v2\/posts\/728653\/revisions"}],"predecessor-version":[{"id":728665,"href":"https:\/\/www.hashtag.al\/index.php\/wp-json\/wp\/v2\/posts\/728653\/revisions\/728665"}],"wp:featuredmedia":[{"embeddable":true,"href":"https:\/\/www.hashtag.al\/index.php\/wp-json\/wp\/v2\/media\/728663"}],"wp:attachment":[{"href":"https:\/\/www.hashtag.al\/index.php\/wp-json\/wp\/v2\/media?parent=728653"}],"wp:term":[{"taxonomy":"category","embeddable":true,"href":"https:\/\/www.hashtag.al\/index.php\/wp-json\/wp\/v2\/categories?post=728653"},{"taxonomy":"post_tag","embeddable":true,"href":"https:\/\/www.hashtag.al\/index.php\/wp-json\/wp\/v2\/tags?post=728653"}],"curies":[{"name":"wp","href":"https:\/\/api.w.org\/{rel}","templated":true}]}}