{"id":728624,"date":"2025-03-06T19:55:44","date_gmt":"2025-03-06T18:55:44","guid":{"rendered":"https:\/\/www.hashtag.al\/?p=728624"},"modified":"2025-03-06T19:55:44","modified_gmt":"2025-03-06T18:55:44","slug":"rusia-paralajmeron-macron-te-mos-ta-kercenoje","status":"publish","type":"post","link":"https:\/\/www.hashtag.al\/index.php\/2025\/03\/06\/rusia-paralajmeron-macron-te-mos-ta-kercenoje\/","title":{"rendered":"Rusia paralajm\u00ebron Macron t\u00eb mos ta k\u00ebrc\u00ebnoj\u00eb","gt_translate_keys":[{"key":"rendered","format":"text"}]},"content":{"rendered":"<p><span style=\"color: #000000;\"><img loading=\"lazy\" decoding=\"async\" class=\"alignnone size-medium wp-image-700078\" src=\"https:\/\/www.hashtag.al\/wp-content\/uploads\/2024\/09\/macron-300x169.jpg\" alt=\"\" width=\"300\" height=\"169\" srcset=\"https:\/\/www.hashtag.al\/wp-content\/uploads\/2024\/09\/macron-300x169.jpg 300w, https:\/\/www.hashtag.al\/wp-content\/uploads\/2024\/09\/macron.jpg 768w\" sizes=\"auto, (max-width: 300px) 100vw, 300px\" \/><\/span><\/p>\n<p><span style=\"color: #000000;\">Rusia paralajm\u00ebroi presidentin francez Emmanuel Macron q\u00eb t\u00eb mos e k\u00ebrc\u00ebnonte at\u00eb me retorik\u00eb b\u00ebrthamore dhe, duke e quajtur &#8220;Micron&#8221;, p\u00ebrjashtoi propozimet evropiane p\u00ebr t\u00eb d\u00ebrguar forca paqeruajt\u00ebse nga an\u00ebtar\u00ebt e NATO-s n\u00eb Ukrain\u00eb, p\u00ebrcjell <a href=\"https:\/\/www.reuters.com\/world\/europe\/russias-medvedev-mocks-macron-warning-says-french-leader-wont-be-missed-2025-03-05\/\"><span style=\"color: #0000ff;\">Reuters<\/span><\/a>.<\/span><\/p>\n<p><span style=\"color: #000000;\">Macron tha n\u00eb nj\u00eb fjalim drejtuar kombit t\u00eb m\u00ebrkur\u00ebn se Rusia \u00ebsht\u00eb nj\u00eb k\u00ebrc\u00ebnim p\u00ebr Evrop\u00ebn, Parisi mund t\u00eb diskutoj\u00eb shtrirjen e ombrell\u00ebs s\u00eb tij b\u00ebrthamore p\u00ebr aleat\u00ebt dhe se ai do t\u00eb mbaj\u00eb nj\u00eb takim t\u00eb shefave t\u00eb ushtris\u00eb nga vendet evropiane q\u00eb jan\u00eb t\u00eb gatsh\u00ebm t\u00eb d\u00ebrgojn\u00eb trupa paqeruajt\u00ebse n\u00eb Ukrain\u00eb pas nj\u00eb marr\u00ebveshjeje paqeje.<\/span><\/p>\n<p><span style=\"color: #000000;\">Kremlini u shpreh se fjalimi ishte jasht\u00ebzakonisht konfrontues dhe se Macron d\u00ebshironte q\u00eb lufta n\u00eb Ukrain\u00eb t\u00eb vazhdonte.<\/span><\/p>\n<p><span style=\"color: #000000;\"><em>&#8220;Ky (fjalim) \u00ebsht\u00eb, sigurisht, nj\u00eb k\u00ebrc\u00ebnim kund\u00ebr Rusis\u00eb,&#8221;<\/em> tha ministri i jasht\u00ebm Sergei Lavrov.<\/span><br \/>\n<span style=\"color: #000000;\"><em>\u201cNdryshe nga paraardh\u00ebsit e tyre, t\u00eb cil\u00ebt gjithashtu donin t\u00eb luftonin kund\u00ebr Rusis\u00eb, Napoleonit, Hitlerit, zoti Macron nuk vepron me shum\u00eb hijeshi, sepse t\u00eb pakt\u00ebn ata e than\u00eb tro\u00e7: \u201cDuhet t\u00eb pushtojm\u00eb Rusin\u00eb, duhet ta mposhtim Rusin\u00eb\u201d.<\/em><\/span><\/p>\n<p><span style=\"color: #000000;\">Pushtimi rus i Ukrain\u00ebs ka \u00e7uar n\u00eb konfrontimin m\u00eb t\u00eb madh midis Per\u00ebndimit dhe Rusis\u00eb q\u00eb nga kriza e raketave Kubane e vitit 1962, dhe Kremlini dhe Sht\u00ebpia e Bardh\u00eb kan\u00eb th\u00ebn\u00eb se hapat e gabuar mund t\u00eb shkaktojn\u00eb Luft\u00ebn e Tret\u00eb Bot\u00ebrore.<\/span><\/p>\n<p><span style=\"color: #000000;\">Rusia dhe Shtetet e Bashkuara jan\u00eb fuqit\u00eb m\u00eb t\u00eb m\u00ebdha b\u00ebrthamore n\u00eb bot\u00eb, me mbi 5000 koka b\u00ebrthamore secila. Kina ka rreth 500, Franca ka 290 dhe Britania 225, sipas Federat\u00ebs s\u00eb Shkenc\u00ebtar\u00ebve Amerikan\u00eb.<\/span><\/p>\n<p><span style=\"color: #000000;\">Zyrtar\u00ebt dhe ligjv\u00ebn\u00ebsit rus\u00eb akuzuan Macron-in p\u00ebr retorik\u00eb q\u00eb mund ta shtyj\u00eb bot\u00ebn m\u00eb pran\u00eb humner\u00ebs. Karikaturat ruse e shfaqnin at\u00eb si Napoleon Bonapartin q\u00eb udh\u00ebtonte drejt humbjes n\u00eb Rusi n\u00eb 1812.<\/span><\/p>\n<p><span style=\"color: #000000;\"><em>&#8220;Megjithat\u00eb, vet\u00eb Micron nuk p\u00ebrb\u00ebn nj\u00eb k\u00ebrc\u00ebnim t\u00eb madh. Ai do t\u00eb zhduket p\u00ebrgjithmon\u00eb jo m\u00eb von\u00eb se 14 maj 2027. Dhe nuk do t\u00eb mungoj\u00eb,&#8221; <\/em>shkroi ish-presidenti Dmitry Medvedev n\u00eb X, duke pritur fundin e mandatit t\u00eb Macron.<\/span><\/p>\n<p><span style=\"color: #000000;\">Z\u00ebdh\u00ebn\u00ebsja e Ministris\u00eb s\u00eb Jashtme Maria Zakharova sugjeroi se Macron mund t\u00eb d\u00ebshironte ndihm\u00eb p\u00ebr t\u00eb matur madh\u00ebsin\u00eb e tij t\u00eb v\u00ebrtet\u00eb ushtarake dhe ministria e saj tha se fjalimi i tij p\u00ebrmbante &#8220;nota t\u00eb shantazhit b\u00ebrthamor&#8221; dhe p\u00ebrb\u00ebnte nj\u00eb k\u00ebrc\u00ebnim t\u00eb drejtuar ndaj Rusis\u00eb.<\/span><\/p>\n<p><span style=\"color: #000000;\"><em>&#8220;Ambiciet e Parisit p\u00ebr t&#8217;u b\u00ebr\u00eb &#8220;patron&#8221; b\u00ebrthamor i t\u00eb gjith\u00eb Evrop\u00ebs kan\u00eb shp\u00ebrthyer n\u00eb t\u00eb hapur, duke i siguruar atij &#8220;ombrell\u00ebn b\u00ebrthamore&#8221; t\u00eb tij, pothuajse p\u00ebr t\u00eb z\u00ebvend\u00ebsuar at\u00eb amerikane. Esht\u00eb e panevojshme t\u00eb thuhet se kjo nuk do t\u00eb \u00e7oj\u00eb n\u00eb forcimin e siguris\u00eb as t\u00eb vet\u00eb Franc\u00ebs dhe as t\u00eb aleat\u00ebve t\u00eb saj&#8221;<\/em>, thuhet n\u00eb deklarat\u00eb.<\/span><\/p>\n<p><span style=\"color: #000000;\"><strong>JO P\u00cbR PAQERUAJT\u00cbS<\/strong><\/span><\/p>\n<p><span style=\"color: #000000;\">P\u00ebrparimet ruse n\u00eb Ukrain\u00eb dhe ndryshimi i politik\u00ebs s\u00eb SHBA-s\u00eb p\u00ebr luft\u00ebn nga presidenti i SHBA-s\u00eb, Donald Trump, kan\u00eb shkaktuar frik\u00eb tek lider\u00ebt evropian\u00eb se Uashingtoni po ia kthen shpin\u00ebn Evrop\u00ebs.<\/span><\/p>\n<p><span style=\"color: #000000;\">Zyrtar\u00ebt rus\u00eb thon\u00eb se retorika e ashp\u00ebr nga Macron, kryeministri britanik Keir Starmer dhe fuqit\u00eb e tjera evropiane nuk mb\u00ebshtetet nga fuqia e fort\u00eb ushtarake dhe tregojn\u00eb p\u00ebr p\u00ebrparimet e Rusis\u00eb n\u00eb fush\u00ebn e betej\u00ebs n\u00eb Ukrain\u00eb.<\/span><\/p>\n<p><span style=\"color: #000000;\">Lavrov dhe Kremlini hodh\u00ebn posht\u00eb propozimin e Macron p\u00ebr t\u00eb d\u00ebrguar paqeruajt\u00ebs n\u00eb Ukrain\u00eb dhe than\u00eb se Rusia nuk do t\u00eb pajtohej me t\u00eb.<\/span><\/p>\n<p><span style=\"color: #000000;\"><em>&#8220;Ne po flasim p\u00ebr nj\u00eb dislokim t\u00eb till\u00eb konfrontues t\u00eb nj\u00eb kontigjenti kalimtar,&#8221;<\/em> tha z\u00ebdh\u00ebn\u00ebsi i Kremlinit Dmitry Peskov.<\/span><\/p>\n<p><span style=\"color: #000000;\">Lavrov tha se Moska do ta shihte nj\u00eb vendosje t\u00eb till\u00eb si prania e NATO-s n\u00eb Ukrain\u00eb.<\/span><\/p>\n<p><span style=\"color: #000000;\">Presidenti rus Vladimir Putin ka hedhur posht\u00eb pohimet per\u00ebndimore se Rusia nj\u00eb dit\u00eb mund t\u00eb sulmoj\u00eb nj\u00eb an\u00ebtar t\u00eb NATO-s.<\/span><\/p>\n<p><span style=\"color: #000000;\">Ai e portretizon luft\u00ebn si pjes\u00eb t\u00eb nj\u00eb lufte historike me Per\u00ebndimin pas r\u00ebnies s\u00eb Bashkimit Sovjetik dhe cenimit t\u00eb NATO-s n\u00eb at\u00eb q\u00eb ai e konsideron sfer\u00ebn e ndikimit t\u00eb Mosk\u00ebs.<\/span><\/p>\n<p><span style=\"color: #000000;\">Sekretari amerikan i Shtetit Marco Rubio k\u00ebt\u00eb jav\u00eb e cil\u00ebsoi konfliktin si nj\u00eb luft\u00eb nd\u00ebrmjet\u00ebse midis Rusis\u00eb dhe SHBA-s\u00eb, nj\u00eb pozicion q\u00eb Kremlini tha se ishte i sakt\u00eb.<\/span><\/p>\n<p><span style=\"color: #000000;\"><em>&#8220;Ky \u00ebsht\u00eb n\u00eb fakt nj\u00eb konflikt midis Rusis\u00eb dhe Per\u00ebndimit kolektiv. Dhe vendi kryesor i Per\u00ebndimit kolektiv jan\u00eb Shtetet e Bashkuara t\u00eb Amerik\u00ebs,&#8221; <\/em>tha Peskov<em>. &#8220;Ne pajtohemi se \u00ebsht\u00eb koha p\u00ebr t\u00eb ndaluar k\u00ebt\u00eb konflikt dhe k\u00ebt\u00eb luft\u00eb.&#8221;<\/em><\/span><\/p>\n","protected":false,"gt_translate_keys":[{"key":"rendered","format":"html"}]},"excerpt":{"rendered":"<p>Rusia paralajm\u00ebroi presidentin francez Emmanuel Macron q\u00eb t\u00eb mos e k\u00ebrc\u00ebnonte at\u00eb me retorik\u00eb b\u00ebrthamore dhe, duke e quajtur &#8220;Micron&#8221;, p\u00ebrjashtoi propozimet evropiane p\u00ebr t\u00eb d\u00ebrguar forca paqeruajt\u00ebse nga an\u00ebtar\u00ebt e NATO-s n\u00eb Ukrain\u00eb, p\u00ebrcjell Reuters. Macron tha n\u00eb nj\u00eb fjalim drejtuar kombit t\u00eb m\u00ebrkur\u00ebn se Rusia \u00ebsht\u00eb nj\u00eb k\u00ebrc\u00ebnim p\u00ebr Evrop\u00ebn, Parisi mund t\u00eb [&hellip;]<\/p>\n","protected":false,"gt_translate_keys":[{"key":"rendered","format":"html"}]},"author":32,"featured_media":700078,"comment_status":"closed","ping_status":"open","sticky":false,"template":"","format":"standard","meta":{"footnotes":""},"categories":[6],"tags":[],"class_list":["post-728624","post","type-post","status-publish","format-standard","has-post-thumbnail","hentry","category-nderkombetare"],"gt_translate_keys":[{"key":"link","format":"url"}],"_links":{"self":[{"href":"https:\/\/www.hashtag.al\/index.php\/wp-json\/wp\/v2\/posts\/728624","targetHints":{"allow":["GET"]}}],"collection":[{"href":"https:\/\/www.hashtag.al\/index.php\/wp-json\/wp\/v2\/posts"}],"about":[{"href":"https:\/\/www.hashtag.al\/index.php\/wp-json\/wp\/v2\/types\/post"}],"author":[{"embeddable":true,"href":"https:\/\/www.hashtag.al\/index.php\/wp-json\/wp\/v2\/users\/32"}],"replies":[{"embeddable":true,"href":"https:\/\/www.hashtag.al\/index.php\/wp-json\/wp\/v2\/comments?post=728624"}],"version-history":[{"count":99999,"href":"https:\/\/www.hashtag.al\/index.php\/wp-json\/wp\/v2\/posts\/728624\/revisions"}],"predecessor-version":[{"id":728626,"href":"https:\/\/www.hashtag.al\/index.php\/wp-json\/wp\/v2\/posts\/728624\/revisions\/728626"}],"wp:featuredmedia":[{"embeddable":true,"href":"https:\/\/www.hashtag.al\/index.php\/wp-json\/wp\/v2\/media\/700078"}],"wp:attachment":[{"href":"https:\/\/www.hashtag.al\/index.php\/wp-json\/wp\/v2\/media?parent=728624"}],"wp:term":[{"taxonomy":"category","embeddable":true,"href":"https:\/\/www.hashtag.al\/index.php\/wp-json\/wp\/v2\/categories?post=728624"},{"taxonomy":"post_tag","embeddable":true,"href":"https:\/\/www.hashtag.al\/index.php\/wp-json\/wp\/v2\/tags?post=728624"}],"curies":[{"name":"wp","href":"https:\/\/api.w.org\/{rel}","templated":true}]}}