{"id":727616,"date":"2025-03-01T14:28:04","date_gmt":"2025-03-01T13:28:04","guid":{"rendered":"https:\/\/www.hashtag.al\/?p=727616"},"modified":"2025-03-01T14:28:04","modified_gmt":"2025-03-01T13:28:04","slug":"blushi-takim-me-anetare-te-pl-ne-korce-diaspora-do-te-votoje-masivisht-per-ndryshimin-me-11-maj","status":"publish","type":"post","link":"https:\/\/www.hashtag.al\/index.php\/2025\/03\/01\/blushi-takim-me-anetare-te-pl-ne-korce-diaspora-do-te-votoje-masivisht-per-ndryshimin-me-11-maj\/","title":{"rendered":"Blushi takim me an\u00ebtar\u00eb t\u00eb PL n\u00eb Kor\u00e7\u00eb: Diaspora do t\u00eb votoj\u00eb masivisht p\u00ebr ndryshimin m\u00eb 11 maj","gt_translate_keys":[{"key":"rendered","format":"text"}]},"content":{"rendered":"<p><span style=\"color: #000000;\"><img loading=\"lazy\" decoding=\"async\" class=\"aligncenter size-full wp-image-727617\" src=\"https:\/\/www.hashtag.al\/wp-content\/uploads\/2025\/03\/480970993_1180205616808005_1810543085524209963_n-768x432-1.jpg\" alt=\"\" width=\"768\" height=\"432\" srcset=\"https:\/\/www.hashtag.al\/wp-content\/uploads\/2025\/03\/480970993_1180205616808005_1810543085524209963_n-768x432-1.jpg 768w, https:\/\/www.hashtag.al\/wp-content\/uploads\/2025\/03\/480970993_1180205616808005_1810543085524209963_n-768x432-1-300x169.jpg 300w\" sizes=\"auto, (max-width: 768px) 100vw, 768px\" \/><\/span><\/p>\n<p><span style=\"color: #000000;\">Sekretari i P\u00ebrgjithsh\u00ebm i Partis\u00eb s\u00eb Liris\u00eb, Tedi Blushi, zhvilloi nj\u00eb takim me strukturat dhe an\u00ebtar\u00ebt e k\u00ebsaj partie n\u00eb Kor\u00e7\u00eb, ku denoncoi keqqeverisjen e kryeministrit Edi Rama dhe situat\u00ebn e r\u00ebnduar n\u00eb qytet.<\/span><\/p>\n<p><span style=\"color: #000000;\">Blushi deklaroi se diaspora shqiptare do t\u00eb votoj\u00eb masivisht m\u00eb 11 maj p\u00ebr ndryshimin, nd\u00ebrsa theksoi se fitorja e opozit\u00ebs \u00ebsht\u00eb e vetmja m\u00ebnyr\u00eb p\u00ebr t\u00eb shp\u00ebtuar Shqip\u00ebrin\u00eb.<\/span><\/p>\n<p><span style=\"color: #000000;\">Duke folur p\u00ebr situat\u00ebn n\u00eb Kor\u00e7\u00eb, ai tha se qyteti ka p\u00ebsuar nj\u00eb tkurrje drastike t\u00eb popullsis\u00eb p\u00ebr shkak t\u00eb keqqeverisjes dhe munges\u00ebs s\u00eb mund\u00ebsive p\u00ebr t\u00eb rinjt\u00eb. Blushi kritikoi investimet e qeveris\u00eb, t\u00eb cilat sipas tij, kan\u00eb sh\u00ebrbyer vet\u00ebm p\u00ebr pasurimin e oligark\u00ebve dhe p\u00ebr betonizimin e qytetit.<\/span><\/p>\n<p><span style=\"color: #000000;\">\u00a0Blushi garantoi se pas 12 majit opozita do t\u00eb k\u00ebrkoj\u00eb drejt\u00ebsi p\u00ebr t\u00eb gjitha aferat korruptive q\u00eb kan\u00eb d\u00ebmtuar qytetar\u00ebt dhe ekonomin\u00eb e vendit.<\/span><\/p>\n<div id=\"taboola-sponsored-mid-article\" class=\"trc_related_container tbl-trecs-container trc_spotlight_widget trc_elastic trc_elastic_sc-ma-balkanweb\" data-placement-name=\"Sponsored Mid Article\">\n<div class=\"trc_rbox_container\">\n<div>\n<div id=\"trc_wrapper_5393455170\" class=\"trc_rbox sc-ma-balkanweb trc-content-sponsored\">\n<div id=\"outer_5393455170\" class=\"trc_rbox_outer\">\n<div id=\"rbox-t2m\" class=\"trc_rbox_div trc_rbox_border_elm\">\n<div id=\"internal_trc_5393455170\">\n<div class=\"videoCube trc_spotlight_item origin-default textItem thumbnail_top videoCube_1_child syndicatedItem trc-first-recommendation trc-spotlight-first-recommendation trc_excludable\" data-item-id=\"~~V1~~1723809163570766265~~qtAFkGgArI1TZb-IHC_6PUXghrWQoPm0GEk3VfVHA3jpZyC7dGVdvKnSHsaHrNsFr6KHfhMNDc_prPncQ7T8QJoTzNGcxv2FGi93wm-fDS0IXIYXPea_oL1CIENfm46voaZhjnNB2j-iv0Z2uMAVH5nPtTkrlFBOhvN70nLUFzZF1uDCUl2erKuhM8RA00SfWi-b8HTIT1NSMFDIFWGTHJMEfo-72IfpqEycSANBzjrQN95X3bkDyp-WFsizFYM7\" data-item-title=\"Most Computer Owners Don't Know This. Do It Today!\" data-item-thumb=\"https:\/\/cdn.taboola.com\/libtrc\/static\/thumbnails\/447ec9b3a2167ad4c377ef479dc973e2.jpg\" data-item-syndicated=\"true\">\n<div class=\"thumbBlock_holder\">\n<div class=\"motion-ads-container is-playing\"><\/div>\n<\/div>\n<\/div>\n<\/div>\n<\/div>\n<\/div>\n<\/div>\n<\/div>\n<\/div>\n<\/div>\n<p><span style=\"color: #000000;\"><strong>Fjala e plot\u00eb:<\/strong><\/span><\/p>\n<p><span style=\"color: #000000;\"><em>\u00cbsht\u00eb p\u00ebr t\u00eb ardhur keq n\u00eb fakt, q\u00eb Korca n\u00eb 12 vite, si e gjith\u00eb Shqip\u00ebria, ka njohur dhe ka ndjer\u00eb m\u00eb shum\u00eb se shum\u00eb qytete t\u00eb tjera n\u00eb mbar\u00eb vendin pasojat e r\u00ebnda t\u00eb keq qeverisjes s\u00eb Edi Ram\u00ebs, sepse n\u00eb Kor\u00e7\u00eb ashtu si edhe n\u00eb Tiran\u00eb po ndihen jo vet\u00ebm kostot e r\u00ebnda t\u00eb jetes\u00ebs, jo vet\u00ebm ndihet korrupsioni i p\u00ebrbindsh\u00ebm, por tanim\u00eb n\u00ebn shembullin e krye hajdutit t\u00eb Tiran\u00ebs edhe Kor\u00e7a p\u00ebr fat t\u00eb keq \u00ebsht\u00eb kthyer n\u00eb nj\u00eb simbol t\u00eb betonit.<\/em><\/span><\/p>\n<p><span style=\"color: #000000;\"><em>Dhe d\u00ebshmia m\u00eb e qart\u00eb e k\u00ebsaj jan\u00eb kodrat e k\u00ebtij qyteti apo Belvederja e famshme q\u00eb tanim\u00eb nuk ekziston, sepse p\u00ebr rilindasit, p\u00ebr Niko Peleshin, q\u00eb e filloi karrier\u00ebn e tij politike me sloganin \u201cKor\u00e7a ku dua t\u00eb jetoj\u201d, n\u00eb k\u00ebto 12 vite e p\u00ebrktheu k\u00ebt\u00eb slogan n\u00eb \u201d Kor\u00e7\u00ebn ku dua t\u00eb mashtroj dhe t\u00eb vjedh nga m\u00ebngjesi deri n\u00eb dark\u00eb\u201d.<\/em><\/span><\/p>\n<p><span style=\"color: #000000;\"><em>Fakti i par\u00eb edhe m\u00eb tragjik i pasojave t\u00eb tmerrshme q\u00eb ka sjell\u00eb keqqeverisje e \u201cRilindjes\u201d \u00ebsht\u00eb tkurrja e tmerrshme e popullsis\u00eb n\u00eb k\u00ebt\u00eb Qark e sidomos n\u00eb qytetin ton\u00eb.<\/em><\/span><\/p>\n<p><span style=\"color: #000000;\"><em>Me mij\u00ebra t\u00eb rinj dhe t\u00eb reja q\u00eb ikin cdo vit dhe p\u00ebr k\u00ebt\u00eb d\u00ebshmia m\u00eb e qart\u00eb \u00ebsht\u00eb universiteti \u201cFan Noli\u201d q\u00eb sot vuan p\u00ebr student\u00eb, jan\u00eb shkollat e mesme, jan\u00eb shkollat fillore pa nx\u00ebn\u00ebs dhe pa f\u00ebmij\u00eb.<\/em><\/span><\/p>\n<p><span style=\"color: #000000;\"><em>P\u00ebr fat t\u00eb keq, Kor\u00e7a ashtu si Tirana, \u00ebsht\u00eb sot nj\u00eb nd\u00ebr qytetet m\u00eb t\u00eb ndotura n\u00eb Shqip\u00ebri dhe ku cdo investim ka patur dhe ka nj\u00eb prapavij\u00eb t\u00eb tmerrshme korrupsioni.<\/em><\/span><\/p>\n<p><span style=\"color: #000000;\"><em>U investua n\u00eb fakt tek parku \u201cRinia\u201d i k\u00ebtij qyteti, por sigurisht q\u00eb ky investim shkoi p\u00ebr llogari t\u00eb \u201cBelvederes\u201d s\u00eb oligark\u00ebve.<\/em><\/span><\/p>\n<p><span style=\"color: #000000;\"><em>U investua te Pazari i Ri i Kor\u00e7\u00ebs, por sot tre\u00e7ereku i k\u00ebtij simboli t\u00eb k\u00ebtij qyteti \u00ebsht\u00eb mbushur me bujtina dhe ku vet\u00ebm t\u00eb af\u00ebrmit e Niko Peleshit kane t\u00eb drejt\u00eb t\u00eb bejne biznes, madje edhe t\u00eb bllokojn\u00eb rrug\u00ebt e Pazarit t\u00eb Kor\u00e7\u00ebs.<\/em><\/span><br \/>\n<span style=\"color: #000000;\"><em>U nd\u00ebrtua Pedonalja m\u00eb e sh\u00ebmtuar q\u00eb \u00ebsht\u00eb nd\u00ebrtuar ndonj\u00ebher\u00eb n\u00eb k\u00ebt\u00eb qytet, jan\u00eb ngushtuar rrug\u00ebt, bulevardet dhe kemi nj\u00eb simbol t\u00eb tmerrsh\u00ebm t\u00eb korrupsionit, ashtu si dhe n\u00eb Tiran\u00eb \u201cKull\u00ebn\u201d e Nikos 2.3 milion\u00eb euro q\u00eb sot \u00ebsht\u00eb vet\u00ebm nj\u00eb kull\u00eb turpi dhe kulla n\u00eb t\u00eb cil\u00ebn n\u00eb 12 Maj n\u00eb do t\u00eb afishojm\u00eb t\u00eb gjitha krimet q\u00eb kjo band\u00eb i ka b\u00ebr\u00eb k\u00ebtij qyteti.<\/em><\/span><\/p>\n<p><span style=\"color: #000000;\"><em>E zhvillojm\u00eb sot k\u00ebt\u00eb aktivitet n\u00eb nj\u00eb ambient q\u00eb gjithashtu dikur ka qen\u00eb nj\u00eb simbol, kineman\u00eb \u201cMajestik\u201d t\u00eb Kor\u00e7\u00ebs, kinema e cila sot nuk ekziston, sikund\u00ebr jan\u00eb shkat\u00ebrruar edhe t\u00eb gjitha zonat muzeale p\u00ebr t\u00eb mb\u00ebrritur deri tek i ashtuquajturi \u201cPoli i Dijes\u201d, q\u00eb n\u00eb fakt nuk \u00ebsht\u00eb asgj\u00eb tjet\u00ebr ve\u00e7se nj\u00eb vep\u00ebr ku do t\u00eb pastrohen parat\u00eb e pista t\u00eb krimit dhe t\u00eb korrupsionit.<\/em><\/span><\/p>\n<p><span style=\"color: #000000;\"><em>N\u00eb Kor\u00e7\u00eb si n\u00eb t\u00eb gjith\u00eb Shqip\u00ebrin\u00eb, mij\u00ebra familje t\u00eb varfra, nuk p\u00ebrfshihen n\u00eb skem\u00ebn e ndihm\u00ebs ekonomike.<\/em><\/span><br \/>\n<span style=\"color: #000000;\"><em>Sistemi i ndihm\u00ebs n\u00eb k\u00ebt\u00eb bashki \u00ebsht\u00eb i d\u00ebshtuar p\u00ebr aq koh\u00eb sa po p\u00ebrjashton dhe vijon t\u00eb p\u00ebrjashtoj\u00eb qindra e mij\u00ebra familje n\u00eb varferi ekstreme dhe po p\u00ebrfshin vet\u00ebm ato familje q\u00eb p\u00ebr \u201cRilindjen \u201d jan\u00eb kthyer vet\u00ebm si vota dhe si numura.<\/em><\/span><\/p>\n<p><span style=\"color: #000000;\"><em>Ndihma ekonomike nuk \u00ebsht\u00eb vet\u00ebm nj\u00eb tregues i faktit q\u00eb p\u00ebr k\u00ebt\u00eb Qeveri dhe p\u00ebr k\u00ebt\u00eb Pushtet Vendor t\u00eb inkriminuar, v\u00ebmendja ndaj qytetar\u00ebve \u00ebsht\u00eb 0, jo, ka edhe plot arsye t\u00eb tjera pse ky Institucion sot nuk \u00ebsht\u00eb gj\u00eb tjet\u00ebr, se bashku me t\u00eb gjith\u00eb institucionet e tjera, por nj\u00eb metastaz\u00eb e korrupsionit t\u00eb k\u00ebsaj Qeverie t\u00eb shtrir\u00eb n\u00eb t\u00eb gjitha nivelet e institucioneve vendore dhe fakt p\u00ebr k\u00ebt\u00eb \u00ebsht\u00eb aferra e incenerator\u00ebve.<\/em><\/span><\/p>\n<p><span style=\"color: #000000;\"><em>Shume prej jush do t\u00eb pyesin se \u00e7far\u00eb e lidh Kor\u00e7\u00ebn me incenerator\u00ebt q\u00eb nuk ekzistojn\u00eb?<\/em><\/span><br \/>\n<span style=\"color: #000000;\"><em>N\u00eb fakt cdo qytetar kor\u00e7ar duhet ta dij\u00eb se rreth 20 milion\u00eb euro kan\u00eb gllab\u00ebruar kompanit\u00eb e incenerator\u00ebve t\u00eb lidhur me Niko Peleshin n\u00eb Kor\u00e7e dhe d\u00ebshmi p\u00ebr k\u00ebt\u00eb \u00ebsht\u00eb uj\u00ebsjell\u00ebsi apo simboli m\u00eb i korruptuar i k\u00ebtij qyteti ku cdo mat\u00ebs uji n\u00eb sht\u00ebpit\u00eb tuaja \u00ebsht\u00eb bler\u00eb prej jo m\u00eb pak se 20 euro n\u00eb Kin\u00eb, por q\u00eb Petrit Tare ja u ka shitur p\u00ebr 20 euro cop\u00ebn, sepse \u00ebsht\u00eb kjo kompani e lidhur drejtp\u00ebrdrejt me incenerator\u00ebt q\u00eb po gllab\u00ebron edhe taksat tuaja.<\/em><\/span><\/p>\n<p><span style=\"color: #000000;\"><em>Dhe ne prandaj cdo dit\u00eb k\u00ebrkojm\u00eb drejt\u00ebsi p\u00ebr afer\u00ebn e incenerator\u00ebve, sepse jo vet\u00ebm Tirana, Elbasani dhe Fieri, por t\u00eb gjith\u00eb shqiptar\u00ebt jan\u00eb t\u00eb vjedhur nga kjo skem\u00eb q\u00eb ka vet\u00ebm nj\u00eb drejtues dhe vet\u00ebm nj\u00eb p\u00ebrfitues dhe ai \u00ebsht\u00eb Edi Rama.<\/em><\/span><\/p>\n<p><span style=\"color: #000000;\"><em>Ndaj mos u habisni kur shikoni fotot e ish- deputetit tuaj, Niko Peleshi me drejtuesit e k\u00ebsaj afere, ai \u00ebsht\u00eb pal\u00eb me ta edhe pse \u00ebsht\u00eb i amnistuar nga SPAK.<\/em><\/span><\/p>\n<p><span style=\"color: #000000;\"><em>Sot p\u00ebr fat t\u00eb keq, ky Qark, ka nj\u00eb deputet q\u00eb i ka patur pozicionet m\u00eb t\u00eb larta n\u00eb Qeveri dhe p\u00ebrfitimet e vetme, q\u00eb n\u00eb fakt jan\u00eb tragjedit\u00eb q\u00eb i ka sjell\u00eb jo vet\u00ebm banor\u00ebve t\u00eb Kor\u00e7\u00ebs, por t\u00eb gjith\u00eb Shqip\u00ebris\u00eb, \u00ebsht\u00eb mega afera e SilikonMix, sepse fal\u00eb k\u00ebtij Ministri Bujq\u00ebsie, sot po vdesin shqiptar\u00ebt nga kanceri.<\/em><\/span><\/p>\n<p><span style=\"color: #000000;\"><em>Sepse \u00ebsht\u00eb ky Minist\u00ebr Bujq\u00ebsie, i cili lejoi q\u00eb helmet t\u00eb hyjn\u00eb jo vet\u00ebm ne fruta dhe perime, por dhe n\u00eb tavolinat e cdo qytetari korcar dhe t\u00eb cdo shqiptari.<\/em><\/span><\/p>\n<p><span style=\"color: #000000;\"><em>Afera e SilikonMix, \u00ebsht\u00eb guri q\u00eb e ka lidhur p\u00ebr fyti Niko Peleshin, por p\u00ebr t\u00eb cilin pas 12 Majit ai do t\u00eb mbaj\u00eb p\u00ebrgjegj\u00ebsi, jo vet\u00ebm p\u00ebr d\u00ebmet q\u00eb i ka shkaktuar fermerit shqiptar, por edhe p\u00ebr mij\u00ebra jet\u00eb t\u00eb cilat i ka marr\u00eb m\u00eb qaf\u00eb vet\u00ebm p\u00ebr t\u00eb mbushur xhepat e tij.<\/em><\/span><\/p>\n","protected":false,"gt_translate_keys":[{"key":"rendered","format":"html"}]},"excerpt":{"rendered":"<p>Sekretari i P\u00ebrgjithsh\u00ebm i Partis\u00eb s\u00eb Liris\u00eb, Tedi Blushi, zhvilloi nj\u00eb takim me strukturat dhe an\u00ebtar\u00ebt e k\u00ebsaj partie n\u00eb Kor\u00e7\u00eb, ku denoncoi keqqeverisjen e kryeministrit Edi Rama dhe situat\u00ebn e r\u00ebnduar n\u00eb qytet. Blushi deklaroi se diaspora shqiptare do t\u00eb votoj\u00eb masivisht m\u00eb 11 maj p\u00ebr ndryshimin, nd\u00ebrsa theksoi se fitorja e opozit\u00ebs \u00ebsht\u00eb [&hellip;]<\/p>\n","protected":false,"gt_translate_keys":[{"key":"rendered","format":"html"}]},"author":49,"featured_media":727617,"comment_status":"closed","ping_status":"open","sticky":false,"template":"","format":"standard","meta":{"footnotes":""},"categories":[65],"tags":[],"class_list":["post-727616","post","type-post","status-publish","format-standard","has-post-thumbnail","hentry","category-lajme"],"gt_translate_keys":[{"key":"link","format":"url"}],"_links":{"self":[{"href":"https:\/\/www.hashtag.al\/index.php\/wp-json\/wp\/v2\/posts\/727616","targetHints":{"allow":["GET"]}}],"collection":[{"href":"https:\/\/www.hashtag.al\/index.php\/wp-json\/wp\/v2\/posts"}],"about":[{"href":"https:\/\/www.hashtag.al\/index.php\/wp-json\/wp\/v2\/types\/post"}],"author":[{"embeddable":true,"href":"https:\/\/www.hashtag.al\/index.php\/wp-json\/wp\/v2\/users\/49"}],"replies":[{"embeddable":true,"href":"https:\/\/www.hashtag.al\/index.php\/wp-json\/wp\/v2\/comments?post=727616"}],"version-history":[{"count":99999,"href":"https:\/\/www.hashtag.al\/index.php\/wp-json\/wp\/v2\/posts\/727616\/revisions"}],"predecessor-version":[{"id":727618,"href":"https:\/\/www.hashtag.al\/index.php\/wp-json\/wp\/v2\/posts\/727616\/revisions\/727618"}],"wp:featuredmedia":[{"embeddable":true,"href":"https:\/\/www.hashtag.al\/index.php\/wp-json\/wp\/v2\/media\/727617"}],"wp:attachment":[{"href":"https:\/\/www.hashtag.al\/index.php\/wp-json\/wp\/v2\/media?parent=727616"}],"wp:term":[{"taxonomy":"category","embeddable":true,"href":"https:\/\/www.hashtag.al\/index.php\/wp-json\/wp\/v2\/categories?post=727616"},{"taxonomy":"post_tag","embeddable":true,"href":"https:\/\/www.hashtag.al\/index.php\/wp-json\/wp\/v2\/tags?post=727616"}],"curies":[{"name":"wp","href":"https:\/\/api.w.org\/{rel}","templated":true}]}}