{"id":727461,"date":"2025-02-28T14:26:42","date_gmt":"2025-02-28T13:26:42","guid":{"rendered":"https:\/\/www.hashtag.al\/?p=727461"},"modified":"2025-02-28T14:29:55","modified_gmt":"2025-02-28T13:29:55","slug":"ne-kerkim-nderkombetar-nga-spanja-per-trafik-droge-arrestohet-28-vjecari-ne-durres","status":"publish","type":"post","link":"https:\/\/www.hashtag.al\/index.php\/2025\/02\/28\/ne-kerkim-nderkombetar-nga-spanja-per-trafik-droge-arrestohet-28-vjecari-ne-durres\/","title":{"rendered":"N\u00eb k\u00ebrkim nd\u00ebrkomb\u00ebtar nga Spanja p\u00ebr trafik droge, arrestohet 28-vje\u00e7ari n\u00eb Durr\u00ebs","gt_translate_keys":[{"key":"rendered","format":"text"}]},"content":{"rendered":"<p><span style=\"color: #000000;\"><img loading=\"lazy\" decoding=\"async\" class=\"alignnone size-medium wp-image-727462\" src=\"https:\/\/www.hashtag.al\/wp-content\/uploads\/2025\/02\/Screenshot-2025-02-28-142404-300x183.png\" alt=\"\" width=\"300\" height=\"183\" srcset=\"https:\/\/www.hashtag.al\/wp-content\/uploads\/2025\/02\/Screenshot-2025-02-28-142404-300x183.png 300w, https:\/\/www.hashtag.al\/wp-content\/uploads\/2025\/02\/Screenshot-2025-02-28-142404.png 701w\" sizes=\"auto, (max-width: 300px) 100vw, 300px\" \/><\/span><\/p>\n<p><span style=\"color: #000000;\">Policia ka arrestuar nj\u00eb 28-vje\u00e7ar, i akuzuar nga autoritetet spanjolle si pjes\u00ebtar i nj\u00eb organizate kriminale q\u00eb trafikonte l\u00ebnd\u00eb narkotike.<\/span><\/p>\n<p><span style=\"color: #000000;\">I riu Ilirjan Mici u prangos brenda banes\u00ebs\u00a0 n\u00eb fshatin Likmetaj, Durr\u00ebs, me q\u00ebllim ekstradimin drejt Spanj\u00ebs.<\/span><\/p>\n<p><span style=\"color: #000000;\">28-vje\u00e7ari ishte shpallur n\u00eb k\u00ebrkim nd\u00ebrkomb\u00ebtar pasi Gjykata e Madritit, me vendimin e dat\u00ebs 28 Dhjetor 2023, i ka caktuar mas\u00ebn e siguris\u00eb \u201cArrest n\u00eb burg\u201d, p\u00ebr veprat penale \u201cOrganizata kriminale\u201d, \u201cTrafikimi i narkotik\u00ebve\u201d dhe \u201cPastrimi i produkteve t\u00eb vepr\u00ebs penale\u201d.<\/span><\/p>\n<p><span style=\"color: #000000;\">P\u00ebr k\u00ebto vepra, d\u00ebnimi maksimal q\u00eb parashikohet \u00ebsht\u00eb 26 vjet burgim.<\/span><\/p>\n<p>&nbsp;<\/p>\n<p><span style=\"color: #000000;\">Durr\u00ebs\/Finalizohet operacioni policor i koduar \u201cGhots\u201d, p\u00ebr kapjen e nj\u00eb shtetasi n\u00eb k\u00ebrkim nd\u00ebrkomb\u00ebtar.<\/span><\/p>\n<p><span style=\"color: #000000;\">I akuzuar nga autoritetet spanjolle, si pjes\u00ebtar i nj\u00eb organizate kriminale q\u00eb trafikonte l\u00ebnd\u00eb narkotike, kapet n\u00eb Durr\u00ebs dhe arrestohet me q\u00ebllim ekstradimin, 28-vje\u00e7ari.<\/span><\/p>\n<p><span style=\"color: #000000;\">Si rezultat i kontrolleve t\u00eb kryera bazuar n\u00eb informacionet e siguruara nga inteligjenca policore, p\u00ebr vendndodhjen e nj\u00eb shtetasi n\u00eb k\u00ebrkim nd\u00ebrkomb\u00ebtar, Sh\u00ebrbimet Operacionale t\u00eb Drejtoris\u00eb Vendore t\u00eb Policis\u00eb Durr\u00ebs, n\u00eb bashk\u00ebpunim me Seksionin p\u00ebr Hetimin e Narkotik\u00ebve, kan\u00eb organizuar dhe finalizuar operacionin policor t\u00eb koduar \u201cGhost\u201d.<\/span><\/p>\n<p><span style=\"color: #000000;\">Gjat\u00eb k\u00ebtij operacioni, u kap n\u00eb Durr\u00ebs dhe u arrestua me q\u00ebllim ekstradimin n\u00eb Spanj\u00eb, shtetasi Ilirjan Mici, 28 vje\u00e7, banues n\u00eb fshatin Likmetaj, Durr\u00ebs.<\/span><\/p>\n<p><span style=\"color: #000000;\">Ky shtetas ishte shpallur n\u00eb k\u00ebrkim nd\u00ebrkomb\u00ebtar pasi Gjykata e Madritit, Spanj\u00eb, me vendimin e dat\u00ebs 28.12.2023, i ka caktuar mas\u00ebn e siguris\u00eb \u201cArrest n\u00eb burg\u201d, p\u00ebr veprat penale \u201cOrganizata kriminale\u201d, \u201cTrafikimi i narkotik\u00ebve\u201d dhe \u201cPastrimi i produkteve t\u00eb vepr\u00ebs penale\u201d, sipas Kodit Penal t\u00eb Spanj\u00ebs. P\u00ebr k\u00ebto vepra, d\u00ebnimi maksimal q\u00eb parashikohet \u00ebsht\u00eb 26 vjet burgim.<\/span><\/p>\n<p><span style=\"color: #000000;\">Interpol Tirana dhe Interpol Madridi do t\u00eb kryejn\u00eb procedurat p\u00ebr ekstradimin e k\u00ebtij shtetasi, n\u00eb Spanj\u00eb.<\/span><\/p>\n","protected":false,"gt_translate_keys":[{"key":"rendered","format":"html"}]},"excerpt":{"rendered":"<p>Policia ka arrestuar nj\u00eb 28-vje\u00e7ar, i akuzuar nga autoritetet spanjolle si pjes\u00ebtar i nj\u00eb organizate kriminale q\u00eb trafikonte l\u00ebnd\u00eb narkotike. I riu Ilirjan Mici u prangos brenda banes\u00ebs\u00a0 n\u00eb fshatin Likmetaj, Durr\u00ebs, me q\u00ebllim ekstradimin drejt Spanj\u00ebs. 28-vje\u00e7ari ishte shpallur n\u00eb k\u00ebrkim nd\u00ebrkomb\u00ebtar pasi Gjykata e Madritit, me vendimin e dat\u00ebs 28 Dhjetor 2023, i [&hellip;]<\/p>\n","protected":false,"gt_translate_keys":[{"key":"rendered","format":"html"}]},"author":32,"featured_media":727462,"comment_status":"closed","ping_status":"open","sticky":false,"template":"","format":"standard","meta":{"footnotes":""},"categories":[65],"tags":[],"class_list":["post-727461","post","type-post","status-publish","format-standard","has-post-thumbnail","hentry","category-lajme"],"gt_translate_keys":[{"key":"link","format":"url"}],"_links":{"self":[{"href":"https:\/\/www.hashtag.al\/index.php\/wp-json\/wp\/v2\/posts\/727461","targetHints":{"allow":["GET"]}}],"collection":[{"href":"https:\/\/www.hashtag.al\/index.php\/wp-json\/wp\/v2\/posts"}],"about":[{"href":"https:\/\/www.hashtag.al\/index.php\/wp-json\/wp\/v2\/types\/post"}],"author":[{"embeddable":true,"href":"https:\/\/www.hashtag.al\/index.php\/wp-json\/wp\/v2\/users\/32"}],"replies":[{"embeddable":true,"href":"https:\/\/www.hashtag.al\/index.php\/wp-json\/wp\/v2\/comments?post=727461"}],"version-history":[{"count":99999,"href":"https:\/\/www.hashtag.al\/index.php\/wp-json\/wp\/v2\/posts\/727461\/revisions"}],"predecessor-version":[{"id":727467,"href":"https:\/\/www.hashtag.al\/index.php\/wp-json\/wp\/v2\/posts\/727461\/revisions\/727467"}],"wp:featuredmedia":[{"embeddable":true,"href":"https:\/\/www.hashtag.al\/index.php\/wp-json\/wp\/v2\/media\/727462"}],"wp:attachment":[{"href":"https:\/\/www.hashtag.al\/index.php\/wp-json\/wp\/v2\/media?parent=727461"}],"wp:term":[{"taxonomy":"category","embeddable":true,"href":"https:\/\/www.hashtag.al\/index.php\/wp-json\/wp\/v2\/categories?post=727461"},{"taxonomy":"post_tag","embeddable":true,"href":"https:\/\/www.hashtag.al\/index.php\/wp-json\/wp\/v2\/tags?post=727461"}],"curies":[{"name":"wp","href":"https:\/\/api.w.org\/{rel}","templated":true}]}}