{"id":727379,"date":"2025-02-28T14:10:14","date_gmt":"2025-02-28T13:10:14","guid":{"rendered":"https:\/\/www.hashtag.al\/?p=727379"},"modified":"2025-02-28T14:10:14","modified_gmt":"2025-02-28T13:10:14","slug":"kaos-ne-fbi-drejtori-i-ri-kash-patel-perballet-me-revolte-te-brendshme-dhe-levizje-te-kontestuara","status":"publish","type":"post","link":"https:\/\/www.hashtag.al\/index.php\/2025\/02\/28\/kaos-ne-fbi-drejtori-i-ri-kash-patel-perballet-me-revolte-te-brendshme-dhe-levizje-te-kontestuara\/","title":{"rendered":"Kaos n\u00eb FBI, Drejtori i ri Kash Patel p\u00ebrballet me revolt\u00eb t\u00eb brendshme dhe l\u00ebvizje t\u00eb kontestuara","gt_translate_keys":[{"key":"rendered","format":"text"}]},"content":{"rendered":"<p><img loading=\"lazy\" decoding=\"async\" class=\"alignnone size-medium wp-image-727380\" src=\"https:\/\/www.hashtag.al\/wp-content\/uploads\/2025\/02\/Screenshot-2025-02-28-092337-300x164.png\" alt=\"\" width=\"300\" height=\"164\" srcset=\"https:\/\/www.hashtag.al\/wp-content\/uploads\/2025\/02\/Screenshot-2025-02-28-092337-300x164.png 300w, https:\/\/www.hashtag.al\/wp-content\/uploads\/2025\/02\/Screenshot-2025-02-28-092337-1024x561.png 1024w, https:\/\/www.hashtag.al\/wp-content\/uploads\/2025\/02\/Screenshot-2025-02-28-092337-768x421.png 768w, https:\/\/www.hashtag.al\/wp-content\/uploads\/2025\/02\/Screenshot-2025-02-28-092337.png 1272w\" sizes=\"auto, (max-width: 300px) 100vw, 300px\" \/><\/p>\n<p><span style=\"color: #000000;\">N\u00eb dit\u00ebt e tij t\u00eb para si drejtor i FBI-s\u00eb, Kash Patel \u00ebsht\u00eb p\u00ebrballur me tensione dhe kaos t\u00eb brendsh\u00ebm, pjes\u00ebrisht t\u00eb shkaktuara nga vendimet e tij dhe t\u00eb administrat\u00ebs Trump.<\/span><\/p>\n<p><span style=\"color: #000000;\">Sipas <span style=\"color: #0000ff;\"><a style=\"color: #0000ff;\" href=\"https:\/\/edition.cnn.com\/2025\/02\/27\/politics\/kash-patel-first-week-fbi\/index.html\">CNN<\/a><\/span>, Patel ka nisur nj\u00eb proces t\u00eb gjer\u00eb ristrukturimi, i cili ka shkaktuar p\u00ebr\u00e7arje t\u00eb m\u00ebdha brenda agjencis\u00eb.\u00a0<\/span><\/p>\n<p><span style=\"color: #000000;\">Nj\u00eb nga veprimet m\u00eb t\u00eb debatuara ka qen\u00eb nj\u00eb plan p\u00ebr t\u00eb shkarkuar mbi 100 punonj\u00ebs t\u00eb nivelit t\u00eb mes\u00ebm dhe t\u00eb lart\u00eb, t\u00eb cil\u00ebt kishin lidhje me hetimet p\u00ebr sulmin e 6 janarit 2021 n\u00eb Kapitol dhe \u00e7\u00ebshtje t\u00eb tjera q\u00eb lidhen me Donald Trump.<\/span><\/p>\n<p><span style=\"color: #000000;\">Kjo nism\u00eb, e shtyr\u00eb nga z\u00ebvend\u00ebsprokurori i p\u00ebrgjithsh\u00ebm n\u00eb detyr\u00eb Emil Bove, hasi n\u00eb kund\u00ebrshtim t\u00eb fort\u00eb nga drejtuesit aktual\u00eb t\u00eb FBI-s\u00eb, p\u00ebrfshir\u00eb Brian Driscoll dhe Robert Kissane.\u00a0<\/span><\/p>\n<p><span style=\"color: #000000;\">Burime brenda FBI-s\u00eb raportojn\u00eb se Bove k\u00ebrkoi nj\u00eb list\u00eb me mbi 5,000 punonj\u00ebs, shumica e t\u00eb cil\u00ebve kishin punuar n\u00eb \u00e7\u00ebshtje t\u00eb nd\u00ebrlidhura me Trump dhe 6 janarin.<\/span><\/p>\n<p><span style=\"color: #000000;\">Ky veprim shkaktoi zem\u00ebrim mes ish-agjent\u00ebve q\u00eb fillimisht mb\u00ebshtet\u00ebn Patel dhe q\u00eb ishin pjes\u00eb e nj\u00eb paneli k\u00ebshillues p\u00ebr t\u00eb ndihmuar at\u00eb t\u00eb fitonte besueshm\u00ebri brenda agjencis\u00eb.\u00a0<\/span><\/p>\n<p><span style=\"color: #000000;\"><em>&#8220;Ne menj\u00ebher\u00eb tham\u00eb &#8216;Aspak!&#8217;<\/em>,&#8221; tha nj\u00eb ish-agjent p\u00ebr CNN, duke shprehur shqet\u00ebsimin e tij p\u00ebr k\u00ebt\u00eb manov\u00ebr politike brenda FBI-s\u00eb.\u00a0<\/span><\/p>\n<p><span style=\"color: #000000;\">Situata u p\u00ebrkeq\u00ebsua edhe m\u00eb shum\u00eb kur presidenti Trump vendosi t\u00eb caktoj\u00eb Dan Bonginon, nj\u00eb ish-agjent i Sh\u00ebrbimit Sekret dhe komentator i njohur pro-Trump, si z\u00ebvend\u00ebsdrejtor t\u00eb FBI-s\u00eb.<\/span><\/p>\n<p><span style=\"color: #000000;\">Kjo l\u00ebvizje ndryshoi planet fillestare t\u00eb Patel, i cili kishte premtuar t\u00eb zgjidhte nj\u00eb z\u00ebvend\u00ebs me p\u00ebrvoj\u00eb nga radh\u00ebt e FBI-s\u00eb.\u00a0<\/span><\/p>\n<p><span style=\"color: #000000;\">Ekspert\u00ebt dhe ish-zyrtar\u00ebt e FBI-s\u00eb kan\u00eb ngritur shqet\u00ebsime serioze se k\u00ebto p\u00ebr\u00e7arje t\u00eb brendshme mund t\u00eb komprometojn\u00eb sigurin\u00eb komb\u00ebtare.<\/span><\/p>\n<p><span style=\"color: #000000;\">Ata paralajm\u00ebrojn\u00eb se grupe terroriste dhe shtete rivale si Kina, Rusia dhe Irani mund t\u00eb shfryt\u00ebzojn\u00eb dob\u00ebsin\u00eb e FBI-s\u00eb gjat\u00eb k\u00ebsaj periudhe trazirash.\u00a0<\/span><\/p>\n<p><span style=\"color: #000000;\"><em>&#8220;Ka shum\u00eb mund\u00ebsi q\u00eb t\u00eb ndodh\u00eb nj\u00eb ngjarje e madhe dhe t\u00eb zbulojm\u00eb se n\u00eb vend q\u00eb t\u00eb p\u00ebrqendroheshin n\u00eb pun\u00ebn e tyre, agjent\u00ebt po mbushnin formular\u00eb p\u00ebr 6 janarin,&#8221;<\/em> tha nj\u00eb ish-zyrtar i FBI-s\u00eb p\u00ebr CNN.\u00a0<\/span><\/p>\n<p><span style=\"color: #000000;\">P\u00ebr m\u00eb tep\u00ebr, Patel \u00ebsht\u00eb drejtori i par\u00eb i FBI-s\u00eb q\u00eb konfirmohet pa mb\u00ebshtetje bipartizane, duke e b\u00ebr\u00eb sfid\u00ebn e tij edhe m\u00eb t\u00eb v\u00ebshtir\u00eb p\u00ebr t\u00eb drejtuar nj\u00eb nga institucionet m\u00eb t\u00eb fuqishme t\u00eb ligjzbatimit n\u00eb SHBA.\u00a0<\/span><\/p>\n<p><span style=\"color: #000000;\">Nd\u00ebrsa FBI-ja \u00ebsht\u00eb p\u00ebrfshir\u00eb n\u00eb k\u00ebt\u00eb betej\u00eb t\u00eb brendshme, mbetet e paqart\u00eb se si Patel do t\u00eb mund t\u00eb rivendos\u00eb stabilitetin n\u00eb nj\u00eb agjenci q\u00eb tani \u00ebsht\u00eb m\u00eb e ndar\u00eb se kurr\u00eb.<\/span><\/p>\n<p><span style=\"color: #000000;\">Me nj\u00eb administrat\u00eb t\u00eb p\u00ebrkushtuar p\u00ebr t\u00eb pastruar element\u00ebt q\u00eb konsiderohen kund\u00ebrshtar\u00eb t\u00eb Trumpit dhe me nj\u00eb staf q\u00eb i kund\u00ebrvihet ndryshimeve t\u00eb detyruara, sfidat p\u00ebr Patel vet\u00ebm sa po thellohen.<\/span><\/p>\n","protected":false,"gt_translate_keys":[{"key":"rendered","format":"html"}]},"excerpt":{"rendered":"<p>N\u00eb dit\u00ebt e tij t\u00eb para si drejtor i FBI-s\u00eb, Kash Patel \u00ebsht\u00eb p\u00ebrballur me tensione dhe kaos t\u00eb brendsh\u00ebm, pjes\u00ebrisht t\u00eb shkaktuara nga vendimet e tij dhe t\u00eb administrat\u00ebs Trump. Sipas CNN, Patel ka nisur nj\u00eb proces t\u00eb gjer\u00eb ristrukturimi, i cili ka shkaktuar p\u00ebr\u00e7arje t\u00eb m\u00ebdha brenda agjencis\u00eb.\u00a0 Nj\u00eb nga veprimet m\u00eb t\u00eb [&hellip;]<\/p>\n","protected":false,"gt_translate_keys":[{"key":"rendered","format":"html"}]},"author":32,"featured_media":727380,"comment_status":"closed","ping_status":"open","sticky":false,"template":"","format":"standard","meta":{"footnotes":""},"categories":[6],"tags":[],"class_list":["post-727379","post","type-post","status-publish","format-standard","has-post-thumbnail","hentry","category-nderkombetare"],"gt_translate_keys":[{"key":"link","format":"url"}],"_links":{"self":[{"href":"https:\/\/www.hashtag.al\/index.php\/wp-json\/wp\/v2\/posts\/727379","targetHints":{"allow":["GET"]}}],"collection":[{"href":"https:\/\/www.hashtag.al\/index.php\/wp-json\/wp\/v2\/posts"}],"about":[{"href":"https:\/\/www.hashtag.al\/index.php\/wp-json\/wp\/v2\/types\/post"}],"author":[{"embeddable":true,"href":"https:\/\/www.hashtag.al\/index.php\/wp-json\/wp\/v2\/users\/32"}],"replies":[{"embeddable":true,"href":"https:\/\/www.hashtag.al\/index.php\/wp-json\/wp\/v2\/comments?post=727379"}],"version-history":[{"count":99999,"href":"https:\/\/www.hashtag.al\/index.php\/wp-json\/wp\/v2\/posts\/727379\/revisions"}],"predecessor-version":[{"id":727458,"href":"https:\/\/www.hashtag.al\/index.php\/wp-json\/wp\/v2\/posts\/727379\/revisions\/727458"}],"wp:featuredmedia":[{"embeddable":true,"href":"https:\/\/www.hashtag.al\/index.php\/wp-json\/wp\/v2\/media\/727380"}],"wp:attachment":[{"href":"https:\/\/www.hashtag.al\/index.php\/wp-json\/wp\/v2\/media?parent=727379"}],"wp:term":[{"taxonomy":"category","embeddable":true,"href":"https:\/\/www.hashtag.al\/index.php\/wp-json\/wp\/v2\/categories?post=727379"},{"taxonomy":"post_tag","embeddable":true,"href":"https:\/\/www.hashtag.al\/index.php\/wp-json\/wp\/v2\/tags?post=727379"}],"curies":[{"name":"wp","href":"https:\/\/api.w.org\/{rel}","templated":true}]}}