{"id":727364,"date":"2025-02-28T08:14:34","date_gmt":"2025-02-28T07:14:34","guid":{"rendered":"https:\/\/www.hashtag.al\/?p=727364"},"modified":"2025-02-28T08:14:34","modified_gmt":"2025-02-28T07:14:34","slug":"2-vite-nga-perplasja-tragjike-e-trenave-ne-greqi-greva-masive-ne-vend","status":"publish","type":"post","link":"https:\/\/www.hashtag.al\/index.php\/2025\/02\/28\/2-vite-nga-perplasja-tragjike-e-trenave-ne-greqi-greva-masive-ne-vend\/","title":{"rendered":"2 vite nga p\u00ebrplasja tragjike e trenave n\u00eb Greqi, greva masive n\u00eb vend","gt_translate_keys":[{"key":"rendered","format":"text"}]},"content":{"rendered":"<div class=\"firstP\">\n<p><span style=\"color: #000000;\"><img loading=\"lazy\" decoding=\"async\" class=\"aligncenter size-full wp-image-727365\" src=\"https:\/\/www.hashtag.al\/wp-content\/uploads\/2025\/02\/5532_sd.jpg\" alt=\"\" width=\"1280\" height=\"720\" srcset=\"https:\/\/www.hashtag.al\/wp-content\/uploads\/2025\/02\/5532_sd.jpg 1280w, https:\/\/www.hashtag.al\/wp-content\/uploads\/2025\/02\/5532_sd-300x169.jpg 300w, https:\/\/www.hashtag.al\/wp-content\/uploads\/2025\/02\/5532_sd-1024x576.jpg 1024w, https:\/\/www.hashtag.al\/wp-content\/uploads\/2025\/02\/5532_sd-768x432.jpg 768w\" sizes=\"auto, (max-width: 1280px) 100vw, 1280px\" \/><\/span><\/p>\n<p><span style=\"color: #000000;\">Greqia po p\u00ebrjeton protesta dhe greva masive n\u00eb p\u00ebrvjetorin e dyt\u00eb t\u00eb aksidentit m\u00eb t\u00eb r\u00ebnd\u00eb hekurudhor n\u00eb historin\u00eb e saj, ku humb\u00ebn jet\u00ebn 57 persona. Dhjet\u00ebra mij\u00ebra qytetar\u00eb pritet t\u2019i bashkohen demonstratave, duke k\u00ebrkuar drejt\u00ebsi dhe llogaridh\u00ebnie nga autoritetet.<\/span><\/p>\n<p><span style=\"color: #000000;\">Raporti hetimor, i publikuar n\u00eb prag t\u00eb protestave, faj\u00ebson gabimet njer\u00ebzore, infrastruktur\u00ebn e vjet\u00ebruar dhe munges\u00ebn e kontrolleve moderne t\u00eb siguris\u00eb si faktor\u00eb kryesor\u00eb t\u00eb tragjedis\u00eb. Opozita ka akuzuar qeverin\u00eb p\u00ebr fshehje t\u00eb p\u00ebrgjegj\u00ebsis\u00eb, nd\u00ebrsa kryeministri Kyriakos Mitsotakis p\u00ebrballet me zem\u00ebrimin n\u00eb rritje t\u00eb qytetar\u00ebve.<\/span><\/p>\n<p><span style=\"color: #000000;\">N\u00eb p\u00ebrgatitje p\u00ebr protestat e fuqishme, qeveria ka vendosur 5,000 oficer\u00eb policie n\u00eb Athin\u00eb, nd\u00ebrsa vendi pritet t\u00eb paralizohet nga greva e p\u00ebrgjithshme, q\u00eb do t\u00eb nd\u00ebrpres\u00eb sh\u00ebrbimet publike dhe aktivitetin tregtar.<\/span><\/p>\n<p><span style=\"color: #000000;\">N\u00eb Athin\u00eb, tubimi do t\u00eb filloj\u00eb n\u00eb or\u00ebn 11:00 me qend\u00ebr n\u00eb sheshin Sintagma, dhe n\u00eb Selanik gjithashtu n\u00eb or\u00ebn 11:00 me qend\u00ebr statuj\u00ebn e Venizelos.<\/span><\/p>\n<p><span style=\"color: #000000;\">Familjar\u00ebt e viktimave i kan\u00eb b\u00ebr\u00eb thirrje publikut q\u00eb t\u00eb marr\u00eb pjes\u00eb n\u00eb tubim.<\/span><\/p>\n<p><span style=\"color: #000000;\">N\u00eb shenj\u00eb mb\u00ebshtetjeje,\u00a0nj\u00eb\u00a0pjes\u00eb e madhe e hoteleve do t\u00eb q\u00ebndroj\u00eb e mbyllur dit\u00ebn e sotme, nd\u00ebrsa grev\u00eb\u00a024-or\u00ebshe mbar\u00ebkomb\u00ebtare\u00a0\u00ebsht\u00eb shpallur nga\u00a0GSEE\u00a0,\u00a0ADEDY,\u00a0OASA\u00a0dhe organe t\u00eb tjera.<\/span><\/p>\n<p><span style=\"color: #000000;\">Mitingje n\u00eb kujtim t\u00eb viktimave t\u00eb aksidentit tragjik t\u00eb Tempit po organizohen edhe n\u00eb qytetet kryesore jasht\u00eb vendit. N\u00eb\u00a0Bruksel\u00a0tubimi do t\u00eb filloj\u00eb n\u00eb or\u00ebn 18:00. Me or\u00ebn greke (17:00 lokale) n\u00eb Place Luksemburg p\u00ebrpara Parlamentit Evropian, nd\u00ebrsa n\u00eb\u00a0Rom\u00eb\u00a0, mitingu do t\u00eb zhvillohet pran\u00eb stacionit qendror t\u00eb trenit, duke filluar nga ora 16:00 N\u00eb\u00a0Lond\u00ebr , tubimi \u00ebsht\u00eb planifikuar t\u00eb filloj\u00eb n\u00eb 20:00.<a href=\"https:\/\/www.protothema.gr\/greece\/article\/1607270\/tebi-stis-11-ta-sullalitiria-se-oli-tin-ellada-pos-tha-kinithoun-metro-ilektrikos-tram\/\"><span style=\"color: #0000ff;\"><strong>\/Protothema<\/strong><\/span><\/a><\/span><\/p>\n<\/div>\n","protected":false,"gt_translate_keys":[{"key":"rendered","format":"html"}]},"excerpt":{"rendered":"<p>Greqia po p\u00ebrjeton protesta dhe greva masive n\u00eb p\u00ebrvjetorin e dyt\u00eb t\u00eb aksidentit m\u00eb t\u00eb r\u00ebnd\u00eb hekurudhor n\u00eb historin\u00eb e saj, ku humb\u00ebn jet\u00ebn 57 persona. Dhjet\u00ebra mij\u00ebra qytetar\u00eb pritet t\u2019i bashkohen demonstratave, duke k\u00ebrkuar drejt\u00ebsi dhe llogaridh\u00ebnie nga autoritetet. Raporti hetimor, i publikuar n\u00eb prag t\u00eb protestave, faj\u00ebson gabimet njer\u00ebzore, infrastruktur\u00ebn e vjet\u00ebruar dhe [&hellip;]<\/p>\n","protected":false,"gt_translate_keys":[{"key":"rendered","format":"html"}]},"author":49,"featured_media":727365,"comment_status":"closed","ping_status":"open","sticky":false,"template":"","format":"standard","meta":{"footnotes":""},"categories":[65,6],"tags":[],"class_list":["post-727364","post","type-post","status-publish","format-standard","has-post-thumbnail","hentry","category-lajme","category-nderkombetare"],"gt_translate_keys":[{"key":"link","format":"url"}],"_links":{"self":[{"href":"https:\/\/www.hashtag.al\/index.php\/wp-json\/wp\/v2\/posts\/727364","targetHints":{"allow":["GET"]}}],"collection":[{"href":"https:\/\/www.hashtag.al\/index.php\/wp-json\/wp\/v2\/posts"}],"about":[{"href":"https:\/\/www.hashtag.al\/index.php\/wp-json\/wp\/v2\/types\/post"}],"author":[{"embeddable":true,"href":"https:\/\/www.hashtag.al\/index.php\/wp-json\/wp\/v2\/users\/49"}],"replies":[{"embeddable":true,"href":"https:\/\/www.hashtag.al\/index.php\/wp-json\/wp\/v2\/comments?post=727364"}],"version-history":[{"count":99999,"href":"https:\/\/www.hashtag.al\/index.php\/wp-json\/wp\/v2\/posts\/727364\/revisions"}],"predecessor-version":[{"id":727366,"href":"https:\/\/www.hashtag.al\/index.php\/wp-json\/wp\/v2\/posts\/727364\/revisions\/727366"}],"wp:featuredmedia":[{"embeddable":true,"href":"https:\/\/www.hashtag.al\/index.php\/wp-json\/wp\/v2\/media\/727365"}],"wp:attachment":[{"href":"https:\/\/www.hashtag.al\/index.php\/wp-json\/wp\/v2\/media?parent=727364"}],"wp:term":[{"taxonomy":"category","embeddable":true,"href":"https:\/\/www.hashtag.al\/index.php\/wp-json\/wp\/v2\/categories?post=727364"},{"taxonomy":"post_tag","embeddable":true,"href":"https:\/\/www.hashtag.al\/index.php\/wp-json\/wp\/v2\/tags?post=727364"}],"curies":[{"name":"wp","href":"https:\/\/api.w.org\/{rel}","templated":true}]}}