{"id":727256,"date":"2025-02-27T14:28:22","date_gmt":"2025-02-27T13:28:22","guid":{"rendered":"https:\/\/www.hashtag.al\/?p=727256"},"modified":"2025-02-27T14:30:24","modified_gmt":"2025-02-27T13:30:24","slug":"gjykata-e-larte-le-ilir-meten-ne-burg","status":"publish","type":"post","link":"https:\/\/www.hashtag.al\/index.php\/2025\/02\/27\/gjykata-e-larte-le-ilir-meten-ne-burg\/","title":{"rendered":"Gjykata e Lart\u00eb l\u00eb Ilir Met\u00ebn n\u00eb burg","gt_translate_keys":[{"key":"rendered","format":"text"}]},"content":{"rendered":"<p><span style=\"color: #000000;\"><img loading=\"lazy\" decoding=\"async\" class=\"aligncenter size-full wp-image-705048\" src=\"https:\/\/www.hashtag.al\/wp-content\/uploads\/2024\/10\/ilir-meta-1.png\" alt=\"\" width=\"635\" height=\"471\" srcset=\"https:\/\/www.hashtag.al\/wp-content\/uploads\/2024\/10\/ilir-meta-1.png 635w, https:\/\/www.hashtag.al\/wp-content\/uploads\/2024\/10\/ilir-meta-1-300x223.png 300w\" sizes=\"auto, (max-width: 635px) 100vw, 635px\" \/><\/span><\/p>\n<p><span style=\"color: #000000;\">Gjykata e Lart\u00eb ka rr\u00ebzuar rekursin e ish-Kreu i Shtetit, Ilir Meta. Meta q\u00eb mbahet i arrestuar prej 21 tetorit 2024, k\u00ebrkon nj\u00eb mas\u00eb m\u00eb t\u00eb but\u00eb sigurie.<\/span><\/p>\n<p><span style=\"color: #000000;\">Gjykata e Posa\u00e7me e Shkall\u00ebs s\u00eb Par\u00eb dhe ajo e Apelit kan\u00eb l\u00ebn\u00eb n\u00eb fuqi mas\u00ebn e \u201carrestit n\u00eb burg\u201d, duke b\u00ebr\u00eb q\u00eb Meta prej afro 4 muajsh t\u00eb mbahet i izoluar n\u00eb paraburgimin \u201cJordan Misja\u201d n\u00eb kryeqytet apo si\u00e7 njihet ndryshe 313-ta.<\/span><\/p>\n<p><span style=\"color: #000000;\">Edhe Kryemadhi me mas\u00eb sigurie \u201cdetyrim paraqitje\u201d ka depozituar rekurs duke e etiketuar mas\u00ebn t\u00eb paligjshme. Ndaj saj r\u00ebndojn\u00eb 3 akuza, pastrim parash, korrupsion dhe mosdeklarim pasurish. Nd\u00ebrkoh\u00eb, SPAK ka nisur edhe hetim pasuror p\u00ebr familjen e tyre.<\/span><\/p>\n<p><span style=\"color: #000000;\"><strong>Njoftimi:<\/strong><\/span><\/p>\n<p><span style=\"color: #000000;\">N\u00eb lidhje me interesimin tuaj p\u00ebr c\u00ebshtjen penale me nr. 60003-00073-00-2025, Kolegji Penal i Gjykates se Lart\u00eb, ka vendosur:<\/span><br \/>\n<span style=\"color: #000000;\">L\u00ebnien n\u00eb fuqi t\u00eb vendimit nr.59 (87-2024-333) date 19.11.2024 te Gjykat\u00ebs s\u00eb Posa\u00e7me t\u00eb Apelit p\u00ebr Korrupsionin dhe Krimin e Organizuar.<\/span><\/p>\n","protected":false,"gt_translate_keys":[{"key":"rendered","format":"html"}]},"excerpt":{"rendered":"<p>Gjykata e Lart\u00eb ka rr\u00ebzuar rekursin e ish-Kreu i Shtetit, Ilir Meta. Meta q\u00eb mbahet i arrestuar prej 21 tetorit 2024, k\u00ebrkon nj\u00eb mas\u00eb m\u00eb t\u00eb but\u00eb sigurie. Gjykata e Posa\u00e7me e Shkall\u00ebs s\u00eb Par\u00eb dhe ajo e Apelit kan\u00eb l\u00ebn\u00eb n\u00eb fuqi mas\u00ebn e \u201carrestit n\u00eb burg\u201d, duke b\u00ebr\u00eb q\u00eb Meta prej afro 4 [&hellip;]<\/p>\n","protected":false,"gt_translate_keys":[{"key":"rendered","format":"html"}]},"author":49,"featured_media":705048,"comment_status":"closed","ping_status":"open","sticky":false,"template":"","format":"standard","meta":{"footnotes":""},"categories":[65],"tags":[],"class_list":["post-727256","post","type-post","status-publish","format-standard","has-post-thumbnail","hentry","category-lajme"],"gt_translate_keys":[{"key":"link","format":"url"}],"_links":{"self":[{"href":"https:\/\/www.hashtag.al\/index.php\/wp-json\/wp\/v2\/posts\/727256","targetHints":{"allow":["GET"]}}],"collection":[{"href":"https:\/\/www.hashtag.al\/index.php\/wp-json\/wp\/v2\/posts"}],"about":[{"href":"https:\/\/www.hashtag.al\/index.php\/wp-json\/wp\/v2\/types\/post"}],"author":[{"embeddable":true,"href":"https:\/\/www.hashtag.al\/index.php\/wp-json\/wp\/v2\/users\/49"}],"replies":[{"embeddable":true,"href":"https:\/\/www.hashtag.al\/index.php\/wp-json\/wp\/v2\/comments?post=727256"}],"version-history":[{"count":99999,"href":"https:\/\/www.hashtag.al\/index.php\/wp-json\/wp\/v2\/posts\/727256\/revisions"}],"predecessor-version":[{"id":727259,"href":"https:\/\/www.hashtag.al\/index.php\/wp-json\/wp\/v2\/posts\/727256\/revisions\/727259"}],"wp:featuredmedia":[{"embeddable":true,"href":"https:\/\/www.hashtag.al\/index.php\/wp-json\/wp\/v2\/media\/705048"}],"wp:attachment":[{"href":"https:\/\/www.hashtag.al\/index.php\/wp-json\/wp\/v2\/media?parent=727256"}],"wp:term":[{"taxonomy":"category","embeddable":true,"href":"https:\/\/www.hashtag.al\/index.php\/wp-json\/wp\/v2\/categories?post=727256"},{"taxonomy":"post_tag","embeddable":true,"href":"https:\/\/www.hashtag.al\/index.php\/wp-json\/wp\/v2\/tags?post=727256"}],"curies":[{"name":"wp","href":"https:\/\/api.w.org\/{rel}","templated":true}]}}