{"id":727181,"date":"2025-02-27T10:22:06","date_gmt":"2025-02-27T09:22:06","guid":{"rendered":"https:\/\/www.hashtag.al\/?p=727181"},"modified":"2025-02-27T10:42:48","modified_gmt":"2025-02-27T09:42:48","slug":"gazmend-paja-ne-spak-i-sekuestrohet-celulari-isha-ne-kafe-me-prokurorin-pa-dashje-mori-telefonin-tim-dhe-me-dha-te-tijin","status":"publish","type":"post","link":"https:\/\/www.hashtag.al\/index.php\/2025\/02\/27\/gazmend-paja-ne-spak-i-sekuestrohet-celulari-isha-ne-kafe-me-prokurorin-pa-dashje-mori-telefonin-tim-dhe-me-dha-te-tijin\/","title":{"rendered":"Gazmend Paja n\u00eb SPAK, i sekuestrohet celulari","gt_translate_keys":[{"key":"rendered","format":"text"}]},"content":{"rendered":"<p><span style=\"color: #000000;\"><img loading=\"lazy\" decoding=\"async\" class=\"aligncenter size-full wp-image-727182\" src=\"https:\/\/www.hashtag.al\/wp-content\/uploads\/2025\/02\/gaz-paja-se-spak-600x450-1.jpg\" alt=\"\" width=\"600\" height=\"450\" srcset=\"https:\/\/www.hashtag.al\/wp-content\/uploads\/2025\/02\/gaz-paja-se-spak-600x450-1.jpg 600w, https:\/\/www.hashtag.al\/wp-content\/uploads\/2025\/02\/gaz-paja-se-spak-600x450-1-300x225.jpg 300w\" sizes=\"auto, (max-width: 600px) 100vw, 600px\" \/><\/span><\/p>\n<p data-start=\"90\" data-end=\"321\"><span style=\"color: #000000;\">Aktori Gazmend Paja \u00ebsht\u00eb paraqitur m\u00ebngjesin e sot\u00ebm n\u00eb Prokurorin\u00eb e Posa\u00e7me (SPAK), ku \u00ebsht\u00eb marr\u00eb n\u00eb pyetje p\u00ebr rreth 60 minuta n\u00eb lidhje me nj\u00eb pron\u00eb n\u00eb bregdet, p\u00ebr t\u00eb cil\u00ebn \u00ebsht\u00eb shpallur investitor strategjik nga qeveria.<\/span><\/p>\n<p><span style=\"color: #000000;\">\u201cHera e dyt\u00eb n\u00eb\u00a0SPAK, ishe si aktor apo si investitor strategjik?\u201d, e pyet\u00ebn gazetar\u00ebt n\u00eb dalje nga godina.<\/span><\/p>\n<div id=\"taboola-sponsored-mid-article\" class=\"trc_related_container tbl-trecs-container trc_spotlight_widget trc_elastic trc_elastic_sc-ma-balkanweb\" data-placement-name=\"Sponsored Mid Article\">\n<div class=\"trc_rbox_container\">\n<div>\n<div id=\"trc_wrapper_2826481002\" class=\"trc_rbox sc-ma-balkanweb trc-content-sponsored\">\n<div id=\"outer_2826481002\" class=\"trc_rbox_outer\">\n<div id=\"rbox-t2m\" class=\"trc_rbox_div trc_rbox_border_elm\">\n<div id=\"internal_trc_2826481002\">\n<div class=\"videoCube trc_spotlight_item origin-default textItem thumbnail_top videoCube_1_child syndicatedItem trc-first-recommendation trc-spotlight-first-recommendation trc_excludable\" data-item-id=\"~~V1~~5896388583076878441~~AEKEyIx_BxwXDYV248-5tCLhBShOzTvN3xP1akoU_gXpZyC7dGVdvKnSHsaHrNsFPpUQPQvafTdGLOhAAgWPGgyMhcU0SwWD4HX6vapG2q330ZsDV4TPEZhYUq6-neqBDsENqxt2bphauXs3Ivjm2UJ3e9P0FOqxzd67ctpPQJ1W1CfzLBBjWVea_L-I_4QmsrnLQofZvN2--pKJrTiEnrqtfNB9PSjDBlig62vbwfc\" data-item-title=\"The Camera That Shakes Up the Security Industry\" data-item-thumb=\"https:\/\/cdn.taboola.com\/libtrc\/static\/thumbnails\/STABLE_DIFFUSION_OUTCROP\/ESD\/3102c474-9be9-4caf-a9f9-e25f5f8e688b__28F1hGjd.jpg\" data-item-syndicated=\"true\">\n<div class=\"thumbBlock_holder\"><\/div>\n<\/div>\n<\/div>\n<\/div>\n<\/div>\n<\/div>\n<\/div>\n<\/div>\n<\/div>\n<p><span style=\"color: #000000;\">Aktori u shpreh:<em> \u201cIsha me prokurorin n\u00eb kafe, pa dashje mori celularin tim dhe solli t\u00eb tijn dhe mori timin. Nuk e njoh prokurorin\u201d.<\/em><\/span><\/p>\n<p><span style=\"color: #000000;\">Nuk dihet ende shkaku i k\u00ebsaj prezence, por m\u00ebsohet se aktori ka qen\u00eb i pranish\u00ebm edhe dy dit\u00eb m\u00eb par\u00eb n\u00eb SPAK.<\/span><\/p>\n","protected":false,"gt_translate_keys":[{"key":"rendered","format":"html"}]},"excerpt":{"rendered":"<p>Aktori Gazmend Paja \u00ebsht\u00eb paraqitur m\u00ebngjesin e sot\u00ebm n\u00eb Prokurorin\u00eb e Posa\u00e7me (SPAK), ku \u00ebsht\u00eb marr\u00eb n\u00eb pyetje p\u00ebr rreth 60 minuta n\u00eb lidhje me nj\u00eb pron\u00eb n\u00eb bregdet, p\u00ebr t\u00eb cil\u00ebn \u00ebsht\u00eb shpallur investitor strategjik nga qeveria. \u201cHera e dyt\u00eb n\u00eb\u00a0SPAK, ishe si aktor apo si investitor strategjik?\u201d, e pyet\u00ebn gazetar\u00ebt n\u00eb dalje nga [&hellip;]<\/p>\n","protected":false,"gt_translate_keys":[{"key":"rendered","format":"html"}]},"author":49,"featured_media":727182,"comment_status":"closed","ping_status":"open","sticky":false,"template":"","format":"standard","meta":{"footnotes":""},"categories":[65],"tags":[],"class_list":["post-727181","post","type-post","status-publish","format-standard","has-post-thumbnail","hentry","category-lajme"],"gt_translate_keys":[{"key":"link","format":"url"}],"_links":{"self":[{"href":"https:\/\/www.hashtag.al\/index.php\/wp-json\/wp\/v2\/posts\/727181","targetHints":{"allow":["GET"]}}],"collection":[{"href":"https:\/\/www.hashtag.al\/index.php\/wp-json\/wp\/v2\/posts"}],"about":[{"href":"https:\/\/www.hashtag.al\/index.php\/wp-json\/wp\/v2\/types\/post"}],"author":[{"embeddable":true,"href":"https:\/\/www.hashtag.al\/index.php\/wp-json\/wp\/v2\/users\/49"}],"replies":[{"embeddable":true,"href":"https:\/\/www.hashtag.al\/index.php\/wp-json\/wp\/v2\/comments?post=727181"}],"version-history":[{"count":99999,"href":"https:\/\/www.hashtag.al\/index.php\/wp-json\/wp\/v2\/posts\/727181\/revisions"}],"predecessor-version":[{"id":727192,"href":"https:\/\/www.hashtag.al\/index.php\/wp-json\/wp\/v2\/posts\/727181\/revisions\/727192"}],"wp:featuredmedia":[{"embeddable":true,"href":"https:\/\/www.hashtag.al\/index.php\/wp-json\/wp\/v2\/media\/727182"}],"wp:attachment":[{"href":"https:\/\/www.hashtag.al\/index.php\/wp-json\/wp\/v2\/media?parent=727181"}],"wp:term":[{"taxonomy":"category","embeddable":true,"href":"https:\/\/www.hashtag.al\/index.php\/wp-json\/wp\/v2\/categories?post=727181"},{"taxonomy":"post_tag","embeddable":true,"href":"https:\/\/www.hashtag.al\/index.php\/wp-json\/wp\/v2\/tags?post=727181"}],"curies":[{"name":"wp","href":"https:\/\/api.w.org\/{rel}","templated":true}]}}