{"id":726791,"date":"2025-02-25T10:35:02","date_gmt":"2025-02-25T09:35:02","guid":{"rendered":"https:\/\/www.hashtag.al\/?p=726791"},"modified":"2025-02-25T10:35:02","modified_gmt":"2025-02-25T09:35:02","slug":"trump-ve-ne-siklet-macron-in-nxjerr-punonjesen-ta-prese-pastaj-e-ul-anash-tavolines","status":"publish","type":"post","link":"https:\/\/www.hashtag.al\/index.php\/2025\/02\/25\/trump-ve-ne-siklet-macron-in-nxjerr-punonjesen-ta-prese-pastaj-e-ul-anash-tavolines\/","title":{"rendered":"Trump v\u00eb n\u00eb siklet Macron-in, nxjerr punonj\u00ebsen ta pres\u00eb pastaj e ul anash tavolin\u00ebs","gt_translate_keys":[{"key":"rendered","format":"text"}]},"content":{"rendered":"<p><img loading=\"lazy\" decoding=\"async\" class=\"aligncenter size-full wp-image-726796\" src=\"https:\/\/www.hashtag.al\/wp-content\/uploads\/2025\/02\/trumpmacron.jpg\" alt=\"\" width=\"2000\" height=\"1000\" srcset=\"https:\/\/www.hashtag.al\/wp-content\/uploads\/2025\/02\/trumpmacron.jpg 2000w, https:\/\/www.hashtag.al\/wp-content\/uploads\/2025\/02\/trumpmacron-300x150.jpg 300w, https:\/\/www.hashtag.al\/wp-content\/uploads\/2025\/02\/trumpmacron-1024x512.jpg 1024w, https:\/\/www.hashtag.al\/wp-content\/uploads\/2025\/02\/trumpmacron-768x384.jpg 768w, https:\/\/www.hashtag.al\/wp-content\/uploads\/2025\/02\/trumpmacron-1536x768.jpg 1536w\" sizes=\"auto, (max-width: 2000px) 100vw, 2000px\" \/><\/p>\n<p><span style=\"color: #000000;\">Donald Trump u duk se posht\u00ebroi presidentin francez Macron dit\u00ebn e djeshme kur nuk doli fare ta priste n\u00eb mb\u00ebrritjen e tij n\u00eb Sht\u00ebpin\u00eb e Bardh\u00eb nd\u00ebrsa pak m\u00eb pas e uli at\u00eb anash tavolin\u00ebs s\u00eb tij n\u00eb Zyr\u00ebn Ovale.<\/span><\/p>\n<p><span style=\"color: #000000;\">Pamjet treguan presidentin francez duke zbritur nga nj\u00eb makin\u00eb e zez\u00eb p\u00ebrpara se t\u00eb pritej nga Abigail Jones, nj\u00eb zyrtare e Zyr\u00ebs Shefit t\u00eb Protokollit t\u00eb Sht\u00ebpis\u00eb s\u00eb Bardh\u00eb, shkruan <span style=\"color: #0000ff;\"><a style=\"color: #0000ff;\" href=\"https:\/\/www.dailymail.co.uk\/news\/article-14430913\/Donald-Trump-Macron-not-greet-French-president-White-House-squeeze-Oval-Office.html\">Daily Mail<\/a><\/span>.<\/span><\/p>\n<p><span style=\"color: #000000;\">Pamjet treguan gjithashtu Macron-in n\u00eb cepin e tavolin\u00ebs s\u00eb tij n\u00eb Zyr\u00ebm Ovale gjat\u00eb nj\u00eb telefonate n\u00eb Zoom me krer\u00eb t\u00eb tjer\u00eb bot\u00ebror\u00eb, nd\u00ebrkoh\u00eb q\u00eb Trump ishte ulur n\u00eb mes.<\/span><\/p>\n<p><span style=\"color: #000000;\">Macron dhe Trump dol\u00ebn ball\u00eb p\u00ebr ball\u00eb me nj\u00eb shtr\u00ebngim duarsh pak koh\u00eb m\u00eb von\u00eb gjat\u00eb fotove t\u00eb rastit.<\/span><\/p>\n<p><span style=\"color: #000000;\">Trump d\u00ebrgoi val\u00eb trondit\u00ebse n\u00ebp\u00ebr Evrop\u00eb duke kritikuar presidentin ukrainas dhe duke pretenduar se Ukraina e filloi luft\u00ebn dhe jo Rusia.<\/span><\/p>\n<p><span style=\"color: #000000;\"><img loading=\"lazy\" decoding=\"async\" class=\"aligncenter size-full wp-image-726797\" src=\"https:\/\/www.hashtag.al\/wp-content\/uploads\/2025\/02\/95536845-14430913-image-a-13_1740417799277.jpg\" alt=\"\" width=\"634\" height=\"423\" srcset=\"https:\/\/www.hashtag.al\/wp-content\/uploads\/2025\/02\/95536845-14430913-image-a-13_1740417799277.jpg 634w, https:\/\/www.hashtag.al\/wp-content\/uploads\/2025\/02\/95536845-14430913-image-a-13_1740417799277-300x200.jpg 300w\" sizes=\"auto, (max-width: 634px) 100vw, 634px\" \/><\/span><\/p>\n<p><span style=\"color: #000000;\">Para vizit\u00ebs s\u00eb tij, Macron tha se do t&#8217;i paraqiste Trumpit argumente se nuk ishte n\u00eb interesin e tij t&#8217;i p\u00ebrkulej Mosk\u00ebs.<\/span><\/p>\n<p><span style=\"color: #000000;\"><em>\u201cUn\u00eb do t&#8217;i them atij: thell\u00eb n\u00eb vetvete nuk mund t\u00eb jesh i dob\u00ebt p\u00ebrball\u00eb Presidentit Putin. Ky nuk je ti, nuk \u00ebsht\u00eb nga \u00e7far\u00eb je krijuar dhe nuk \u00ebsht\u00eb n\u00eb interesat e tua\u201d<\/em>, tha ai gjat\u00eb nj\u00eb sesioni pyetje-p\u00ebrgjigje n\u00eb rrjetet sociale.<\/span><\/p>\n<p><span style=\"color: #000000;\">N\u00eb nj\u00eb konferenc\u00eb p\u00ebr shtyp n\u00eb Zyr\u00ebn Ovale k\u00ebt\u00eb pasdite, Trump e p\u00ebrshkroi konfliktin midis Rusis\u00eb dhe Ukrain\u00ebs si nj\u00eb &#8220;luft\u00eb t\u00eb ashp\u00ebr&#8221;, duke th\u00ebn\u00eb se &#8220;mund t\u00eb fitosh para, por nuk mund t\u00eb shp\u00ebtosh jet\u00eb&#8221;.<\/span><\/p>\n<p><span style=\"color: #000000;\">Ai gjithashtu paralajm\u00ebroi se gjendja mund t\u00eb dal\u00eb nga kontrolli dhe t\u00eb \u00e7oj\u00eb n\u00eb nj\u00eb Luft\u00eb t\u00eb Tret\u00eb Bot\u00ebrore, duke th\u00ebn\u00eb se jet\u00ebt e m\u00eb shum\u00eb njer\u00ebzve mund t\u00eb humbasin nd\u00ebrsa konflikti vazhdon.<\/span><\/p>\n<p><span style=\"color: #000000;\">Trump gjithashtu mb\u00ebshteti NATO-n, por tha se \u00ebsht\u00eb vet\u00ebm \u201cgj\u00eb e mir\u00eb n\u00ebse p\u00ebrdoret si\u00e7 duhet\u201d.<\/span><\/p>\n<p><img loading=\"lazy\" decoding=\"async\" class=\"aligncenter size-full wp-image-726799\" src=\"https:\/\/www.hashtag.al\/wp-content\/uploads\/2025\/02\/95536695-14430913-image-a-2_1740417466689.jpg\" alt=\"\" width=\"634\" height=\"539\" srcset=\"https:\/\/www.hashtag.al\/wp-content\/uploads\/2025\/02\/95536695-14430913-image-a-2_1740417466689.jpg 634w, https:\/\/www.hashtag.al\/wp-content\/uploads\/2025\/02\/95536695-14430913-image-a-2_1740417466689-300x255.jpg 300w\" sizes=\"auto, (max-width: 634px) 100vw, 634px\" \/><\/p>\n","protected":false,"gt_translate_keys":[{"key":"rendered","format":"html"}]},"excerpt":{"rendered":"<p>Donald Trump u duk se posht\u00ebroi presidentin francez Macron dit\u00ebn e djeshme kur nuk doli fare ta priste n\u00eb mb\u00ebrritjen e tij n\u00eb Sht\u00ebpin\u00eb e Bardh\u00eb nd\u00ebrsa pak m\u00eb pas e uli at\u00eb anash tavolin\u00ebs s\u00eb tij n\u00eb Zyr\u00ebn Ovale. Pamjet treguan presidentin francez duke zbritur nga nj\u00eb makin\u00eb e zez\u00eb p\u00ebrpara se t\u00eb pritej [&hellip;]<\/p>\n","protected":false,"gt_translate_keys":[{"key":"rendered","format":"html"}]},"author":51,"featured_media":726796,"comment_status":"closed","ping_status":"open","sticky":false,"template":"","format":"standard","meta":{"footnotes":""},"categories":[53],"tags":[],"class_list":["post-726791","post","type-post","status-publish","format-standard","has-post-thumbnail","hentry","category-fast-foodi"],"gt_translate_keys":[{"key":"link","format":"url"}],"_links":{"self":[{"href":"https:\/\/www.hashtag.al\/index.php\/wp-json\/wp\/v2\/posts\/726791","targetHints":{"allow":["GET"]}}],"collection":[{"href":"https:\/\/www.hashtag.al\/index.php\/wp-json\/wp\/v2\/posts"}],"about":[{"href":"https:\/\/www.hashtag.al\/index.php\/wp-json\/wp\/v2\/types\/post"}],"author":[{"embeddable":true,"href":"https:\/\/www.hashtag.al\/index.php\/wp-json\/wp\/v2\/users\/51"}],"replies":[{"embeddable":true,"href":"https:\/\/www.hashtag.al\/index.php\/wp-json\/wp\/v2\/comments?post=726791"}],"version-history":[{"count":99999,"href":"https:\/\/www.hashtag.al\/index.php\/wp-json\/wp\/v2\/posts\/726791\/revisions"}],"predecessor-version":[{"id":726800,"href":"https:\/\/www.hashtag.al\/index.php\/wp-json\/wp\/v2\/posts\/726791\/revisions\/726800"}],"wp:featuredmedia":[{"embeddable":true,"href":"https:\/\/www.hashtag.al\/index.php\/wp-json\/wp\/v2\/media\/726796"}],"wp:attachment":[{"href":"https:\/\/www.hashtag.al\/index.php\/wp-json\/wp\/v2\/media?parent=726791"}],"wp:term":[{"taxonomy":"category","embeddable":true,"href":"https:\/\/www.hashtag.al\/index.php\/wp-json\/wp\/v2\/categories?post=726791"},{"taxonomy":"post_tag","embeddable":true,"href":"https:\/\/www.hashtag.al\/index.php\/wp-json\/wp\/v2\/tags?post=726791"}],"curies":[{"name":"wp","href":"https:\/\/api.w.org\/{rel}","templated":true}]}}