{"id":726656,"date":"2025-02-24T13:49:20","date_gmt":"2025-02-24T12:49:20","guid":{"rendered":"https:\/\/www.hashtag.al\/?p=726656"},"modified":"2025-02-24T13:49:20","modified_gmt":"2025-02-24T12:49:20","slug":"ish-kryebashkiaku-i-kavajes-thirret-ne-spak","status":"publish","type":"post","link":"https:\/\/www.hashtag.al\/index.php\/2025\/02\/24\/ish-kryebashkiaku-i-kavajes-thirret-ne-spak\/","title":{"rendered":"Ish-kryebashkiaku i Kavaj\u00ebs thirret n\u00eb SPAK","gt_translate_keys":[{"key":"rendered","format":"text"}]},"content":{"rendered":"<p><img loading=\"lazy\" decoding=\"async\" class=\"aligncenter size-full wp-image-726657\" src=\"https:\/\/www.hashtag.al\/wp-content\/uploads\/2025\/02\/elvis-rroshio.jpg\" alt=\"\" width=\"1061\" height=\"670\" srcset=\"https:\/\/www.hashtag.al\/wp-content\/uploads\/2025\/02\/elvis-rroshio.jpg 1061w, https:\/\/www.hashtag.al\/wp-content\/uploads\/2025\/02\/elvis-rroshio-300x189.jpg 300w, https:\/\/www.hashtag.al\/wp-content\/uploads\/2025\/02\/elvis-rroshio-1024x647.jpg 1024w, https:\/\/www.hashtag.al\/wp-content\/uploads\/2025\/02\/elvis-rroshio-768x485.jpg 768w\" sizes=\"auto, (max-width: 1061px) 100vw, 1061px\" \/><\/p>\n<p><span style=\"color: #000000;\">Ish-kryetari i bashkis\u00eb s\u00eb Kavaj\u00ebs, Elvis Roshi \u00ebsht\u00eb paraqitur mesdit\u00ebn e sotme (24 shkurt) n\u00eb ambientet e Prokuroris\u00eb s\u00eb Posa\u00e7me (SPAK). Arsyet e thirrjes n\u00eb SPAK ende nuk jan\u00eb b\u00ebr\u00eb t\u00eb ditura.<\/span><\/p>\n<p><span style=\"color: #000000;\">Kujtojm\u00eb q\u00eb ai \u00ebsht\u00eb kall\u00ebzuar disa vite m\u00eb par\u00eb nga KLSH p\u00ebr disa tendera n\u00eb koh\u00ebn kur ai drejtonte bashkin\u00eb e Kavaj\u00ebs.<\/span><\/p>\n<p><span style=\"color: #000000;\">Nj\u00eb vit m\u00eb par\u00eb Prokuroria e Durr\u00ebsit k\u00ebrkoi pushimin e hetimeve ndaj ish-kryebashkiakut t\u00eb Kavaj\u00ebs, por Gjykata e Posa\u00e7me vendosi q\u00eb \u00e7\u00ebshtja t\u2019i kaloj\u00eb SPAK.<\/span><\/p>\n","protected":false,"gt_translate_keys":[{"key":"rendered","format":"html"}]},"excerpt":{"rendered":"<p>Ish-kryetari i bashkis\u00eb s\u00eb Kavaj\u00ebs, Elvis Roshi \u00ebsht\u00eb paraqitur mesdit\u00ebn e sotme (24 shkurt) n\u00eb ambientet e Prokuroris\u00eb s\u00eb Posa\u00e7me (SPAK). Arsyet e thirrjes n\u00eb SPAK ende nuk jan\u00eb b\u00ebr\u00eb t\u00eb ditura. Kujtojm\u00eb q\u00eb ai \u00ebsht\u00eb kall\u00ebzuar disa vite m\u00eb par\u00eb nga KLSH p\u00ebr disa tendera n\u00eb koh\u00ebn kur ai drejtonte bashkin\u00eb e Kavaj\u00ebs. Nj\u00eb [&hellip;]<\/p>\n","protected":false,"gt_translate_keys":[{"key":"rendered","format":"html"}]},"author":49,"featured_media":726657,"comment_status":"closed","ping_status":"open","sticky":false,"template":"","format":"standard","meta":{"footnotes":""},"categories":[65],"tags":[],"class_list":["post-726656","post","type-post","status-publish","format-standard","has-post-thumbnail","hentry","category-lajme"],"gt_translate_keys":[{"key":"link","format":"url"}],"_links":{"self":[{"href":"https:\/\/www.hashtag.al\/index.php\/wp-json\/wp\/v2\/posts\/726656","targetHints":{"allow":["GET"]}}],"collection":[{"href":"https:\/\/www.hashtag.al\/index.php\/wp-json\/wp\/v2\/posts"}],"about":[{"href":"https:\/\/www.hashtag.al\/index.php\/wp-json\/wp\/v2\/types\/post"}],"author":[{"embeddable":true,"href":"https:\/\/www.hashtag.al\/index.php\/wp-json\/wp\/v2\/users\/49"}],"replies":[{"embeddable":true,"href":"https:\/\/www.hashtag.al\/index.php\/wp-json\/wp\/v2\/comments?post=726656"}],"version-history":[{"count":99999,"href":"https:\/\/www.hashtag.al\/index.php\/wp-json\/wp\/v2\/posts\/726656\/revisions"}],"predecessor-version":[{"id":726658,"href":"https:\/\/www.hashtag.al\/index.php\/wp-json\/wp\/v2\/posts\/726656\/revisions\/726658"}],"wp:featuredmedia":[{"embeddable":true,"href":"https:\/\/www.hashtag.al\/index.php\/wp-json\/wp\/v2\/media\/726657"}],"wp:attachment":[{"href":"https:\/\/www.hashtag.al\/index.php\/wp-json\/wp\/v2\/media?parent=726656"}],"wp:term":[{"taxonomy":"category","embeddable":true,"href":"https:\/\/www.hashtag.al\/index.php\/wp-json\/wp\/v2\/categories?post=726656"},{"taxonomy":"post_tag","embeddable":true,"href":"https:\/\/www.hashtag.al\/index.php\/wp-json\/wp\/v2\/tags?post=726656"}],"curies":[{"name":"wp","href":"https:\/\/api.w.org\/{rel}","templated":true}]}}