{"id":726623,"date":"2025-02-24T12:23:48","date_gmt":"2025-02-24T11:23:48","guid":{"rendered":"https:\/\/www.hashtag.al\/?p=726623"},"modified":"2025-02-24T17:01:31","modified_gmt":"2025-02-24T16:01:31","slug":"ndyresireca-eshte-ky-kercenim-veliaj-publikon-debatin-me-dadon-ne-seance-kjo-gjuhe-e-atmosfere-sduhet-toleruar-me","status":"publish","type":"post","link":"https:\/\/www.hashtag.al\/index.php\/2025\/02\/24\/ndyresireca-eshte-ky-kercenim-veliaj-publikon-debatin-me-dadon-ne-seance-kjo-gjuhe-e-atmosfere-sduhet-toleruar-me\/","title":{"rendered":"Polemika nd\u00ebrmjet Veliajt dhe SPAK-ut p\u00ebr audioregjistrimin e seanc\u00ebs","gt_translate_keys":[{"key":"rendered","format":"text"}]},"content":{"rendered":"<p><span style=\"color: #000000;\"><img loading=\"lazy\" decoding=\"async\" class=\"aligncenter size-full wp-image-726628\" src=\"https:\/\/www.hashtag.al\/wp-content\/uploads\/2025\/02\/640-0-veliaj-olsi-dado-788.jpg\" alt=\"\" width=\"640\" height=\"376\" srcset=\"https:\/\/www.hashtag.al\/wp-content\/uploads\/2025\/02\/640-0-veliaj-olsi-dado-788.jpg 640w, https:\/\/www.hashtag.al\/wp-content\/uploads\/2025\/02\/640-0-veliaj-olsi-dado-788-300x176.jpg 300w\" sizes=\"auto, (max-width: 640px) 100vw, 640px\" \/><\/span><\/p>\n<p><span style=\"color: #000000;\">Kryebashkiaku i Tiran\u00ebs Veliaj ka publikuar nj\u00eb nga p\u00ebrplasjet n\u00eb seanc\u00eb me prokurorin e dosjes Ols Dado. Ai shkruan se prokurori i SPAK-ut flet me nj\u00eb gjuh\u00eb shum\u00eb t\u00eb ul\u00ebt dhe se ajo e atmosfera e sigurimsave nuk duhet toleruar m\u00eb<\/span><\/p>\n<p><span style=\"color: #000000;\"><em>\u00a0\u201cKy \u00ebsht\u00eb nj\u00eb nga dialogjet n\u00eb thertoren e Erion Kasapit! Lexojeni se me \u00e7far\u00eb gjuhe flet prokurori i SPAK-ut, aq t\u00eb ul\u00ebt sa edhe Erion Kasapi duket\u00a0 xhent\u00ebllmen para tij! <\/em><\/span><\/p>\n<p><span style=\"color: #000000;\"><em>Kjo gjuh\u00eb dhe atmosfer\u00eb, sikur Sigurimsat jan\u00eb kthyer nga penxherja, pasi i nxorr\u00ebm nga dera, nuk duhet toleruar m\u00eb.\u201d<\/em> &#8211; shkruan \u00a0Veliaj.<\/span><\/p>\n<p><span style=\"color: #000000;\"><img loading=\"lazy\" decoding=\"async\" class=\"aligncenter size-full wp-image-726627\" src=\"https:\/\/www.hashtag.al\/wp-content\/uploads\/2025\/02\/480814595_1176281270533705_1976244744464564929_n.jpg\" alt=\"\" width=\"1280\" height=\"1600\" srcset=\"https:\/\/www.hashtag.al\/wp-content\/uploads\/2025\/02\/480814595_1176281270533705_1976244744464564929_n.jpg 1280w, https:\/\/www.hashtag.al\/wp-content\/uploads\/2025\/02\/480814595_1176281270533705_1976244744464564929_n-240x300.jpg 240w, https:\/\/www.hashtag.al\/wp-content\/uploads\/2025\/02\/480814595_1176281270533705_1976244744464564929_n-819x1024.jpg 819w, https:\/\/www.hashtag.al\/wp-content\/uploads\/2025\/02\/480814595_1176281270533705_1976244744464564929_n-768x960.jpg 768w, https:\/\/www.hashtag.al\/wp-content\/uploads\/2025\/02\/480814595_1176281270533705_1976244744464564929_n-1229x1536.jpg 1229w\" sizes=\"auto, (max-width: 1280px) 100vw, 1280px\" \/><\/span><\/p>\n<p><span style=\"color: #000000;\"><strong>Debati n\u00eb seanc\u00eb i publikuar nga Veliaj<\/strong><\/span><\/p>\n<p><span style=\"color: #000000;\"><em>Prokurori Dado: Ndyr\u00ebsir\u00eb! S&#8217;ke turp q\u00eb thua, tregon banes\u00ebn e prokurorit k\u00ebtu, \u00e7&#8217;a \u00ebsht\u00eb 3 ky, k\u00ebrc\u00ebnim \u00ebsht\u00eb ky? \u00cbsht\u00eb k\u00ebrc\u00ebnim ky q\u00eb tregon banes\u00ebn e prokurorit?<\/em><\/span><\/p>\n<p><span style=\"color: #000000;\"><em>Kryebashkiaku Veliaj: Asnj\u00eb k\u00ebrc\u00ebnim.<\/em><\/span><\/p>\n<p><span style=\"color: #000000;\"><em>Gjyqtari Bani: Prokuror, ulu!<\/em><\/span><\/p>\n<p><span style=\"color: #000000;\"><em>Prokurori Dado: A? \u00c7&#8217;a \u00ebsht\u00eb ky? K\u00ebrc\u00ebnim \u00ebsht\u00eb ky?<\/em><\/span><\/p>\n<p><span style=\"color: #000000;\"><em>Kryebashkiaku Veliaj: Un\u00eb besoj \u00ebsht\u00eb konflikt interesi. Prokurori mendon q\u00eb edhe kjo sjellje \u00ebsht\u00eb normale, por kjo s&#8217;\u00ebsht\u00eb normale.<\/em><\/span><\/p>\n<p><span style=\"color: #000000;\"><em>Prokurori Dado: E kam mesazhin k\u00ebtu.<\/em><\/span><\/p>\n<p><span style=\"color: #000000;\"><em>Kryebashkiaku Veliaj: Por, kam t\u00eb drejt\u00eb t\u00eb them q\u00eb s&#8217;\u00ebsht\u00eb normale.<\/em><\/span><\/p>\n<p><span style=\"color: #000000;\"><em>Gjyqtari Bani: Prokuror!<\/em><\/span><\/p>\n<p><iframe loading=\"lazy\" style=\"border: none; overflow: hidden;\" src=\"https:\/\/www.facebook.com\/plugins\/post.php?href=https%3A%2F%2Fwww.facebook.com%2FErionVeliaj%2Fposts%2Fpfbid0fqRtuHiXWeQqJUsCVBJZBR27mdd12mNajBZMrb1yreBQt9kfzuVQjpVYtDpxovE6l&amp;show_text=true&amp;width=500\" width=\"500\" height=\"673\" frameborder=\"0\" scrolling=\"no\" allowfullscreen=\"allowfullscreen\"><\/iframe><\/p>\n<p><span style=\"color: #000000;\">Por nuk vonoi shum\u00eb dhe Gjykata e Posa\u00e7me AntiKorrupsion iu p\u00ebrgjigj pretendimeve t\u00eb kryebashkiakut Veliaj, duke i hedhur ato posht\u00eb.<\/span><\/p>\n<p><span style=\"color: #000000;\">N\u00eb nj\u00eb njoftim p\u00ebr mediat, GJKKO thot\u00eb se n\u00eb asnj\u00eb moment prokurori Dado nuk e ka quajtur \u201cndyr\u00ebsir\u00eb\u201d t\u00eb hetuarin Erion Veliaj.<\/span><\/p>\n<p><span style=\"color: #000000;\">\u00a0\u201c<em>N\u00eb baz\u00eb t\u00eb verifikimit n\u00eb sistemin audio, t\u00eb seanc\u00ebs gjyq\u00ebsore p\u00ebr marrjen n\u00eb pyetje t\u00eb personave n\u00ebn hetim Erion Veliaj, etj., t\u00eb dat\u00ebs 12.02.2025, konkretisht intervali kohor 6:34:02 PM \u2013 6:34:57 PM (t\u00eb cilit i referohet i hetuari Erion Veliaj n\u00eb postimin e tij) si dhe nga procesverbali i seanc\u00ebs gjyq\u00ebsore, nuk rezulton q\u00eb t\u00eb jet\u00eb p\u00ebrdorur fjala \u201cndyr\u00ebsir\u00eb\u201d nga ana e prokurorit Ols Dado n\u00eb asnj\u00eb moment.\u201d-<\/em> thuhet n\u00eb njoftimin e GJKKO.<\/span><\/p>\n<p><img loading=\"lazy\" decoding=\"async\" class=\"alignnone size-medium wp-image-726673\" src=\"https:\/\/www.hashtag.al\/wp-content\/uploads\/2025\/02\/WhatsApp-Image-2025-02-24-at-14.44.37_c8cae521-300x265.jpg\" alt=\"\" width=\"300\" height=\"265\" srcset=\"https:\/\/www.hashtag.al\/wp-content\/uploads\/2025\/02\/WhatsApp-Image-2025-02-24-at-14.44.37_c8cae521-300x265.jpg 300w, https:\/\/www.hashtag.al\/wp-content\/uploads\/2025\/02\/WhatsApp-Image-2025-02-24-at-14.44.37_c8cae521.jpg 759w\" sizes=\"auto, (max-width: 300px) 100vw, 300px\" \/><\/p>\n<p><img decoding=\"async\" src=\"https:\/\/www.panorama.com.al\/wp-content\/uploads\/2025\/02\/faksimile21.jpg\" alt=\"faksimile2\" \/><\/p>\n","protected":false,"gt_translate_keys":[{"key":"rendered","format":"html"}]},"excerpt":{"rendered":"<p>Kryebashkiaku i Tiran\u00ebs Veliaj ka publikuar nj\u00eb nga p\u00ebrplasjet n\u00eb seanc\u00eb me prokurorin e dosjes Ols Dado. Ai shkruan se prokurori i SPAK-ut flet me nj\u00eb gjuh\u00eb shum\u00eb t\u00eb ul\u00ebt dhe se ajo e atmosfera e sigurimsave nuk duhet toleruar m\u00eb \u00a0\u201cKy \u00ebsht\u00eb nj\u00eb nga dialogjet n\u00eb thertoren e Erion Kasapit! Lexojeni se me \u00e7far\u00eb [&hellip;]<\/p>\n","protected":false,"gt_translate_keys":[{"key":"rendered","format":"html"}]},"author":51,"featured_media":726628,"comment_status":"closed","ping_status":"open","sticky":false,"template":"","format":"standard","meta":{"footnotes":""},"categories":[22],"tags":[],"class_list":["post-726623","post","type-post","status-publish","format-standard","has-post-thumbnail","hentry","category-ballina"],"gt_translate_keys":[{"key":"link","format":"url"}],"_links":{"self":[{"href":"https:\/\/www.hashtag.al\/index.php\/wp-json\/wp\/v2\/posts\/726623","targetHints":{"allow":["GET"]}}],"collection":[{"href":"https:\/\/www.hashtag.al\/index.php\/wp-json\/wp\/v2\/posts"}],"about":[{"href":"https:\/\/www.hashtag.al\/index.php\/wp-json\/wp\/v2\/types\/post"}],"author":[{"embeddable":true,"href":"https:\/\/www.hashtag.al\/index.php\/wp-json\/wp\/v2\/users\/51"}],"replies":[{"embeddable":true,"href":"https:\/\/www.hashtag.al\/index.php\/wp-json\/wp\/v2\/comments?post=726623"}],"version-history":[{"count":99999,"href":"https:\/\/www.hashtag.al\/index.php\/wp-json\/wp\/v2\/posts\/726623\/revisions"}],"predecessor-version":[{"id":726698,"href":"https:\/\/www.hashtag.al\/index.php\/wp-json\/wp\/v2\/posts\/726623\/revisions\/726698"}],"wp:featuredmedia":[{"embeddable":true,"href":"https:\/\/www.hashtag.al\/index.php\/wp-json\/wp\/v2\/media\/726628"}],"wp:attachment":[{"href":"https:\/\/www.hashtag.al\/index.php\/wp-json\/wp\/v2\/media?parent=726623"}],"wp:term":[{"taxonomy":"category","embeddable":true,"href":"https:\/\/www.hashtag.al\/index.php\/wp-json\/wp\/v2\/categories?post=726623"},{"taxonomy":"post_tag","embeddable":true,"href":"https:\/\/www.hashtag.al\/index.php\/wp-json\/wp\/v2\/tags?post=726623"}],"curies":[{"name":"wp","href":"https:\/\/api.w.org\/{rel}","templated":true}]}}