{"id":726530,"date":"2025-02-23T22:58:00","date_gmt":"2025-02-23T21:58:00","guid":{"rendered":"https:\/\/www.hashtag.al\/?p=726530"},"modified":"2025-02-24T10:41:43","modified_gmt":"2025-02-24T09:41:43","slug":"zgjedhjet-ne-gjermani-fitorja-e-cdu-se-dhe-rritja-e-afd-se-ndikimi-i-shba-dhe-reagimet-e-lidereve-politike","status":"publish","type":"post","link":"https:\/\/www.hashtag.al\/index.php\/2025\/02\/23\/zgjedhjet-ne-gjermani-fitorja-e-cdu-se-dhe-rritja-e-afd-se-ndikimi-i-shba-dhe-reagimet-e-lidereve-politike\/","title":{"rendered":"Zgjedhjet n\u00eb Gjermani\/ Fitorja e CDU-s\u00eb dhe rritja e AfD-s\u00eb, ndikimi i SHBA dhe reagimet e lider\u00ebve politik\u00eb","gt_translate_keys":[{"key":"rendered","format":"text"}]},"content":{"rendered":"<p>&nbsp;<\/p>\n<p><span style=\"color: #000000;\"><img loading=\"lazy\" decoding=\"async\" class=\"alignnone size-medium wp-image-726531\" src=\"https:\/\/www.hashtag.al\/wp-content\/uploads\/2025\/02\/promo-300x169.jpg\" alt=\"\" width=\"300\" height=\"169\" srcset=\"https:\/\/www.hashtag.al\/wp-content\/uploads\/2025\/02\/promo-300x169.jpg 300w, https:\/\/www.hashtag.al\/wp-content\/uploads\/2025\/02\/promo-1024x576.jpg 1024w, https:\/\/www.hashtag.al\/wp-content\/uploads\/2025\/02\/promo-768x432.jpg 768w, https:\/\/www.hashtag.al\/wp-content\/uploads\/2025\/02\/promo.jpg 1280w\" sizes=\"auto, (max-width: 300px) 100vw, 300px\" \/><\/span><\/p>\n<p><span style=\"color: #000000;\">N\u00eb zgjedhjet e parakohshme t\u00eb 23 shkurtit 2025, partia konservatore CDU, e udh\u00ebhequr nga Friedrich Merz, shpalli fitoren, duke u renditur si partia m\u00eb e madhe n\u00eb parlament me 28.8% t\u00eb votave, sipas exit-polleve.<\/span><\/p>\n<p><span style=\"color: #000000;\">Partia e ekstremit t\u00eb djatht\u00eb, Alternative p\u00ebr Gjermanin\u00eb (AfD), sh\u00ebnoi nj\u00eb rezultat historik, duke u pozicionuar n\u00eb vendin e dyt\u00eb me 20.2% t\u00eb votave, nj\u00eb arritje q\u00eb ka b\u00ebr\u00eb q\u00eb kjo parti, dikur periferike, t\u00eb shnd\u00ebrrohet n\u00eb nj\u00eb forc\u00eb t\u00eb madhe politike n\u00eb Gjermani.<\/span><\/p>\n<p><span style=\"color: #000000;\">N\u00eb vendin e tret\u00eb u rendit Partia Socialdemokrate (SPD), e udh\u00ebhequr nga kancelari aktual Olaf Scholz, me 16.2% t\u00eb votave.<\/span><\/p>\n<p><span style=\"color: #000000;\">Lideri i CDU-s\u00eb, Friedrich Merz, shpalli fitoren p\u00ebrpara mb\u00ebshtet\u00ebsve t\u00eb tij n\u00eb Berlin, duke shprehur angazhimin p\u00ebr t\u00eb formuar nj\u00eb qeveri t\u00eb q\u00ebndrueshme dhe p\u00ebr t\u00eb adresuar sfidat e Gjermanis\u00eb, duke p\u00ebrfshir\u00eb emigracionin dhe sigurin\u00eb.<\/span><\/p>\n<p><span style=\"color: #000000;\">Ai theksoi se do t\u00eb punonte p\u00ebr t\u00eb forcuar Evrop\u00ebn dhe p\u00ebr t\u00eb krijuar nj\u00eb Evrop\u00eb t\u00eb pavarur nga Shtetet e Bashkuara n\u00eb \u00e7\u00ebshtjet e mbrojtjes.<\/span><\/p>\n<p><span style=\"color: #000000;\">&#8220;<em>Gjermania ka nevoj\u00eb p\u00ebr nj\u00eb qeveri t\u00eb fuqishme, dhe un\u00eb jam gati t\u00eb udh\u00ebhoj at\u00eb,&#8221;<\/em> tha Merz.<\/span><\/p>\n<p><span style=\"color: #000000;\">Kancelari aktual Olaf Scholz, lideri i SPD-s\u00eb, pranoi humbjen dhe theksoi se ky rezultat reflekton ndryshimet e thella n\u00eb politik\u00ebn gjermane.<\/span><\/p>\n<p><span style=\"color: #000000;\">Ai tha se SPD-ja do t\u00eb vazhdoj\u00eb t\u00eb luaj\u00eb nj\u00eb rol t\u00eb r\u00ebnd\u00ebsish\u00ebm n\u00eb debatin politik dhe shprehu shqet\u00ebsimin p\u00ebr rritjen e AfD-s\u00eb.<\/span><\/p>\n<p><span style=\"color: #000000;\">Nd\u00ebrsa liderja e AfD-s\u00eb Alice Weidel, u shpreh shum\u00eb e k\u00ebnaqur me rezultatin, duke e konsideruar at\u00eb si nj\u00eb mandat t\u00eb qart\u00eb p\u00ebr t\u00eb udh\u00ebhequr.<\/span><\/p>\n<p><span style=\"color: #000000;\">Ajo theksoi se AfD-ja do t\u00eb luftoj\u00eb p\u00ebr t\u00eb ndryshuar politikat e emigracionit dhe p\u00ebr t\u00eb mbrojtur interesat e qytetar\u00ebve gjerman\u00eb.<\/span><\/p>\n<p><span style=\"color: #000000;\">Megjithat\u00eb, ajo p\u00ebrballet me nj\u00eb bllokad\u00eb nga partit\u00eb kryesore q\u00eb kan\u00eb p\u00ebrjashtuar mund\u00ebsin\u00eb e formimit t\u00eb koalicioneve me AfD-n\u00eb.<\/span><\/p>\n<p>&nbsp;<\/p>\n<p><strong><span style=\"color: #000000;\">Ndikimi i Shteteve t\u00eb Bashkuara dhe Donald Trump<\/span><\/strong><\/p>\n<p><span style=\"color: #000000;\">Nj\u00eb aspekt i r\u00ebnd\u00ebsish\u00ebm i k\u00ebtyre zgjedhjeve ka qen\u00eb ndikimi i Shteteve t\u00eb Bashkuara, ve\u00e7an\u00ebrisht pas disa deklaratave t\u00eb Donald Trump-it.<\/span><\/p>\n<p><span style=\"color: #000000;\">Trump, i cili ka qen\u00eb nj\u00eb figur\u00eb kontroverse n\u00eb politik\u00ebn nd\u00ebrkomb\u00ebtare, ka shkaktuar tronditje n\u00eb Evrop\u00eb pas nismave t\u00eb tij p\u00ebr t\u00eb p\u00ebrfshir\u00eb Rusin\u00eb n\u00eb bisedimet p\u00ebr Ukrain\u00ebn, duke anashkaluar shum\u00eb lider\u00eb evropian\u00eb, p\u00ebrfshir\u00eb ata gjerman\u00eb.<\/span><\/p>\n<p><span style=\"color: #000000;\">Kjo ka sjell\u00eb nj\u00eb rritje t\u00eb skepticizmit n\u00eb lidhje me politik\u00ebn e SHBA-s\u00eb dhe ka nxitur disa parti t\u00eb ndryshojn\u00eb q\u00ebndrimet e tyre ndaj lidhjeve me Shtetet e Bashkuara.<\/span><\/p>\n<p><span style=\"color: #000000;\">Merz dhe CDU-ja kan\u00eb theksuar nevoj\u00ebn p\u00ebr t\u00eb patur nj\u00eb Evrop\u00eb m\u00eb t\u00eb fuqishme dhe t\u00eb pavarur, nd\u00ebrkoh\u00eb q\u00eb AfD-ja ka p\u00ebrdorur k\u00ebt\u00eb retorik\u00eb p\u00ebr t\u00eb fituar mb\u00ebshtetje t\u00eb madhe, duke p\u00ebrfshir\u00eb kritik\u00ebn e politikave t\u00eb emigracionit dhe shfryt\u00ebzimin e tensioneve nd\u00ebrkomb\u00ebtare p\u00ebr t\u00eb forcimin e imazhit t\u00eb saj n\u00eb Gjermani.<\/span><\/p>\n<p><span style=\"color: #000000;\">Donald Trump reagoi pozitivisht ndaj fitores s\u00eb CDU-s\u00eb dhe udh\u00ebheq\u00ebsit t\u00eb saj, Friedrich Merz.<\/span><\/p>\n<p><span style=\"color: #000000;\">N\u00eb nj\u00eb deklarat\u00eb pas shpalljes s\u00eb rezultateve t\u00eb exit-polleve, Trump e uroi Merz p\u00ebr fitoren dhe shprehu mb\u00ebshtetje p\u00ebr politikat konservatore t\u00eb tij.<\/span><\/p>\n<p><span style=\"color: #000000;\">&#8220;<em>Friedrich Merz \u00ebsht\u00eb nj\u00eb lider i fort\u00eb dhe i vendosur q\u00eb do t\u00eb udh\u00ebheq\u00eb Gjermanin\u00eb drejt nj\u00eb t\u00eb ardhmeje t\u00eb fuqishme dhe t\u00eb pavarur,&#8221;<\/em> tha Trump.<\/span><\/p>\n<p><span style=\"color: #000000;\">Ai shtoi se fitimi i CDU-s\u00eb \u00ebsht\u00eb nj\u00eb mund\u00ebsi p\u00ebr t\u00eb forcuar lidhjet mes Gjermanis\u00eb dhe Shteteve t\u00eb Bashkuara, duke p\u00ebrmendur gjithashtu se politika e Merz do t\u00eb n\u00ebnkuptoj\u00eb nj\u00eb qeveri m\u00eb t\u00eb fort\u00eb p\u00ebrball\u00eb k\u00ebrc\u00ebnimeve nd\u00ebrkomb\u00ebtare.<\/span><\/p>\n<p data-start=\"3510\" data-end=\"4152\"><span style=\"color: #000000;\">Nj\u00eb tjet\u00ebr faktor q\u00eb ka nxitur debate n\u00eb k\u00ebt\u00eb proces zgjedhor ka qen\u00eb nd\u00ebrhyrja e Elon Musk, themeluesit t\u00eb Tesla dhe nj\u00eb influencues i njohur n\u00eb media dhe politika. Musk, i cili ka shprehur mb\u00ebshtetje p\u00ebr partit\u00eb t\u00eb djathta populiste n\u00eb Evrop\u00eb, ka krijuar nj\u00eb ndikim t\u00eb konsideruesh\u00ebm, ve\u00e7an\u00ebrisht p\u00ebr shkak t\u00eb mb\u00ebshtetjes s\u00eb tij p\u00ebr AfD-n\u00eb. <\/span><\/p>\n<p data-start=\"3510\" data-end=\"4152\"><span style=\"color: #000000;\">Ai pati nj\u00eb rol t\u00eb duksh\u00ebm n\u00eb p\u00ebrpjekjet p\u00ebr t\u00eb mb\u00ebshtetur k\u00ebt\u00eb parti, duke e b\u00ebr\u00eb mb\u00ebshtetjen e tij nj\u00eb faktor q\u00eb ka ngjallur shum\u00eb reagime n\u00eb Gjermani. Kritik\u00ebt e Musk e kan\u00eb konsideruar k\u00ebt\u00eb nj\u00eb nd\u00ebrhyrje t\u00eb pap\u00ebrshtatshme dhe t\u00eb d\u00ebmshme p\u00ebr procesin politik t\u00eb vendit.<\/span><\/p>\n<p data-start=\"4154\" data-end=\"4606\"><span style=\"color: #000000;\">N\u00eb nj\u00eb deklarat\u00eb t\u00eb b\u00ebr\u00eb para zgjedhjeve, Musk pati nj\u00eb mesazh t\u00eb drejtp\u00ebrdrejt\u00eb p\u00ebr mb\u00ebshtet\u00ebsit e AfD-s\u00eb, duke i inkurajuar ata t\u00eb mos tremben nga presioni politik p\u00ebr t&#8217;u distancuar nga ekstremizmi. <\/span><\/p>\n<p data-start=\"4154\" data-end=\"4606\"><span style=\"color: #000000;\">Ai theksoi se ishte koha p\u00ebr t\u00eb folur hapur p\u00ebr \u00e7\u00ebshtje t\u00eb tilla si emigracioni dhe t\u00eb drejtat e qytetar\u00ebve t\u00eb zakonsh\u00ebm, duke mb\u00ebshtetur retorik\u00ebn e partis\u00eb q\u00eb shprehte kritika ndaj qeveris\u00eb gjermane dhe politikave t\u00eb saj t\u00eb hapura ndaj emigrant\u00ebve.<\/span><\/p>\n<p data-start=\"4608\" data-end=\"5079\"><span style=\"color: #000000;\">Ky veprim ka shkaktuar nj\u00eb reaksion t\u00eb fort\u00eb, ve\u00e7an\u00ebrisht n\u00eb mes t\u00eb nj\u00eb rritjeje t\u00eb tensioneve mbi emigracionin dhe sigurin\u00eb n\u00eb Gjermani, dhe ka pasur ndikim t\u00eb duksh\u00ebm n\u00eb shprehjet e partive, p\u00ebrfshir\u00eb AfD-n\u00eb, e cila ka p\u00ebrdorur mb\u00ebshtetje t\u00eb till\u00eb si nj\u00eb m\u00ebnyr\u00eb p\u00ebr t\u00eb rritur mb\u00ebshtetjen populiste n\u00eb votime. <\/span><\/p>\n<p data-start=\"4608\" data-end=\"5079\"><span style=\"color: #000000;\">Nd\u00ebrhyrja e Musk \u00ebsht\u00eb kritikuar nga shum\u00eb lider\u00eb politik\u00eb dhe gazetar\u00eb, por gjithashtu \u00ebsht\u00eb vler\u00ebsuar nga disa segmente t\u00eb publikut q\u00eb ndajn\u00eb mendimet e tij.<\/span><\/p>\n<p data-start=\"4608\" data-end=\"5079\"><strong><span style=\"color: #000000;\">Pasiguria p\u00ebr koalicionin dhe bisedimet p\u00ebr formimin e qeveris\u00eb<\/span><\/strong><\/p>\n<p><span style=\"color: #000000;\">Pas zgjedhjeve, \u00ebsht\u00eb ende e pasigurt n\u00ebse Merz mund t\u00eb formoj\u00eb nj\u00eb qeveri t\u00eb q\u00ebndrueshme.<\/span><\/p>\n<p><span style=\"color: #000000;\">Disa mund\u00ebsi koalicioni p\u00ebrfshijn\u00eb bisedime me SPD-n\u00eb dhe partit\u00eb e tjera t\u00eb qendr\u00ebs, p\u00ebrfshir\u00eb Green Party.<\/span><\/p>\n<p><span style=\"color: #000000;\">Megjithat\u00eb, \u00ebsht\u00eb e qart\u00eb se nj\u00eb bashk\u00ebpunim me AfD-n\u00eb \u00ebsht\u00eb i pamundur p\u00ebr momentin, pasi shumica e partive jan\u00eb kund\u00ebr p\u00ebrfshirjes s\u00eb k\u00ebsaj partie n\u00eb qeveri p\u00ebr shkak t\u00eb lidhjeve t\u00eb saj me ekstremizmin dhe politikat e saj kontroversiale.<\/span><\/p>\n<p><span style=\"color: #000000;\">N\u00eb k\u00ebt\u00eb kontekst, Merz do t\u00eb duhet t\u00eb balancoj\u00eb presionet e brendshme dhe nd\u00ebrkomb\u00ebtare dhe t\u00eb krijoj\u00eb nj\u00eb koalicion t\u00eb q\u00ebndruesh\u00ebm q\u00eb do t\u00eb udh\u00ebheq\u00eb Gjermanin\u00eb p\u00ebrmes sfidave t\u00eb ardhshme ekonomike dhe politike.<\/span><\/p>\n","protected":false,"gt_translate_keys":[{"key":"rendered","format":"html"}]},"excerpt":{"rendered":"<p>&nbsp; N\u00eb zgjedhjet e parakohshme t\u00eb 23 shkurtit 2025, partia konservatore CDU, e udh\u00ebhequr nga Friedrich Merz, shpalli fitoren, duke u renditur si partia m\u00eb e madhe n\u00eb parlament me 28.8% t\u00eb votave, sipas exit-polleve. Partia e ekstremit t\u00eb djatht\u00eb, Alternative p\u00ebr Gjermanin\u00eb (AfD), sh\u00ebnoi nj\u00eb rezultat historik, duke u pozicionuar n\u00eb vendin e dyt\u00eb [&hellip;]<\/p>\n","protected":false,"gt_translate_keys":[{"key":"rendered","format":"html"}]},"author":32,"featured_media":726531,"comment_status":"closed","ping_status":"open","sticky":false,"template":"","format":"standard","meta":{"footnotes":""},"categories":[53],"tags":[],"class_list":["post-726530","post","type-post","status-publish","format-standard","has-post-thumbnail","hentry","category-fast-foodi"],"gt_translate_keys":[{"key":"link","format":"url"}],"_links":{"self":[{"href":"https:\/\/www.hashtag.al\/index.php\/wp-json\/wp\/v2\/posts\/726530","targetHints":{"allow":["GET"]}}],"collection":[{"href":"https:\/\/www.hashtag.al\/index.php\/wp-json\/wp\/v2\/posts"}],"about":[{"href":"https:\/\/www.hashtag.al\/index.php\/wp-json\/wp\/v2\/types\/post"}],"author":[{"embeddable":true,"href":"https:\/\/www.hashtag.al\/index.php\/wp-json\/wp\/v2\/users\/32"}],"replies":[{"embeddable":true,"href":"https:\/\/www.hashtag.al\/index.php\/wp-json\/wp\/v2\/comments?post=726530"}],"version-history":[{"count":99999,"href":"https:\/\/www.hashtag.al\/index.php\/wp-json\/wp\/v2\/posts\/726530\/revisions"}],"predecessor-version":[{"id":726588,"href":"https:\/\/www.hashtag.al\/index.php\/wp-json\/wp\/v2\/posts\/726530\/revisions\/726588"}],"wp:featuredmedia":[{"embeddable":true,"href":"https:\/\/www.hashtag.al\/index.php\/wp-json\/wp\/v2\/media\/726531"}],"wp:attachment":[{"href":"https:\/\/www.hashtag.al\/index.php\/wp-json\/wp\/v2\/media?parent=726530"}],"wp:term":[{"taxonomy":"category","embeddable":true,"href":"https:\/\/www.hashtag.al\/index.php\/wp-json\/wp\/v2\/categories?post=726530"},{"taxonomy":"post_tag","embeddable":true,"href":"https:\/\/www.hashtag.al\/index.php\/wp-json\/wp\/v2\/tags?post=726530"}],"curies":[{"name":"wp","href":"https:\/\/api.w.org\/{rel}","templated":true}]}}