{"id":726259,"date":"2025-02-22T09:22:01","date_gmt":"2025-02-22T08:22:01","guid":{"rendered":"https:\/\/www.hashtag.al\/?p=726259"},"modified":"2025-02-22T09:22:01","modified_gmt":"2025-02-22T08:22:01","slug":"gjermania-te-dielen-ne-zgjedhje-te-parakohshme-ke-do-te-votojne-rreth-7-milione-votues-me-origjine-te-huaj","status":"publish","type":"post","link":"https:\/\/www.hashtag.al\/index.php\/2025\/02\/22\/gjermania-te-dielen-ne-zgjedhje-te-parakohshme-ke-do-te-votojne-rreth-7-milione-votues-me-origjine-te-huaj\/","title":{"rendered":"Gjermania t\u00eb diel\u00ebn n\u00eb zgjedhje t\u00eb parakohshme, k\u00eb do t\u00eb votojn\u00eb rreth 7 milion\u00eb votues me origjin\u00eb t\u00eb huaj","gt_translate_keys":[{"key":"rendered","format":"text"}]},"content":{"rendered":"<p class=\"teaser-text s1811lbz t1qen3t4 m1km9ap7 wgx1hx2 b1ho1h07\" style=\"text-align: left;\"><span style=\"color: #000000;\"><img loading=\"lazy\" decoding=\"async\" class=\"aligncenter size-full wp-image-726260\" src=\"https:\/\/www.hashtag.al\/wp-content\/uploads\/2025\/02\/71710437_1004.webp\" alt=\"\" width=\"1200\" height=\"525\" srcset=\"https:\/\/www.hashtag.al\/wp-content\/uploads\/2025\/02\/71710437_1004.webp 1200w, https:\/\/www.hashtag.al\/wp-content\/uploads\/2025\/02\/71710437_1004-300x131.webp 300w, https:\/\/www.hashtag.al\/wp-content\/uploads\/2025\/02\/71710437_1004-1024x448.webp 1024w, https:\/\/www.hashtag.al\/wp-content\/uploads\/2025\/02\/71710437_1004-768x336.webp 768w\" sizes=\"auto, (max-width: 1200px) 100vw, 1200px\" \/><\/span><\/p>\n<p class=\"teaser-text s1811lbz t1qen3t4 m1km9ap7 wgx1hx2 b1ho1h07\" style=\"text-align: left;\"><span style=\"color: #000000;\">N\u00eb zgjedhjet e parakohshme parlamentare n\u00eb Gjermani rreth 7 milion\u00eb votues kan\u00eb origjin\u00eb t\u00eb huaj. Kujt do t\u2019ia japin ata vot\u00ebn t\u00eb diel\u00ebn nuk dihet, po ka disa preferenca.<\/span><\/p>\n<p class=\"teaser-text s1811lbz t1qen3t4 m1km9ap7 wgx1hx2 b1ho1h07\" style=\"text-align: left;\"><span style=\"color: #000000;\">N\u00eb zgjedhjet e parakohshme parlamentare n\u00eb Gjermani t\u00eb diel\u00ebn (23.02.) rreth 60 milion\u00eb vet\u00eb do t\u2019i drejtohen kutive t\u00eb votimit. <\/span><\/p>\n<p class=\"teaser-text s1811lbz t1qen3t4 m1km9ap7 wgx1hx2 b1ho1h07\" style=\"text-align: left;\"><span style=\"color: #000000;\">N\u00eb vitet e fundit \u00ebsht\u00eb rritur edhe numri i atyre q\u00eb kan\u00eb sfond migracioni dhe t\u00eb drejt\u00eb vote. Rreth 7 milion\u00eb votues kan\u00eb origjin\u00eb t\u00eb huaj. <\/span><\/p>\n<p class=\"teaser-text s1811lbz t1qen3t4 m1km9ap7 wgx1hx2 b1ho1h07\" style=\"text-align: left;\"><span style=\"color: #000000;\">Kujt do t\u2019ia japin ata vot\u00ebn t\u00eb diel\u00ebn? P\u00ebr shkak t\u00eb turbulencave ekonomike t\u00eb Gjermanis\u00eb dy vitet e fundit, nj\u00eb gj\u00eb dihet: pavar\u00ebsisht n\u00ebse jan\u00eb gjerman\u00eb \u201ct\u00eb rinj\u201d apo gjerman\u00eb brez pas brezi, telashet e Gjermanis\u00eb sot i prekin t\u00eb gjith\u00eb nj\u00ebsoj: Ngecja ekonomike, inflacioni dhe \u00e7mimet e larta t\u00eb energjis\u00eb, ushqimeve dhe qirave, siguria n\u00eb vend, perspektiva p\u00ebr t\u00eb ardhmen.<\/span><\/p>\n<p class=\"teaser-text s1811lbz t1qen3t4 m1km9ap7 wgx1hx2 b1ho1h07\" style=\"text-align: left;\"><span style=\"color: #000000;\">Studimi i fundit i Qendr\u00ebs Gjermane p\u00ebr Studimet e Migracionit dhe Integrimit (DeZIM) konstaton, se si gjerman\u00ebt pa sfond migracioni edhe ata me rr\u00ebnj\u00eb t\u00eb huaja ndajn\u00eb t\u00eb nj\u00ebjtat shqet\u00ebsime. Problemi kryesor mbetet ekonomia dhe inflacioni. <\/span><\/p>\n<p class=\"teaser-text s1811lbz t1qen3t4 m1km9ap7 wgx1hx2 b1ho1h07\" style=\"text-align: left;\"><span style=\"color: #000000;\">Por nj\u00eb dallim kan\u00eb nga gjerman\u00ebt, personat me sfond\u00a0migracioni.\u00a0 Ata kan\u00eb m\u00eb shpesh frik\u00eb se b\u00ebhen viktima t\u00eb dhun\u00ebs. <\/span><\/p>\n<p class=\"teaser-text s1811lbz t1qen3t4 m1km9ap7 wgx1hx2 b1ho1h07\" style=\"text-align: left;\"><span style=\"color: #000000;\">Nga ana tjet\u00ebr ata jan\u00eb m\u00eb t\u00eb shqet\u00ebsuar se gjerman\u00ebt me rr\u00ebnj\u00eb p\u00ebr \u00e7\u00ebshtjet financiare, p\u00ebr tema si pensionet apo banimi. <\/span><\/p>\n<p class=\"teaser-text s1811lbz t1qen3t4 m1km9ap7 wgx1hx2 b1ho1h07\" style=\"text-align: left;\"><span style=\"color: #000000;\">Edhe konflikti n\u00eb Lindjen e Mesme luan rol n\u00eb shqet\u00ebsimet e k\u00ebtij grupi, me 43% ky shqet\u00ebsim \u00ebsht\u00eb m\u00eb i madh, se gjerman\u00ebt pa sfond migrimi. <\/span><\/p>\n<p class=\"teaser-text s1811lbz t1qen3t4 m1km9ap7 wgx1hx2 b1ho1h07\" style=\"text-align: left;\"><span style=\"color: #000000;\">Aspekt q\u00eb konstatohet n\u00eb studim \u00ebsht\u00eb, se qytetar\u00ebt gjerman\u00eb me sfond migracioni shkojn\u00eb m\u00eb rrall\u00eb drejt kutive t\u00eb votimit, se sa gjerman\u00ebt pa rr\u00ebnj\u00eb t\u00eb huaja.<\/span><\/p>\n<p class=\"teaser-text s1811lbz t1qen3t4 m1km9ap7 wgx1hx2 b1ho1h07\" style=\"text-align: left;\"><span style=\"color: #000000;\"><strong>Cila parti \u00ebsht\u00eb m\u00eb e preferuara?<\/strong><\/span><\/p>\n<p style=\"text-align: left;\"><span style=\"color: #000000;\">Togfjal\u00ebshi vota e migrant\u00ebve duhet specifikuar, sepse ky grup gjerman\u00ebsh me rr\u00ebnj\u00eb t\u00eb huaja \u00ebsht\u00eb mjaft i larmish\u00ebm. <\/span><\/p>\n<p style=\"text-align: left;\"><span style=\"color: #000000;\">Potencialisht \u00e7do parti mund t\u2019i b\u00ebnte p\u00ebr vete gjerman\u00ebt e rinj. Bashkautori i studimit t\u00eb DeZIm, Dr. Jannes Jacobsen thekson se \u201cnjer\u00ebzit me sfond migrimi nuk jan\u00eb nj\u00eb grup homogjen. <\/span><\/p>\n<p style=\"text-align: left;\"><span style=\"color: #000000;\">Preferencat e tyre zgjedhore shtrihen\u00a0tek i gjith\u00eb spektri partiak. Raportimet, se vota e migrant\u00ebve mund t\u00eb vendos\u00eb p\u00ebr suksesin e partive t\u00eb caktuara, nuk konfirmohet n\u00eb studimin ton\u00eb.\u201d Megjithat\u00eb edhe migrant\u00ebt kan\u00eb preferenca t\u00eb caktuara.<\/span><\/p>\n<p style=\"text-align: left;\"><span style=\"color: #000000;\">Sipas studimit t\u00eb Qendr\u00ebs Gjermane p\u00ebr Studimet e Migracionit dhe Integrimit (DeZIM) Partia Socialdemokrate,\u00a0SPD\u00a0\u00ebsht\u00eb n\u00eb pararoj\u00eb tek preferencat e k\u00ebtij grupi votuesish. <\/span><\/p>\n<p style=\"text-align: left;\"><span style=\"color: #000000;\">Sipas studimit rreth 76% e t\u00eb anketuarve do ta jepnin vot\u00ebn p\u00ebr SPD. <\/span><\/p>\n<p style=\"text-align: left;\"><span style=\"color: #000000;\">Pastaj renditet\u00a0CDU dhe CSU\u00a0me rreth 71%. P\u00ebr\u00a0T\u00eb Gjelbrit\u00a0do e jepnin rreth 57% e personave votues me sfond migrimi. P\u00ebr liberal\u00ebt, FDP, 53%. Partia\u00a0AfD\u00a0arrin 21% t\u00eb preferenc\u00ebs, m\u00eb e ulta nd\u00ebr partit\u00eb kryesore gjermane.<\/span><\/p>\n<p style=\"text-align: left;\"><span style=\"color: #000000;\">Qendra DeZIM ka analizuar t\u00eb dh\u00ebnat e 2689 gjerman\u00ebve me t\u00eb drejt\u00eb vote, p\u00ebr nj\u00eb periudh\u00eb nga dhjetori 2023 deri n\u00eb mars 2024. <\/span><\/p>\n<p style=\"text-align: left;\"><span style=\"color: #000000;\">Sipas tyre tradicionalisht gjermano-turqit e japin vot\u00ebn p\u00ebr SPD, gj\u00eb ka lidhje edhe me \u201csocializimin politik\u201d t\u00eb tyre, thekson DeZIM. <\/span><\/p>\n<p style=\"text-align: left;\"><span style=\"color: #000000;\">Nga ana tjet\u00ebr gjermano-turqit jan\u00eb nd\u00ebr ata qytetar\u00eb me sfond migracioni q\u00eb shkojn\u00eb m\u00eb pak t\u00eb votojn\u00eb.Brezat e par\u00eb t\u00eb gjerman\u00ebve me origjin\u00eb turke erdh\u00ebn si \u201cGastarbeiter\u201d n\u00eb Gjermani n\u00eb vitet 50-60-t\u00eb. Shpesh kan\u00eb qen\u00eb edhe an\u00ebtar\u00eb t\u00eb sindikatave.<\/span><\/p>\n<p style=\"text-align: left;\"><span style=\"color: #000000;\"><strong>Dallime n\u00eb baz\u00eb t\u00eb vendit t\u00eb origjin\u00ebs<\/strong><\/span><\/p>\n<p style=\"text-align: left;\"><span style=\"color: #000000;\">Studimi konstaton dallime brenda grupit t\u00eb gjerman\u00ebve me sfond migracioni, n\u00ebse do t\u00eb merreshin n\u00eb konsiderat\u00eb zonat nga ata vijn\u00eb. <\/span><\/p>\n<p style=\"text-align: left;\"><span style=\"color: #000000;\">P\u00ebr shembull tek votuesit, q\u00eb nuk i kan\u00eb rr\u00ebnj\u00ebt n\u00eb vendet e BE, gjen m\u00eb pak mb\u00ebshtetje p\u00ebr T\u00eb Gjelbrit krahasuar me gjerman\u00ebt pa sfond migracioni. <\/span><\/p>\n<p style=\"text-align: left;\"><span style=\"color: #000000;\">Interesante \u00ebsht\u00eb edhe konstatimi, se E Majta dhe Aleanca Sahra Wagenknecht jan\u00eb m\u00eb t\u00eb preferuara tek shum\u00eb grupe votuesish me sfond migracioni se sa tek votuesit gjerman\u00eb pa k\u00ebt\u00eb sfond. <\/span><\/p>\n<p style=\"text-align: left;\"><span style=\"color: #000000;\">Kurse tek qytetar\u00ebt gjerman\u00eb me rr\u00ebnj\u00eb n\u00eb vendet e BE, n\u00eb Lindjen e Mesme, Afrik\u00ebn Veriore apo Turqin\u00eb AfD nuk \u00ebsht\u00eb partia e preferuar. AfD \u00ebsht\u00eb partia m\u00eb e preferuar tek ruso-gjerman\u00ebt.<\/span><\/p>\n<p style=\"text-align: left;\"><span style=\"color: #000000;\"><strong>Rritje e interesit t\u00eb partive gjermane<\/strong><\/span><\/p>\n<p style=\"text-align: left;\"><span style=\"color: #000000;\">Rritja e elektoratit me origjin\u00eb t\u00eb huaj ka koh\u00eb q\u00eb ka zgjuar interesin e partive gjermane. Megjith\u00ebse ky nuk \u00ebsht\u00eb elektorat i nj\u00ebsuar, partit\u00eb gjermane duan t\u00eb b\u00ebjn\u00eb p\u00ebr vete gjerman\u00ebt e rinj. <\/span><\/p>\n<p style=\"text-align: left;\"><span style=\"color: #000000;\">Shpesh aktivist\u00ebt e partive k\u00ebrkojn\u00eb drejtp\u00ebrdrejt dialogun me qytetar\u00ebt me origjin\u00eb t\u00eb huaj, n\u00eb shoqatat e tyre, xhami apo aktivitete t\u00eb tjera. <\/span><\/p>\n<p style=\"text-align: left;\"><span style=\"color: #000000;\">Partit\u00eb kan\u00eb krijuar edhe rrjetet e tyre p\u00ebr t\u00eb kontaktuar qytetar\u00ebt me sfond migracioni. Nganj\u00ebher\u00eb ato p\u00ebrdorin edhe gjuh\u00ebn e migrant\u00ebve p\u00ebr t\u2019i bindur p\u00ebr vot\u00ebn.<\/span><\/p>\n<p style=\"text-align: left;\"><span style=\"color: #000000;\">Mesazhi kryesor \u00ebsht\u00eb: Ju jeni pjes\u00eb e Gjermanis\u00eb. Sepse shum\u00eb qytetar\u00eb me origjin\u00eb t\u00eb huaj, megjith\u00ebse jan\u00eb gjerman\u00eb, ndjehen t\u00eb p\u00ebrjashtuar. <\/span><\/p>\n<p style=\"text-align: left;\"><span style=\"color: #000000;\">Mes tyre edhe t\u00eb rinj, q\u00eb kan\u00eb lindur k\u00ebtu. \u201cKa nj\u00eb grup t\u00eb madh t\u00eb rinjsh q\u00eb n\u00eb jet\u00ebn e p\u00ebrditshme u jepet ndjesia se nuk i p\u00ebrkasin plot\u00ebsisht Gjermanis\u00eb p\u00ebr shkak t\u00eb p\u00ebrvojave t\u00eb diskriminimit dhe p\u00ebrjashtimit. <\/span><\/p>\n<p style=\"text-align: left;\"><span style=\"color: #000000;\">Kjo ndjenj\u00eb \u00e7on n\u00eb l\u00ebndime dhe k\u00ebto l\u00ebndime mund t\u00eb b\u00ebjn\u00eb q\u00eb t\u00eb rinjt\u00eb t\u00eb largohen nga politika dhe t\u00eb mos votojn\u00eb fare\u201d, thot\u00eb Yunus Ulusoy nga Qendra p\u00ebr Studime Turke dhe Integrim (ZfTI) n\u00eb Essen.<\/span><\/p>\n<p style=\"text-align: left;\"><span style=\"color: #000000;\">Megjith\u00ebse duket paradoksale, po\u00a0AfD-ja q\u00eb p\u00ebrdor\u00a0gjuh\u00eb nxit\u00ebse kund\u00ebr migrant\u00ebve, k\u00ebrkon vot\u00ebn e tyre, jo pa sukses.<\/span><\/p>\n<p style=\"text-align: left;\"><span style=\"color: #000000;\"> Sipas bashk\u00ebdrejtueses t\u00eb Komunitetit Turk n\u00eb Gjermani (TGD), Aslihan Yesilkaya-Yurtbay, kjo parti ka mb\u00ebshtetje nd\u00ebrkoh\u00eb edhe mes gjerman\u00ebve me origjin\u00eb turke. <\/span><\/p>\n<p style=\"text-align: left;\"><span style=\"color: #000000;\">\u201cP\u00ebr fat t\u00eb keq ka edhe qytetar\u00eb me origjin\u00eb turke q\u00eb simpatizojn\u00eb me AfD\u201d, tha Yesilkaya-Yurtbay p\u00ebr agjencin\u00eb e lajmeve AfP s\u00eb fundmi. Sipas saj, AfD p\u00ebrpiqet t\u00eb b\u00ebj\u00eb p\u00ebr vete t\u00eb rinjt\u00eb me origjin\u00eb turke sidomos n\u00eb platform\u00ebn TikTok.<span style=\"color: #0000ff;\"><a style=\"color: #0000ff;\" href=\"https:\/\/www.dw.com\/sq\/zgjedhje-n%C3%AB-gjermani-si-votojn%C3%AB-ata-me-origjin%C3%AB-t%C3%AB-huaj\/a-71709892\"><strong>\/DW<\/strong><\/a><\/span><\/span><\/p>\n","protected":false,"gt_translate_keys":[{"key":"rendered","format":"html"}]},"excerpt":{"rendered":"<p>N\u00eb zgjedhjet e parakohshme parlamentare n\u00eb Gjermani rreth 7 milion\u00eb votues kan\u00eb origjin\u00eb t\u00eb huaj. Kujt do t\u2019ia japin ata vot\u00ebn t\u00eb diel\u00ebn nuk dihet, po ka disa preferenca. N\u00eb zgjedhjet e parakohshme parlamentare n\u00eb Gjermani t\u00eb diel\u00ebn (23.02.) rreth 60 milion\u00eb vet\u00eb do t\u2019i drejtohen kutive t\u00eb votimit. N\u00eb vitet e fundit \u00ebsht\u00eb rritur [&hellip;]<\/p>\n","protected":false,"gt_translate_keys":[{"key":"rendered","format":"html"}]},"author":49,"featured_media":726260,"comment_status":"closed","ping_status":"open","sticky":false,"template":"","format":"standard","meta":{"footnotes":""},"categories":[6],"tags":[],"class_list":["post-726259","post","type-post","status-publish","format-standard","has-post-thumbnail","hentry","category-nderkombetare"],"gt_translate_keys":[{"key":"link","format":"url"}],"_links":{"self":[{"href":"https:\/\/www.hashtag.al\/index.php\/wp-json\/wp\/v2\/posts\/726259","targetHints":{"allow":["GET"]}}],"collection":[{"href":"https:\/\/www.hashtag.al\/index.php\/wp-json\/wp\/v2\/posts"}],"about":[{"href":"https:\/\/www.hashtag.al\/index.php\/wp-json\/wp\/v2\/types\/post"}],"author":[{"embeddable":true,"href":"https:\/\/www.hashtag.al\/index.php\/wp-json\/wp\/v2\/users\/49"}],"replies":[{"embeddable":true,"href":"https:\/\/www.hashtag.al\/index.php\/wp-json\/wp\/v2\/comments?post=726259"}],"version-history":[{"count":99999,"href":"https:\/\/www.hashtag.al\/index.php\/wp-json\/wp\/v2\/posts\/726259\/revisions"}],"predecessor-version":[{"id":726261,"href":"https:\/\/www.hashtag.al\/index.php\/wp-json\/wp\/v2\/posts\/726259\/revisions\/726261"}],"wp:featuredmedia":[{"embeddable":true,"href":"https:\/\/www.hashtag.al\/index.php\/wp-json\/wp\/v2\/media\/726260"}],"wp:attachment":[{"href":"https:\/\/www.hashtag.al\/index.php\/wp-json\/wp\/v2\/media?parent=726259"}],"wp:term":[{"taxonomy":"category","embeddable":true,"href":"https:\/\/www.hashtag.al\/index.php\/wp-json\/wp\/v2\/categories?post=726259"},{"taxonomy":"post_tag","embeddable":true,"href":"https:\/\/www.hashtag.al\/index.php\/wp-json\/wp\/v2\/tags?post=726259"}],"curies":[{"name":"wp","href":"https:\/\/api.w.org\/{rel}","templated":true}]}}