{"id":726250,"date":"2025-02-21T22:37:36","date_gmt":"2025-02-21T21:37:36","guid":{"rendered":"https:\/\/www.hashtag.al\/?p=726250"},"modified":"2025-02-21T22:37:36","modified_gmt":"2025-02-21T21:37:36","slug":"avokati-hazizaj-rama-nuk-po-i-ben-mbrojtje-ligjore-veliajt-po-ben-vetem-fushate","status":"publish","type":"post","link":"https:\/\/www.hashtag.al\/index.php\/2025\/02\/21\/avokati-hazizaj-rama-nuk-po-i-ben-mbrojtje-ligjore-veliajt-po-ben-vetem-fushate\/","title":{"rendered":"Avokati Hazizaj: Rama nuk po i b\u00ebn mbrojtje ligjore Veliajt, po b\u00ebn vet\u00ebm fushat\u00eb","gt_translate_keys":[{"key":"rendered","format":"text"}]},"content":{"rendered":"<p><span style=\"color: #000000;\"><img loading=\"lazy\" decoding=\"async\" class=\"aligncenter wp-image-726251 size-full\" src=\"https:\/\/www.hashtag.al\/wp-content\/uploads\/2025\/02\/sokol-hazizaj.png\" alt=\"\" width=\"957\" height=\"569\" srcset=\"https:\/\/www.hashtag.al\/wp-content\/uploads\/2025\/02\/sokol-hazizaj.png 957w, https:\/\/www.hashtag.al\/wp-content\/uploads\/2025\/02\/sokol-hazizaj-300x178.png 300w, https:\/\/www.hashtag.al\/wp-content\/uploads\/2025\/02\/sokol-hazizaj-768x457.png 768w\" sizes=\"auto, (max-width: 957px) 100vw, 957px\" \/><\/span><\/p>\n<p><span style=\"color: #000000;\">Avokati Sokol Hazizaj, gjat\u00eb nj\u00eb interviste n\u00eb emisionin Log. n\u00eb News 24, ka kritikuar kryeministrin Edi Rama p\u00ebr munges\u00ebn e mb\u00ebshtetjes ligjore ndaj kryebashkiakut t\u00eb Tiran\u00ebs, Erion Veliaj, i cili ndodhet n\u00eb paraburgim si i dyshuar p\u00ebr disa vepra penale.<\/span><\/p>\n<p><span style=\"color: #000000;\">Sipas Hazizajt, Rama \u00ebsht\u00eb fokusuar kryesisht n\u00eb fushatat politike dhe nuk ka nd\u00ebrmarr\u00eb asnj\u00eb hap p\u00ebr t\u00eb siguruar prova q\u00eb mund t\u00eb ndihmojn\u00eb Veliajn. Ai theksoi se mbrojtja ligjore e kryebashkiakut po mb\u00ebshtetet ekskluzivisht nga ekipi i tij i avokat\u00ebve, pa ndihm\u00eb nga kryeministri apo figura t\u00eb tjera politike.<\/span><\/p>\n<p><span style=\"color: #000000;\">\u201c<em>Po t\u00eb shoh\u00ebsh deklarimet q\u00eb po b\u00ebn sot Rama me \u201cSy m\u00eb sy\u201d, po tregon q\u00eb ai nuk \u00ebsht\u00eb sebepi i k\u00ebsaj. Po nuk kam par\u00eb asnj\u00eb p\u00ebrpjekje t\u00eb tij n\u00eb identifikimin e provave n\u00eb ndihm\u00eb t\u00eb kryetarit t\u00eb Bashkis\u00eb, vet\u00ebm politik\u00eb po b\u00ebn. Ai ka disa k\u00ebshilltar\u00eb juridik, k\u00eb nj\u00eb korpus t\u00eb madh, t\u00eb marri dosjen, t\u00eb thot\u00eb \u2018gjeni provat kund\u00ebr atyre t\u00eb prokuror\u00ebve\u2019.<\/em><\/span><\/p>\n<p><span style=\"color: #000000;\"><em>Kryetari q\u00eb \u00ebsht\u00eb i dyshuar, p\u00ebrve\u00e7 avokat\u00ebve t\u00eb tij, nuk ka asnj\u00eb avokat tjet\u00ebr, duke filluar q\u00eb nga kryeministri. Do t\u00eb thot\u00eb q\u00eb e ka l\u00ebshuar. Mbrojtjen Veliajt po ia b\u00ebn vet\u00ebm avokati i tij<\/em>\u201d-deklaroi Hazizaj.<\/span><\/p>\n<p>&nbsp;<\/p>\n","protected":false,"gt_translate_keys":[{"key":"rendered","format":"html"}]},"excerpt":{"rendered":"<p>Avokati Sokol Hazizaj, gjat\u00eb nj\u00eb interviste n\u00eb emisionin Log. n\u00eb News 24, ka kritikuar kryeministrin Edi Rama p\u00ebr munges\u00ebn e mb\u00ebshtetjes ligjore ndaj kryebashkiakut t\u00eb Tiran\u00ebs, Erion Veliaj, i cili ndodhet n\u00eb paraburgim si i dyshuar p\u00ebr disa vepra penale. Sipas Hazizajt, Rama \u00ebsht\u00eb fokusuar kryesisht n\u00eb fushatat politike dhe nuk ka nd\u00ebrmarr\u00eb asnj\u00eb hap [&hellip;]<\/p>\n","protected":false,"gt_translate_keys":[{"key":"rendered","format":"html"}]},"author":32,"featured_media":726251,"comment_status":"closed","ping_status":"open","sticky":false,"template":"","format":"standard","meta":{"footnotes":""},"categories":[65,13],"tags":[],"class_list":["post-726250","post","type-post","status-publish","format-standard","has-post-thumbnail","hentry","category-lajme","category-te-fundit"],"gt_translate_keys":[{"key":"link","format":"url"}],"_links":{"self":[{"href":"https:\/\/www.hashtag.al\/index.php\/wp-json\/wp\/v2\/posts\/726250","targetHints":{"allow":["GET"]}}],"collection":[{"href":"https:\/\/www.hashtag.al\/index.php\/wp-json\/wp\/v2\/posts"}],"about":[{"href":"https:\/\/www.hashtag.al\/index.php\/wp-json\/wp\/v2\/types\/post"}],"author":[{"embeddable":true,"href":"https:\/\/www.hashtag.al\/index.php\/wp-json\/wp\/v2\/users\/32"}],"replies":[{"embeddable":true,"href":"https:\/\/www.hashtag.al\/index.php\/wp-json\/wp\/v2\/comments?post=726250"}],"version-history":[{"count":99999,"href":"https:\/\/www.hashtag.al\/index.php\/wp-json\/wp\/v2\/posts\/726250\/revisions"}],"predecessor-version":[{"id":726252,"href":"https:\/\/www.hashtag.al\/index.php\/wp-json\/wp\/v2\/posts\/726250\/revisions\/726252"}],"wp:featuredmedia":[{"embeddable":true,"href":"https:\/\/www.hashtag.al\/index.php\/wp-json\/wp\/v2\/media\/726251"}],"wp:attachment":[{"href":"https:\/\/www.hashtag.al\/index.php\/wp-json\/wp\/v2\/media?parent=726250"}],"wp:term":[{"taxonomy":"category","embeddable":true,"href":"https:\/\/www.hashtag.al\/index.php\/wp-json\/wp\/v2\/categories?post=726250"},{"taxonomy":"post_tag","embeddable":true,"href":"https:\/\/www.hashtag.al\/index.php\/wp-json\/wp\/v2\/tags?post=726250"}],"curies":[{"name":"wp","href":"https:\/\/api.w.org\/{rel}","templated":true}]}}