{"id":726220,"date":"2025-02-21T18:23:57","date_gmt":"2025-02-21T17:23:57","guid":{"rendered":"https:\/\/www.hashtag.al\/?p=726220"},"modified":"2025-02-21T18:23:57","modified_gmt":"2025-02-21T17:23:57","slug":"kqz-i-bllokoi-mazhorances-projektligjin-per-burgjet-e-hapura-kuvendi-e-con-ne-kas-nuk-ka-lidhje-me-zgjedhjet","status":"publish","type":"post","link":"https:\/\/www.hashtag.al\/index.php\/2025\/02\/21\/kqz-i-bllokoi-mazhorances-projektligjin-per-burgjet-e-hapura-kuvendi-e-con-ne-kas-nuk-ka-lidhje-me-zgjedhjet\/","title":{"rendered":"KQZ i bllokoi mazhoranc\u00ebs projektligjin p\u00ebr Burgjet e Hapura, Kuvendi e \u00e7on n\u00eb KAS: Nuk ka lidhje me zgjedhjet","gt_translate_keys":[{"key":"rendered","format":"text"}]},"content":{"rendered":"<p><span style=\"color: #000000;\"><img loading=\"lazy\" decoding=\"async\" class=\"alignnone size-medium wp-image-720209\" src=\"https:\/\/www.hashtag.al\/wp-content\/uploads\/2025\/01\/celibashii-e1737369404391-300x179.jpg\" alt=\"\" width=\"300\" height=\"179\" srcset=\"https:\/\/www.hashtag.al\/wp-content\/uploads\/2025\/01\/celibashii-e1737369404391-300x179.jpg 300w, https:\/\/www.hashtag.al\/wp-content\/uploads\/2025\/01\/celibashii-e1737369404391.jpg 559w\" sizes=\"auto, (max-width: 300px) 100vw, 300px\" \/><\/span><\/p>\n<p><span style=\"color: #000000;\">Komisioneri Zgjedhor Ilirjan Celibashi i ka bllokuar mazhoranc\u00ebs socialiste nj\u00eb tjet\u00ebr projektligj pas TVSH-s\u00eb p\u00ebr Bujq\u00ebsin\u00eb dhe \u201cPaket\u00ebs s\u00eb Maleve\u201d, t\u00eb cilat u rr\u00ebzuan nga KAS pas ankimimit t\u00eb Kuvendit.<\/span><\/p>\n<p><span style=\"color: #000000;\">K\u00ebt\u00eb her\u00eb b\u00ebhet fjal\u00eb p\u00ebr projektligjin e propozuar nga deputeti socialist Nasip Na\u00e7o te Rendi dhe Siguria, p\u00ebr Burgjet e Hapura, pra kalimi i t\u00eb d\u00ebnuarve q\u00eb plot\u00ebsojn\u00eb kushtet, nga burgjet e siguris\u00eb s\u00eb zakonshme tek ato t\u00eb hapura, ku i d\u00ebnuari mund t\u00eb punoj\u00eb dit\u00ebn dhe t\u00eb kthehet n\u00eb godin\u00eb gjat\u00eb nat\u00ebs.<\/span><\/p>\n<p><span style=\"color: #000000;\">KQZ e konsideron at\u00eb si nj\u00eb projektligj q\u00eb \u201cfavorizon kategori t\u00eb caktuara t\u00eb popullsis\u00eb\u201d, n\u00eb k\u00ebt\u00eb rast t\u00eb d\u00ebnuarit dhe se ka efekt elektoral, pasi \u00ebsht\u00eb brenda 4 muajve q\u00eb paracakton ligji, kur zgjedhjet mbahen m\u00eb 11 Maj.<\/span><\/p>\n<p><span style=\"color: #000000;\">Por Kuvendi nuk \u00ebsht\u00eb dakord dhe pasi ka shqyrtuar njoftimin e bllokimit nga KQZ, i marr\u00eb m\u00eb 19 shkurt, \u00ebsht\u00eb kund\u00ebrp\u00ebrgjigjur me nj\u00eb ankimim n\u00eb Komisionin e Ankesave dhe Sanksioneve (KAS).<\/span><\/p>\n<p><span style=\"color: #000000;\">Kuvendi dhe Komisioni shprehen se Komisioneri Celibashi ka 2 pasakt\u00ebsi juridike n\u00eb vendimin e marr\u00eb, pasi ky projektligj nuk p\u00ebrfshihet tek ndalesat q\u00eb parashikon ligji p\u00ebr zgjedhjet.<\/span><\/p>\n<p><span style=\"color: #000000;\">Madje ky projektligj sipas tyre nuk ka t\u00eb b\u00ebj\u00eb me p\u00ebrfitime t\u00eb d\u00ebnuarish, pasi nuk ndryshohen vendimet e gjykatave. KAS pritet t\u00eb mblidhet p\u00ebr ta shqyrtuar k\u00ebt\u00eb ankimim t\u00eb Kuvendit, me nr. 2, i depozituar n\u00eb KQZ.<\/span><\/p>\n<p><span style=\"color: #000000;\">Sot (20 shkurt) u hodh shorti p\u00ebr caktimin e relatorit, ku doli emri i Ilirjan Rusmalit.<\/span><\/p>\n<p><img decoding=\"async\" src=\"https:\/\/shqiptarja.com\/uploads\/ckeditor\/67b8b176aa1d4Screenshot_1.jpg\" \/><\/p>\n<p><span style=\"color: #000000;\"><span style=\"color: #ff0000;\">VINI RE:<\/span> Ky material \u00ebsht\u00eb pron\u00ebsi intelektuale e <span style=\"color: #0000ff;\"><a style=\"color: #0000ff;\" href=\"https:\/\/shqiptarja.com\/lajm\/kqz-i-bllokon-mazhorances-projektligjin-per-burgjet-e-hapura-kuvendi-e-con-ne-kas-nuk-ka-lidhje-me-zgjedhjet-hidhet-shorti-ja-kush-u-caktua-relator\">Shqiptarja.com<\/a><\/span><\/span><\/p>\n","protected":false,"gt_translate_keys":[{"key":"rendered","format":"html"}]},"excerpt":{"rendered":"<p>Komisioneri Zgjedhor Ilirjan Celibashi i ka bllokuar mazhoranc\u00ebs socialiste nj\u00eb tjet\u00ebr projektligj pas TVSH-s\u00eb p\u00ebr Bujq\u00ebsin\u00eb dhe \u201cPaket\u00ebs s\u00eb Maleve\u201d, t\u00eb cilat u rr\u00ebzuan nga KAS pas ankimimit t\u00eb Kuvendit. K\u00ebt\u00eb her\u00eb b\u00ebhet fjal\u00eb p\u00ebr projektligjin e propozuar nga deputeti socialist Nasip Na\u00e7o te Rendi dhe Siguria, p\u00ebr Burgjet e Hapura, pra kalimi i t\u00eb [&hellip;]<\/p>\n","protected":false,"gt_translate_keys":[{"key":"rendered","format":"html"}]},"author":32,"featured_media":720209,"comment_status":"closed","ping_status":"open","sticky":false,"template":"","format":"standard","meta":{"footnotes":""},"categories":[65],"tags":[],"class_list":["post-726220","post","type-post","status-publish","format-standard","has-post-thumbnail","hentry","category-lajme"],"gt_translate_keys":[{"key":"link","format":"url"}],"_links":{"self":[{"href":"https:\/\/www.hashtag.al\/index.php\/wp-json\/wp\/v2\/posts\/726220","targetHints":{"allow":["GET"]}}],"collection":[{"href":"https:\/\/www.hashtag.al\/index.php\/wp-json\/wp\/v2\/posts"}],"about":[{"href":"https:\/\/www.hashtag.al\/index.php\/wp-json\/wp\/v2\/types\/post"}],"author":[{"embeddable":true,"href":"https:\/\/www.hashtag.al\/index.php\/wp-json\/wp\/v2\/users\/32"}],"replies":[{"embeddable":true,"href":"https:\/\/www.hashtag.al\/index.php\/wp-json\/wp\/v2\/comments?post=726220"}],"version-history":[{"count":99999,"href":"https:\/\/www.hashtag.al\/index.php\/wp-json\/wp\/v2\/posts\/726220\/revisions"}],"predecessor-version":[{"id":726221,"href":"https:\/\/www.hashtag.al\/index.php\/wp-json\/wp\/v2\/posts\/726220\/revisions\/726221"}],"wp:featuredmedia":[{"embeddable":true,"href":"https:\/\/www.hashtag.al\/index.php\/wp-json\/wp\/v2\/media\/720209"}],"wp:attachment":[{"href":"https:\/\/www.hashtag.al\/index.php\/wp-json\/wp\/v2\/media?parent=726220"}],"wp:term":[{"taxonomy":"category","embeddable":true,"href":"https:\/\/www.hashtag.al\/index.php\/wp-json\/wp\/v2\/categories?post=726220"},{"taxonomy":"post_tag","embeddable":true,"href":"https:\/\/www.hashtag.al\/index.php\/wp-json\/wp\/v2\/tags?post=726220"}],"curies":[{"name":"wp","href":"https:\/\/api.w.org\/{rel}","templated":true}]}}