{"id":726175,"date":"2025-02-21T14:23:02","date_gmt":"2025-02-21T13:23:02","guid":{"rendered":"https:\/\/www.hashtag.al\/?p=726175"},"modified":"2025-02-21T14:23:02","modified_gmt":"2025-02-21T13:23:02","slug":"begaj-pret-sekretarin-e-pergjithshem-te-kie-se-duhet-te-ndertojme-ura-dhe-jo-mure","status":"publish","type":"post","link":"https:\/\/www.hashtag.al\/index.php\/2025\/02\/21\/begaj-pret-sekretarin-e-pergjithshem-te-kie-se-duhet-te-ndertojme-ura-dhe-jo-mure\/","title":{"rendered":"Begaj pret Sekretarin e P\u00ebrgjithsh\u00ebm t\u00eb KiE-s\u00eb: Duhet t\u00eb nd\u00ebrtojm\u00eb ura dhe jo mure","gt_translate_keys":[{"key":"rendered","format":"text"}]},"content":{"rendered":"<p><span style=\"color: #000000;\"><img loading=\"lazy\" decoding=\"async\" class=\"alignnone size-medium wp-image-726176\" src=\"https:\/\/www.hashtag.al\/wp-content\/uploads\/2025\/02\/Screenshot_1419-300x239.jpg\" alt=\"\" width=\"300\" height=\"239\" srcset=\"https:\/\/www.hashtag.al\/wp-content\/uploads\/2025\/02\/Screenshot_1419-300x239.jpg 300w, https:\/\/www.hashtag.al\/wp-content\/uploads\/2025\/02\/Screenshot_1419-768x612.jpg 768w, https:\/\/www.hashtag.al\/wp-content\/uploads\/2025\/02\/Screenshot_1419-250x200.jpg 250w, https:\/\/www.hashtag.al\/wp-content\/uploads\/2025\/02\/Screenshot_1419.jpg 855w\" sizes=\"auto, (max-width: 300px) 100vw, 300px\" \/><\/span><\/p>\n<p><span style=\"color: #000000;\">Presidenti Bajram Begaj, priti sot nj\u00eb delegacion t\u00eb K\u00ebshillit t\u00eb Evrop\u00ebs, t\u00eb kryesuar nga Sekretari i P\u00ebrgjithsh\u00ebm, Alain Berset.<\/span><\/p>\n<p><span style=\"color: #000000;\">Begaj n\u00ebnvizoi rolin dhe kontributin q\u00eb Shqip\u00ebria ka dh\u00ebn\u00eb n\u00eb 30 vjet\u00ebt e an\u00ebtar\u00ebsimit t\u00eb saj n\u00eb K\u00ebshillin e Evrop\u00ebs.<\/span><\/p>\n<p><span style=\"color: #000000;\">Nj\u00ebkoh\u00ebsisht, ai shprehu mir\u00ebnjohjen p\u00ebr bashk\u00ebpunimin q\u00eb Shqip\u00ebria ka patur dhe ka me KiE n\u00eb drejtim t\u00eb forcimit t\u00eb shtetit ligjor, demokracis\u00eb dhe t\u00eb drejtave t\u00eb njeriut.<\/span><\/p>\n<p><span style=\"color: #000000;\"><em>\u201cShqip\u00ebria mbetet plot\u00ebsisht e angazhuar p\u00ebr t\u00eb vazhduar t\u00eb bashk\u00ebpunoj\u00eb dhe kontribuoj\u00eb n\u00eb kuad\u00ebr t\u00eb K\u00ebshillit t\u00eb Evrop\u00ebs dhe institucioneve t\u00eb tjera t\u00eb lidhura me t\u00eb\u201d,<\/em> tha Begaj.<\/span><\/p>\n<p><span style=\"color: #000000;\">Kreu i Shtetit n\u00ebnvizoi se Kosova \u00ebsht\u00eb nj\u00eb realitet i pakthyesh\u00ebm dhe, si e till\u00eb, ajo duhet t\u00eb jet\u00eb plot\u00ebsisht e integruar n\u00eb organizatat rajonale dhe nd\u00ebrkomb\u00ebtare, ve\u00e7an\u00ebrisht n\u00eb K\u00ebshillin e Evrop\u00ebs.<\/span><\/p>\n<p><span style=\"color: #000000;\">\u201c<em>Gjeografia \u00ebsht\u00eb shum\u00eb\u00e7ka. Kosova \u00ebsht\u00eb gjeografikisht n\u00eb Evrop\u00eb. Populli i Kosov\u00ebs meriton t\u00eb jet\u00eb i integruar n\u00eb organizatat evropiane. Ne duhet t\u00eb nd\u00ebrtojm\u00eb ura dhe jo mure, duhet t\u2019i nd\u00ebrtojm\u00eb ato sot n\u00eb paqe. K\u00ebshtu nuk do t\u00eb lejojm\u00eb p\u00ebrs\u00ebritjen e historive jo shum\u00eb t\u00eb larg\u00ebta t\u00eb konfliktit dhe dhun\u00ebs nd\u00ebretnike q\u00eb kan\u00eb ndodhur n\u00eb Ballkanin Per\u00ebndimor\u201d,<\/em> theksoi Begaj.<\/span><\/p>\n<p><span style=\"color: #000000;\">\u201c<em>Vet\u00ebm k\u00ebshtu siguria demokratike do t\u00eb funksionoj\u00eb m\u00eb mir\u00eb dhe Evropa do t\u00eb jet\u00eb m\u00eb e sigurt\u201d,<\/em> u shpreh Presidenti.<\/span><\/p>\n<p><span style=\"color: #000000;\">Nj\u00eb nga temat e bised\u00ebs midis Begaj dhe Alian Berset ishte dhe takimi i Komunitetit Politik Evropian, q\u00eb do t\u00eb mbahet n\u00eb Tiran\u00eb m\u00eb 16 maj 2025.<\/span><\/p>\n","protected":false,"gt_translate_keys":[{"key":"rendered","format":"html"}]},"excerpt":{"rendered":"<p>Presidenti Bajram Begaj, priti sot nj\u00eb delegacion t\u00eb K\u00ebshillit t\u00eb Evrop\u00ebs, t\u00eb kryesuar nga Sekretari i P\u00ebrgjithsh\u00ebm, Alain Berset. Begaj n\u00ebnvizoi rolin dhe kontributin q\u00eb Shqip\u00ebria ka dh\u00ebn\u00eb n\u00eb 30 vjet\u00ebt e an\u00ebtar\u00ebsimit t\u00eb saj n\u00eb K\u00ebshillin e Evrop\u00ebs. Nj\u00ebkoh\u00ebsisht, ai shprehu mir\u00ebnjohjen p\u00ebr bashk\u00ebpunimin q\u00eb Shqip\u00ebria ka patur dhe ka me KiE n\u00eb drejtim [&hellip;]<\/p>\n","protected":false,"gt_translate_keys":[{"key":"rendered","format":"html"}]},"author":32,"featured_media":726176,"comment_status":"closed","ping_status":"open","sticky":false,"template":"","format":"standard","meta":{"footnotes":""},"categories":[65],"tags":[],"class_list":["post-726175","post","type-post","status-publish","format-standard","has-post-thumbnail","hentry","category-lajme"],"gt_translate_keys":[{"key":"link","format":"url"}],"_links":{"self":[{"href":"https:\/\/www.hashtag.al\/index.php\/wp-json\/wp\/v2\/posts\/726175","targetHints":{"allow":["GET"]}}],"collection":[{"href":"https:\/\/www.hashtag.al\/index.php\/wp-json\/wp\/v2\/posts"}],"about":[{"href":"https:\/\/www.hashtag.al\/index.php\/wp-json\/wp\/v2\/types\/post"}],"author":[{"embeddable":true,"href":"https:\/\/www.hashtag.al\/index.php\/wp-json\/wp\/v2\/users\/32"}],"replies":[{"embeddable":true,"href":"https:\/\/www.hashtag.al\/index.php\/wp-json\/wp\/v2\/comments?post=726175"}],"version-history":[{"count":99999,"href":"https:\/\/www.hashtag.al\/index.php\/wp-json\/wp\/v2\/posts\/726175\/revisions"}],"predecessor-version":[{"id":726181,"href":"https:\/\/www.hashtag.al\/index.php\/wp-json\/wp\/v2\/posts\/726175\/revisions\/726181"}],"wp:featuredmedia":[{"embeddable":true,"href":"https:\/\/www.hashtag.al\/index.php\/wp-json\/wp\/v2\/media\/726176"}],"wp:attachment":[{"href":"https:\/\/www.hashtag.al\/index.php\/wp-json\/wp\/v2\/media?parent=726175"}],"wp:term":[{"taxonomy":"category","embeddable":true,"href":"https:\/\/www.hashtag.al\/index.php\/wp-json\/wp\/v2\/categories?post=726175"},{"taxonomy":"post_tag","embeddable":true,"href":"https:\/\/www.hashtag.al\/index.php\/wp-json\/wp\/v2\/tags?post=726175"}],"curies":[{"name":"wp","href":"https:\/\/api.w.org\/{rel}","templated":true}]}}