{"id":726104,"date":"2025-02-21T14:12:58","date_gmt":"2025-02-21T13:12:58","guid":{"rendered":"https:\/\/www.hashtag.al\/?p=726104"},"modified":"2025-02-21T14:12:58","modified_gmt":"2025-02-21T13:12:58","slug":"ekzekutohet-ne-gjykate-kreu-i-bandes-kriminale-ne-sri-lanka","status":"publish","type":"post","link":"https:\/\/www.hashtag.al\/index.php\/2025\/02\/21\/ekzekutohet-ne-gjykate-kreu-i-bandes-kriminale-ne-sri-lanka\/","title":{"rendered":"Ekzekutohet n\u00eb gjykat\u00eb kreu i band\u00ebs kriminale n\u00eb Sri Lanka","gt_translate_keys":[{"key":"rendered","format":"text"}]},"content":{"rendered":"<div class=\"post-title\">\n<div class=\"firstP\">\n<p><span style=\"color: #000000;\"><img loading=\"lazy\" decoding=\"async\" class=\"aligncenter size-full wp-image-726107\" src=\"https:\/\/www.hashtag.al\/wp-content\/uploads\/2025\/02\/87444700-f00b-11ef-8dbe-d11f324abc42_sd.jpg\" alt=\"\" width=\"1280\" height=\"720\" srcset=\"https:\/\/www.hashtag.al\/wp-content\/uploads\/2025\/02\/87444700-f00b-11ef-8dbe-d11f324abc42_sd.jpg 1280w, https:\/\/www.hashtag.al\/wp-content\/uploads\/2025\/02\/87444700-f00b-11ef-8dbe-d11f324abc42_sd-300x169.jpg 300w, https:\/\/www.hashtag.al\/wp-content\/uploads\/2025\/02\/87444700-f00b-11ef-8dbe-d11f324abc42_sd-1024x576.jpg 1024w, https:\/\/www.hashtag.al\/wp-content\/uploads\/2025\/02\/87444700-f00b-11ef-8dbe-d11f324abc42_sd-768x432.jpg 768w\" sizes=\"auto, (max-width: 1280px) 100vw, 1280px\" \/><\/span><\/p>\n<p><span style=\"color: #000000;\">Drejtuesi i nj\u00eb prej bandave m\u00eb fam\u00ebkeqe bande \u00ebsht\u00eb ekzekutuar me arm\u00eb zjarri brenda gjykat\u00ebs, n\u00eb sall\u00ebn e gjyqit <\/span><span style=\"color: #000000;\">n\u00eb Sri Lanka, nd\u00ebrsa autori ishte maskuar si nj\u00eb avokat duke u futur n\u00eb sall\u00eb pa kurrfar\u00eb pengese.<\/span><\/p>\n<\/div>\n<p><span style=\"color: #000000;\">Kreu i band\u00ebs Sanjeewa Kumara Samararathne ishte shoq\u00ebruar n\u00eb gjykat\u00eb p\u00ebr t\u2019u p\u00ebrballur me procedurat ligjore kur u q\u00ebllua. Policia thot\u00eb se ai ishte i dyshuar p\u00ebr disa raste vrasjesh<\/span><\/p>\n<p><span style=\"color: #000000;\">T\u00eb sht\u00ebnat n\u00eb kryeqytetin Colombo jan\u00eb nd\u00ebr nj\u00eb seri vrasjesh nga bandat rivale, t\u00eb cilat kan\u00eb vijuar \u2018aktivitetin\u2019 nd\u00ebrsa autoritetet zotohen t\u00eb godasin paligjshm\u00ebrin\u00eb dhe t\u2019i v\u00ebn\u00eb n\u00ebn pranga an\u00ebtar\u00ebt e tyre.<\/span><\/p>\n<p><span style=\"color: #000000;\">Kreu i band\u00ebs, i njohur gjer\u00ebsisht si Ganemulle Sanjeewa, kishte qen\u00eb n\u00eb paraburgim q\u00eb kur u arrestua n\u00eb shtator 2023.<\/span><\/p>\n<p><span style=\"color: #000000;\">Policia tha se ai ishte shoq\u00ebruar n\u00eb gjykat\u00eb t\u00eb m\u00ebrkur\u00ebn nga dhjet\u00ebra oficer\u00eb policie. Ai u d\u00ebrgua me urgjenc\u00eb n\u00eb spital pasi u q\u00ebllua, por u konstatua \u00a0i vdekur pas mb\u00ebrritjes.<\/span><\/p>\n<p><span style=\"color: #000000;\">Personi i armatosur arriti t\u00eb largohej nga vendi i ngjarjes, por m\u00eb pas u kap nga policia. Ai \u00ebsht\u00eb identifikuar nga autoritetet dhe mediat lokale, por policia thot\u00eb se ka p\u00ebrdorur disa emra.<\/span><\/p>\n<p><span style=\"color: #000000;\">Nd\u00ebrkoh\u00eb policia ka shpallur n\u00eb k\u00ebrkim edhe nj\u00eb 25-vje\u00e7are duke premtuar dhe shp\u00ebrblim p\u00ebr k\u00ebdo q\u00eb jep informacion, pasi dyshohet se ajo ka qen\u00eb bashk\u00ebpun\u00ebtore n\u00eb krim. Po ashtu n\u00eb pranga jan\u00eb v\u00ebn\u00eb edhe nj\u00eb polic dhe shofer furgoni, t\u00eb dyshuar se kan\u00eb ndihmuar autorin.<a href=\"https:\/\/www.bbc.com\/news\/articles\/crknd1e86x4o\"><span style=\"color: #0000ff;\"><strong>\/BBC<\/strong><\/span><\/a><\/span><\/p>\n<\/div>\n","protected":false,"gt_translate_keys":[{"key":"rendered","format":"html"}]},"excerpt":{"rendered":"<p>Drejtuesi i nj\u00eb prej bandave m\u00eb fam\u00ebkeqe bande \u00ebsht\u00eb ekzekutuar me arm\u00eb zjarri brenda gjykat\u00ebs, n\u00eb sall\u00ebn e gjyqit n\u00eb Sri Lanka, nd\u00ebrsa autori ishte maskuar si nj\u00eb avokat duke u futur n\u00eb sall\u00eb pa kurrfar\u00eb pengese. Kreu i band\u00ebs Sanjeewa Kumara Samararathne ishte shoq\u00ebruar n\u00eb gjykat\u00eb p\u00ebr t\u2019u p\u00ebrballur me procedurat ligjore kur u [&hellip;]<\/p>\n","protected":false,"gt_translate_keys":[{"key":"rendered","format":"html"}]},"author":49,"featured_media":726107,"comment_status":"closed","ping_status":"open","sticky":false,"template":"","format":"standard","meta":{"footnotes":""},"categories":[53],"tags":[],"class_list":["post-726104","post","type-post","status-publish","format-standard","has-post-thumbnail","hentry","category-fast-foodi"],"gt_translate_keys":[{"key":"link","format":"url"}],"_links":{"self":[{"href":"https:\/\/www.hashtag.al\/index.php\/wp-json\/wp\/v2\/posts\/726104","targetHints":{"allow":["GET"]}}],"collection":[{"href":"https:\/\/www.hashtag.al\/index.php\/wp-json\/wp\/v2\/posts"}],"about":[{"href":"https:\/\/www.hashtag.al\/index.php\/wp-json\/wp\/v2\/types\/post"}],"author":[{"embeddable":true,"href":"https:\/\/www.hashtag.al\/index.php\/wp-json\/wp\/v2\/users\/49"}],"replies":[{"embeddable":true,"href":"https:\/\/www.hashtag.al\/index.php\/wp-json\/wp\/v2\/comments?post=726104"}],"version-history":[{"count":99999,"href":"https:\/\/www.hashtag.al\/index.php\/wp-json\/wp\/v2\/posts\/726104\/revisions"}],"predecessor-version":[{"id":726108,"href":"https:\/\/www.hashtag.al\/index.php\/wp-json\/wp\/v2\/posts\/726104\/revisions\/726108"}],"wp:featuredmedia":[{"embeddable":true,"href":"https:\/\/www.hashtag.al\/index.php\/wp-json\/wp\/v2\/media\/726107"}],"wp:attachment":[{"href":"https:\/\/www.hashtag.al\/index.php\/wp-json\/wp\/v2\/media?parent=726104"}],"wp:term":[{"taxonomy":"category","embeddable":true,"href":"https:\/\/www.hashtag.al\/index.php\/wp-json\/wp\/v2\/categories?post=726104"},{"taxonomy":"post_tag","embeddable":true,"href":"https:\/\/www.hashtag.al\/index.php\/wp-json\/wp\/v2\/tags?post=726104"}],"curies":[{"name":"wp","href":"https:\/\/api.w.org\/{rel}","templated":true}]}}