{"id":725756,"date":"2025-02-19T13:07:15","date_gmt":"2025-02-19T12:07:15","guid":{"rendered":"https:\/\/www.hashtag.al\/?p=725756"},"modified":"2025-02-19T13:28:09","modified_gmt":"2025-02-19T12:28:09","slug":"prokuroria-speciale-e-kosoves-kerkon-deshmine-e-albin-kurtit-per-rezervat-shteterore","status":"publish","type":"post","link":"https:\/\/www.hashtag.al\/index.php\/2025\/02\/19\/prokuroria-speciale-e-kosoves-kerkon-deshmine-e-albin-kurtit-per-rezervat-shteterore\/","title":{"rendered":"Prokuroria Speciale e Kosov\u00ebs k\u00ebrkon d\u00ebshmin\u00eb e Albin Kurtit p\u00ebr rezervat shtet\u00ebrore","gt_translate_keys":[{"key":"rendered","format":"text"}]},"content":{"rendered":"<p style=\"text-align: left;\"><span style=\"color: #000000;\"><img loading=\"lazy\" decoding=\"async\" class=\"aligncenter size-full wp-image-723659\" src=\"https:\/\/www.hashtag.al\/wp-content\/uploads\/2025\/02\/albin-kurti-1.jpg\" alt=\"\" width=\"613\" height=\"395\" srcset=\"https:\/\/www.hashtag.al\/wp-content\/uploads\/2025\/02\/albin-kurti-1.jpg 613w, https:\/\/www.hashtag.al\/wp-content\/uploads\/2025\/02\/albin-kurti-1-300x193.jpg 300w\" sizes=\"auto, (max-width: 613px) 100vw, 613px\" \/><\/span><\/p>\n<p style=\"text-align: left;\"><span style=\"color: #000000;\">Prokuroria Speciale e Kosov\u00ebs (PSRK) ka dor\u00ebzuar n\u00eb Gjykat\u00ebn Themelore t\u00eb Prishtin\u00ebs k\u00ebrkes\u00ebn q\u00eb kryeministri n\u00eb detyr\u00eb, Albin Kurti, t\u00eb d\u00ebshmoj\u00eb si d\u00ebshmitar p\u00ebr dyshimet mbi keqp\u00ebrdorimin e rezervave shtet\u00ebrore.<\/span><\/p>\n<p style=\"text-align: left;\"><span style=\"color: #000000;\">Z\u00ebdh\u00ebn\u00ebsja e gjykat\u00ebs, Mirlinda Gashi, konfirmoi se k\u00ebrkesa \u00ebsht\u00eb n\u00eb shqyrtim. Kurti ishte ftuar p\u00ebr d\u00ebshmi m\u00eb 11 dhjetor dhe ka shprehur gatishm\u00ebrin\u00eb p\u00ebr t&#8217;u intervistuar n\u00eb zyr\u00ebn e tij.<\/span><\/p>\n<p style=\"text-align: left;\"><span style=\"color: #000000;\">N\u00eb k\u00ebt\u00eb \u00e7\u00ebshtje jan\u00eb t\u00eb dyshuar edhe afaristi Ridvan Muharremi dhe zyrtar\u00ebt e Ministris\u00eb s\u00eb Tregtis\u00eb, Irfan Lipovica dhe Hafiz Gara.<\/span><\/p>\n","protected":false,"gt_translate_keys":[{"key":"rendered","format":"html"}]},"excerpt":{"rendered":"<p>Prokuroria Speciale e Kosov\u00ebs (PSRK) ka dor\u00ebzuar n\u00eb Gjykat\u00ebn Themelore t\u00eb Prishtin\u00ebs k\u00ebrkes\u00ebn q\u00eb kryeministri n\u00eb detyr\u00eb, Albin Kurti, t\u00eb d\u00ebshmoj\u00eb si d\u00ebshmitar p\u00ebr dyshimet mbi keqp\u00ebrdorimin e rezervave shtet\u00ebrore. Z\u00ebdh\u00ebn\u00ebsja e gjykat\u00ebs, Mirlinda Gashi, konfirmoi se k\u00ebrkesa \u00ebsht\u00eb n\u00eb shqyrtim. Kurti ishte ftuar p\u00ebr d\u00ebshmi m\u00eb 11 dhjetor dhe ka shprehur gatishm\u00ebrin\u00eb p\u00ebr t&#8217;u [&hellip;]<\/p>\n","protected":false,"gt_translate_keys":[{"key":"rendered","format":"html"}]},"author":49,"featured_media":723659,"comment_status":"closed","ping_status":"open","sticky":false,"template":"","format":"standard","meta":{"footnotes":""},"categories":[149],"tags":[],"class_list":["post-725756","post","type-post","status-publish","format-standard","has-post-thumbnail","hentry","category-kosoverajon"],"gt_translate_keys":[{"key":"link","format":"url"}],"_links":{"self":[{"href":"https:\/\/www.hashtag.al\/index.php\/wp-json\/wp\/v2\/posts\/725756","targetHints":{"allow":["GET"]}}],"collection":[{"href":"https:\/\/www.hashtag.al\/index.php\/wp-json\/wp\/v2\/posts"}],"about":[{"href":"https:\/\/www.hashtag.al\/index.php\/wp-json\/wp\/v2\/types\/post"}],"author":[{"embeddable":true,"href":"https:\/\/www.hashtag.al\/index.php\/wp-json\/wp\/v2\/users\/49"}],"replies":[{"embeddable":true,"href":"https:\/\/www.hashtag.al\/index.php\/wp-json\/wp\/v2\/comments?post=725756"}],"version-history":[{"count":99999,"href":"https:\/\/www.hashtag.al\/index.php\/wp-json\/wp\/v2\/posts\/725756\/revisions"}],"predecessor-version":[{"id":725757,"href":"https:\/\/www.hashtag.al\/index.php\/wp-json\/wp\/v2\/posts\/725756\/revisions\/725757"}],"wp:featuredmedia":[{"embeddable":true,"href":"https:\/\/www.hashtag.al\/index.php\/wp-json\/wp\/v2\/media\/723659"}],"wp:attachment":[{"href":"https:\/\/www.hashtag.al\/index.php\/wp-json\/wp\/v2\/media?parent=725756"}],"wp:term":[{"taxonomy":"category","embeddable":true,"href":"https:\/\/www.hashtag.al\/index.php\/wp-json\/wp\/v2\/categories?post=725756"},{"taxonomy":"post_tag","embeddable":true,"href":"https:\/\/www.hashtag.al\/index.php\/wp-json\/wp\/v2\/tags?post=725756"}],"curies":[{"name":"wp","href":"https:\/\/api.w.org\/{rel}","templated":true}]}}