{"id":725571,"date":"2025-02-18T14:27:44","date_gmt":"2025-02-18T13:27:44","guid":{"rendered":"https:\/\/www.hashtag.al\/?p=725571"},"modified":"2025-02-18T14:27:44","modified_gmt":"2025-02-18T13:27:44","slug":"bisedimet-shba-rusi-per-ukrainen-perfundojne-pozitivisht-pas-takimit-kater-oresh","status":"publish","type":"post","link":"https:\/\/www.hashtag.al\/index.php\/2025\/02\/18\/bisedimet-shba-rusi-per-ukrainen-perfundojne-pozitivisht-pas-takimit-kater-oresh\/","title":{"rendered":"Bisedimet SHBA-Rusi p\u00ebr Ukrain\u00ebn p\u00ebrfundojn\u00eb &#8220;pozitivisht&#8221; pas takimit kat\u00ebr-or\u00ebsh\u00a0","gt_translate_keys":[{"key":"rendered","format":"text"}]},"content":{"rendered":"<p>&nbsp;<\/p>\n<p><span style=\"color: #000000;\"><img loading=\"lazy\" decoding=\"async\" class=\"alignnone size-medium wp-image-725572\" src=\"https:\/\/www.hashtag.al\/wp-content\/uploads\/2025\/02\/Screenshot-2025-02-18-141339-300x166.png\" alt=\"\" width=\"300\" height=\"166\" srcset=\"https:\/\/www.hashtag.al\/wp-content\/uploads\/2025\/02\/Screenshot-2025-02-18-141339-300x166.png 300w, https:\/\/www.hashtag.al\/wp-content\/uploads\/2025\/02\/Screenshot-2025-02-18-141339-750x415.png 750w, https:\/\/www.hashtag.al\/wp-content\/uploads\/2025\/02\/Screenshot-2025-02-18-141339.png 752w\" sizes=\"auto, (max-width: 300px) 100vw, 300px\" \/><\/span><\/p>\n<p><span style=\"color: #000000;\">Nj\u00eb delegacion i Kremlinit ka deklaruar se bisedimet mes Shteteve t\u00eb Bashkuara dhe Rusis\u00eb p\u00ebr luft\u00ebn n\u00eb Ukrain\u00eb kan\u00eb qen\u00eb &#8220;pozitive dhe konstruktive&#8221;, pas nj\u00eb takimi kat\u00ebr-or\u00ebsh t\u00eb zhvilluar n\u00eb Arabin\u00eb Saudite.\u00a0<\/span><\/p>\n<p><span style=\"color: #000000;\">Ministri i Jasht\u00ebm rus, Sergei Lavrov, u takua me Sekretarin e Shtetit t\u00eb SHBA-s\u00eb, Marco Rubio, n\u00eb nj\u00eb takim ku as Ukraina dhe as p\u00ebrfaq\u00ebsues nga Evropa nuk ishin t\u00eb pranish\u00ebm.\u00a0<\/span><\/p>\n<p><span style=\"color: #000000;\">Sipas korrespondentit t\u00eb<span style=\"color: #0000ff;\"><a style=\"color: #0000ff;\" href=\"https:\/\/www.bbc.com\/news\/live\/c62e2158mkpt\"> BBC-s\u00eb,<\/a><\/span> Tom Bateman, t\u00eb dyja pal\u00ebt q\u00ebndruan n\u00eb heshtje para se t\u00eb fillonte takimi. Kur gazetari e pyeti Rubio-n n\u00ebse SHBA-ja po e linte Ukrain\u00ebn m\u00ebnjan\u00eb, ai nuk dha p\u00ebrgjigje.\u00a0<\/span><\/p>\n<p><span style=\"color: #000000;\">Nd\u00ebrkoh\u00eb, Kremlini ka b\u00ebr\u00eb t\u00eb ditur se Presidenti Vladimir Putin \u00ebsht\u00eb i gatsh\u00ebm t\u00eb bisedoj\u00eb me Presidentin e Ukrain\u00ebs, Volodymyr Zelenskyy, &#8220;n\u00ebse \u00ebsht\u00eb e nevojshme&#8221;.<\/span><\/p>\n<p><span style=\"color: #000000;\">Megjithat\u00eb, Zelenskyy ka deklaruar vazhdimisht se nuk do t\u00eb njoh\u00eb asnj\u00eb marr\u00ebveshje paqeje q\u00eb negociohet pa p\u00ebrfshirjen e Ukrain\u00ebs.\u00a0<\/span><\/p>\n<p><span style=\"color: #000000;\">Nga ana tjet\u00ebr, Shtetet e Bashkuara e kan\u00eb cil\u00ebsuar takimin si nj\u00eb hap fillestar p\u00ebr t\u00eb vler\u00ebsuar n\u00ebse Rusia \u00ebsht\u00eb &#8220;serioze&#8221; n\u00eb p\u00ebrpjekjet p\u00ebr t&#8217;i dh\u00ebn\u00eb fund luft\u00ebs.<\/span><\/p>\n<p><span style=\"color: #000000;\">Kremlini ka shprehur shpres\u00ebn se k\u00ebto bisedime mund t\u00eb ndihmojn\u00eb n\u00eb normalizimin e marr\u00ebdh\u00ebnieve me Uashingtonin.\u00a0<\/span><\/p>\n<p><span style=\"color: #000000;\">Nd\u00ebrsa negociatat po zhvillohen n\u00eb Riad, luftime t\u00eb ashpra vazhdojn\u00eb n\u00eb vij\u00ebn e frontit n\u00eb Ukrain\u00eb.<\/span><\/p>\n<p><span style=\"color: #000000;\">Autoritetet ukrainase raportojn\u00eb p\u00ebr intensifikim t\u00eb sulmeve ruse n\u00eb lindje dhe jug t\u00eb vendit, nd\u00ebrkoh\u00eb q\u00eb Kievi k\u00ebrkon m\u00eb shum\u00eb mb\u00ebshtetje nga aleat\u00ebt per\u00ebndimor\u00eb p\u00ebr mbrojtjen e territorit t\u00eb tij.<\/span><\/p>\n","protected":false,"gt_translate_keys":[{"key":"rendered","format":"html"}]},"excerpt":{"rendered":"<p>&nbsp; Nj\u00eb delegacion i Kremlinit ka deklaruar se bisedimet mes Shteteve t\u00eb Bashkuara dhe Rusis\u00eb p\u00ebr luft\u00ebn n\u00eb Ukrain\u00eb kan\u00eb qen\u00eb &#8220;pozitive dhe konstruktive&#8221;, pas nj\u00eb takimi kat\u00ebr-or\u00ebsh t\u00eb zhvilluar n\u00eb Arabin\u00eb Saudite.\u00a0 Ministri i Jasht\u00ebm rus, Sergei Lavrov, u takua me Sekretarin e Shtetit t\u00eb SHBA-s\u00eb, Marco Rubio, n\u00eb nj\u00eb takim ku as Ukraina [&hellip;]<\/p>\n","protected":false,"gt_translate_keys":[{"key":"rendered","format":"html"}]},"author":32,"featured_media":725572,"comment_status":"closed","ping_status":"open","sticky":false,"template":"","format":"standard","meta":{"footnotes":""},"categories":[6],"tags":[],"class_list":["post-725571","post","type-post","status-publish","format-standard","has-post-thumbnail","hentry","category-nderkombetare"],"gt_translate_keys":[{"key":"link","format":"url"}],"_links":{"self":[{"href":"https:\/\/www.hashtag.al\/index.php\/wp-json\/wp\/v2\/posts\/725571","targetHints":{"allow":["GET"]}}],"collection":[{"href":"https:\/\/www.hashtag.al\/index.php\/wp-json\/wp\/v2\/posts"}],"about":[{"href":"https:\/\/www.hashtag.al\/index.php\/wp-json\/wp\/v2\/types\/post"}],"author":[{"embeddable":true,"href":"https:\/\/www.hashtag.al\/index.php\/wp-json\/wp\/v2\/users\/32"}],"replies":[{"embeddable":true,"href":"https:\/\/www.hashtag.al\/index.php\/wp-json\/wp\/v2\/comments?post=725571"}],"version-history":[{"count":99999,"href":"https:\/\/www.hashtag.al\/index.php\/wp-json\/wp\/v2\/posts\/725571\/revisions"}],"predecessor-version":[{"id":725573,"href":"https:\/\/www.hashtag.al\/index.php\/wp-json\/wp\/v2\/posts\/725571\/revisions\/725573"}],"wp:featuredmedia":[{"embeddable":true,"href":"https:\/\/www.hashtag.al\/index.php\/wp-json\/wp\/v2\/media\/725572"}],"wp:attachment":[{"href":"https:\/\/www.hashtag.al\/index.php\/wp-json\/wp\/v2\/media?parent=725571"}],"wp:term":[{"taxonomy":"category","embeddable":true,"href":"https:\/\/www.hashtag.al\/index.php\/wp-json\/wp\/v2\/categories?post=725571"},{"taxonomy":"post_tag","embeddable":true,"href":"https:\/\/www.hashtag.al\/index.php\/wp-json\/wp\/v2\/tags?post=725571"}],"curies":[{"name":"wp","href":"https:\/\/api.w.org\/{rel}","templated":true}]}}