{"id":725556,"date":"2025-02-18T13:50:02","date_gmt":"2025-02-18T12:50:02","guid":{"rendered":"https:\/\/www.hashtag.al\/?p=725556"},"modified":"2025-02-18T13:50:02","modified_gmt":"2025-02-18T12:50:02","slug":"berisha-spak-eshte-nje-prokurori-politike-qe-ndihmon-ramen-per-te-eliminur-opoziten","status":"publish","type":"post","link":"https:\/\/www.hashtag.al\/index.php\/2025\/02\/18\/berisha-spak-eshte-nje-prokurori-politike-qe-ndihmon-ramen-per-te-eliminur-opoziten\/","title":{"rendered":"Berisha: SPAK \u00ebsht\u00eb nj\u00eb prokurori politike q\u00eb ndihmon Ram\u00ebn p\u00ebr t\u00eb eliminur opozit\u00ebn","gt_translate_keys":[{"key":"rendered","format":"text"}]},"content":{"rendered":"<p><span style=\"color: #000000;\"><img loading=\"lazy\" decoding=\"async\" class=\"aligncenter size-full wp-image-725557\" src=\"https:\/\/www.hashtag.al\/wp-content\/uploads\/2025\/02\/Screenshot-2025-02-18-131529.png\" alt=\"\" width=\"1100\" height=\"688\" srcset=\"https:\/\/www.hashtag.al\/wp-content\/uploads\/2025\/02\/Screenshot-2025-02-18-131529.png 1100w, https:\/\/www.hashtag.al\/wp-content\/uploads\/2025\/02\/Screenshot-2025-02-18-131529-300x188.png 300w, https:\/\/www.hashtag.al\/wp-content\/uploads\/2025\/02\/Screenshot-2025-02-18-131529-1024x640.png 1024w, https:\/\/www.hashtag.al\/wp-content\/uploads\/2025\/02\/Screenshot-2025-02-18-131529-768x480.png 768w\" sizes=\"auto, (max-width: 1100px) 100vw, 1100px\" \/><\/span><\/p>\n<p><span style=\"color: #000000;\">Ish-kryeministri Sali Berisha ka kritikuar s\u00ebrish SPAK, duke e cil\u00ebsuar at\u00eb si nj\u00eb institucion t\u00eb politizuar q\u00eb po ndihmon Edi Ram\u00ebn p\u00ebr t\u00eb eliminuar opozit\u00ebn.<\/span><\/p>\n<p><span style=\"color: #000000;\">Berisha akuzoi qeverin\u00eb se po p\u00ebrdor drejt\u00ebsin\u00eb p\u00ebr t\u00eb arrestuar lider\u00ebt opozitar\u00eb dhe p\u00ebr t\u00eb rr\u00ebmbyer mandatet politike t\u00eb qytetar\u00ebve.<\/span><\/p>\n<p><span style=\"color: #000000;\"> Ai theksoi se ky realitet pasqyrohet edhe n\u00eb deklaratat e zv\/presidentit t\u00eb SHBA, JD Vance, q\u00eb paralajm\u00ebroi p\u00ebr pasojat e censur\u00ebs dhe burgosjes s\u00eb kund\u00ebrshtar\u00ebve politik\u00eb. <\/span><\/p>\n<p><span style=\"color: #000000;\"><em>\u201cArreston tre lider\u00eb politik\u00eb t\u00eb tre partive kryesore opozitare, nj\u00eb Prokurori q\u00eb i rr\u00ebmben mandate opozit\u00ebs, t\u00eb dh\u00ebna nga zgjedh\u00ebsit, nj\u00eb Prokurori q\u00eb amniston krimin elektoral, nj\u00eb Prokurori q\u00eb arreston gazetar\u00eb, \u00ebsht\u00eb fund e krye nj\u00eb Prokurori politike, pavar\u00ebsisht aktiviteteve t\u00eb tjera. <\/em><\/span><\/p>\n<p><span style=\"color: #000000;\"><em>Arreston lider\u00eb t\u00eb opozit\u00ebs q\u00eb Edi Rama t\u00eb marr\u00eb mandatin. K\u00ebt\u00eb e tha Vance n\u00eb Mynih se ju nuk mund t\u00eb fitoni nj\u00eb mandat demokratik, mund t\u00eb rr\u00ebmbesh, duke censuruar oponent\u00ebt tuaj apo duke i burgosur ata, qoft\u00eb ai edhe lideri i opozit\u00ebs.<\/em><\/span><\/p>\n<p><span style=\"color: #000000;\"><em> Un\u00eb ju ftoj ju, ftoj shqiptar\u00eb, a i p\u00ebrshtaten njeriu m\u00eb shum\u00eb k\u00ebto fjal\u00eb profetike t\u00eb zv\/presidentit t\u00eb SHBA n\u00eb Mynih se sa Edi Ram\u00ebs? <\/em><\/span><\/p>\n<p><span style=\"color: #000000;\"><em>Besoj e keni t\u00eb qart\u00eb se pik\u00ebrisht n\u00eb k\u00ebto q\u00ebndrime \u00ebsht\u00eb edhe ajo fotoja e munguar. P\u00ebr at\u00eb foton e munguar u mobilizuan aviona dhe miliona, por ajo fatmir\u00ebsisht nuk shkrepi. <\/em><\/span><\/p>\n<p><span style=\"color: #000000;\"><em>Dhe jo vet\u00ebm nuk shkrepi ajo foto, por u nxor nga arkiva nj\u00eb foto tjet\u00ebr t\u00eb cil\u00ebn e ripostoi nj\u00eb nga dy kryestrateg\u00ebt bot\u00ebror\u00eb t\u00eb fushatave elektorale, Chris LaCivita, me fjal\u00ebt posht\u00eb kukulla dhe padroni, Edi dhe Alexi. Por \u00e7far\u00eb tha padroni, po e ripublikoj me k\u00ebrkesa t\u00eb shumta. <\/em><\/span><\/p>\n<p><span style=\"color: #000000;\"><em>D.m.th po ua plot\u00ebsoj, m.q.s i fshiu nga mediat sociale Edi Rama, po ua sjell un\u00eb shikuesve. Pavar\u00ebsisht se jemi kund\u00ebrshtar\u00eb, por k\u00ebt\u00eb e b\u00ebri. <\/em><\/span><\/p>\n<p><span style=\"color: #000000;\"><em>Ajo foto kishte edhe nj\u00eb shkak tjet\u00ebr. N\u00eb qindra e miliarda t\u00eb vjedhura t\u00eb taksapaguesve amerikan\u00eb, t\u00eb Soros dhe USAID, n\u00eb krye t\u00eb piramid\u00ebs s\u00eb hajnis\u00eb nd\u00ebrkomb\u00ebtare \u00ebsht\u00eb Edi Rama m\u00eb bashk\u00ebshorten dhe ish-bashk\u00ebshorten.<\/em><\/span><\/p>\n<p><span style=\"color: #000000;\"><em> K\u00ebto nuk i fsheh dot ai se jan\u00eb dokumente nd\u00ebrkomb\u00ebtare q\u00eb faktojn\u00eb se Linda dhe Delina kan\u00eb p\u00ebrfituar shuma p\u00ebrrallore nga USAID dhe organizatat nd\u00ebrkomb\u00ebtare ku SHBA jan\u00eb financuesit kryesor\u00eb Shqip\u00ebria nuk do t\u00eb ket\u00eb nj\u00eb Prokurori politike. <\/em><\/span><\/p>\n<p><span style=\"color: #000000;\"><em>V\u00ebrejtjet e mia p\u00ebr SKAP-in e partis\u00eb kan\u00eb t\u00eb b\u00ebjn\u00eb p\u00ebr nj\u00eb prokurori q\u00eb nuk b\u00ebn politik\u00eb dhe nuk shnd\u00ebrrohet n\u00eb sat\u00ebr p\u00ebr rotacionin, q\u00eb nuk b\u00ebn drejt\u00ebsi t\u00eb dirigjuar q\u00eb nuk fsheh dosjet dhe nuk fle mbi krimin\u201d<\/em>, tha Berisha.<\/span><\/p>\n","protected":false,"gt_translate_keys":[{"key":"rendered","format":"html"}]},"excerpt":{"rendered":"<p>Ish-kryeministri Sali Berisha ka kritikuar s\u00ebrish SPAK, duke e cil\u00ebsuar at\u00eb si nj\u00eb institucion t\u00eb politizuar q\u00eb po ndihmon Edi Ram\u00ebn p\u00ebr t\u00eb eliminuar opozit\u00ebn. Berisha akuzoi qeverin\u00eb se po p\u00ebrdor drejt\u00ebsin\u00eb p\u00ebr t\u00eb arrestuar lider\u00ebt opozitar\u00eb dhe p\u00ebr t\u00eb rr\u00ebmbyer mandatet politike t\u00eb qytetar\u00ebve. Ai theksoi se ky realitet pasqyrohet edhe n\u00eb deklaratat e [&hellip;]<\/p>\n","protected":false,"gt_translate_keys":[{"key":"rendered","format":"html"}]},"author":49,"featured_media":725557,"comment_status":"closed","ping_status":"open","sticky":false,"template":"","format":"standard","meta":{"footnotes":""},"categories":[65],"tags":[],"class_list":["post-725556","post","type-post","status-publish","format-standard","has-post-thumbnail","hentry","category-lajme"],"gt_translate_keys":[{"key":"link","format":"url"}],"_links":{"self":[{"href":"https:\/\/www.hashtag.al\/index.php\/wp-json\/wp\/v2\/posts\/725556","targetHints":{"allow":["GET"]}}],"collection":[{"href":"https:\/\/www.hashtag.al\/index.php\/wp-json\/wp\/v2\/posts"}],"about":[{"href":"https:\/\/www.hashtag.al\/index.php\/wp-json\/wp\/v2\/types\/post"}],"author":[{"embeddable":true,"href":"https:\/\/www.hashtag.al\/index.php\/wp-json\/wp\/v2\/users\/49"}],"replies":[{"embeddable":true,"href":"https:\/\/www.hashtag.al\/index.php\/wp-json\/wp\/v2\/comments?post=725556"}],"version-history":[{"count":99999,"href":"https:\/\/www.hashtag.al\/index.php\/wp-json\/wp\/v2\/posts\/725556\/revisions"}],"predecessor-version":[{"id":725566,"href":"https:\/\/www.hashtag.al\/index.php\/wp-json\/wp\/v2\/posts\/725556\/revisions\/725566"}],"wp:featuredmedia":[{"embeddable":true,"href":"https:\/\/www.hashtag.al\/index.php\/wp-json\/wp\/v2\/media\/725557"}],"wp:attachment":[{"href":"https:\/\/www.hashtag.al\/index.php\/wp-json\/wp\/v2\/media?parent=725556"}],"wp:term":[{"taxonomy":"category","embeddable":true,"href":"https:\/\/www.hashtag.al\/index.php\/wp-json\/wp\/v2\/categories?post=725556"},{"taxonomy":"post_tag","embeddable":true,"href":"https:\/\/www.hashtag.al\/index.php\/wp-json\/wp\/v2\/tags?post=725556"}],"curies":[{"name":"wp","href":"https:\/\/api.w.org\/{rel}","templated":true}]}}