{"id":725509,"date":"2025-02-18T14:19:38","date_gmt":"2025-02-18T13:19:38","guid":{"rendered":"https:\/\/www.hashtag.al\/?p=725509"},"modified":"2025-02-18T14:19:38","modified_gmt":"2025-02-18T13:19:38","slug":"be-ja-i-kerkon-serbise-te-mos-i-forcoje-lidhjet-me-rusine","status":"publish","type":"post","link":"https:\/\/www.hashtag.al\/index.php\/2025\/02\/18\/be-ja-i-kerkon-serbise-te-mos-i-forcoje-lidhjet-me-rusine\/","title":{"rendered":"BE-ja i k\u00ebrkon Serbis\u00eb t\u00eb mos i forcoj\u00eb lidhjet me Rusin\u00eb","gt_translate_keys":[{"key":"rendered","format":"text"}]},"content":{"rendered":"<p><span style=\"color: #000000;\"><img loading=\"lazy\" decoding=\"async\" class=\"aligncenter size-full wp-image-725514\" src=\"https:\/\/www.hashtag.al\/wp-content\/uploads\/2025\/02\/Screenshot-2025-02-18-115344.png\" alt=\"\" width=\"1091\" height=\"610\" srcset=\"https:\/\/www.hashtag.al\/wp-content\/uploads\/2025\/02\/Screenshot-2025-02-18-115344.png 1091w, https:\/\/www.hashtag.al\/wp-content\/uploads\/2025\/02\/Screenshot-2025-02-18-115344-300x168.png 300w, https:\/\/www.hashtag.al\/wp-content\/uploads\/2025\/02\/Screenshot-2025-02-18-115344-1024x573.png 1024w, https:\/\/www.hashtag.al\/wp-content\/uploads\/2025\/02\/Screenshot-2025-02-18-115344-768x429.png 768w\" sizes=\"auto, (max-width: 1091px) 100vw, 1091px\" \/><\/span><\/p>\n<p><span style=\"color: #000000;\">Bashkimi Evropian e ka p\u00ebrs\u00ebritur thirrjen ndaj Serbis\u00eb \u2013 si vend kandidat p\u00ebr an\u00ebtar\u00ebsim \u2013 q\u00eb t\u00eb p\u00ebrshtat\u00eb q\u00ebndrimin e saj n\u00eb politik\u00ebn e jashtme me at\u00eb t\u00eb BE- s\u00eb, dhe t\u2019i evitoj\u00eb hapat q\u00eb jan\u00eb n\u00eb kund\u00ebrshtim me k\u00ebto q\u00ebndrime.<\/span><\/p>\n<p><span style=\"color: #000000;\">Sipas diplomat\u00ebve t\u00eb BE-s\u00eb, kjo k\u00ebrkes\u00eb vlen sidomos lidhur me q\u00ebndrimet ndaj Rusis\u00eb, kund\u00ebr s\u00eb cil\u00ebs BE-ja vazhdoj\u00eb t\u00eb vendos\u00eb sanksione p\u00ebr shkak t\u00eb luft\u00ebs s\u00eb nisur n\u00eb Ukrain\u00eb, nd\u00ebrkoh\u00eb q\u00eb Serbia vazhdon t\u00eb kultivoj\u00eb raporte miq\u00ebsore me Rusin\u00eb.<\/span><\/p>\n<p><span style=\"color: #000000;\">Nj\u00eb z\u00ebdh\u00ebn\u00ebs i BE-s\u00eb, duke iu referuar vizit\u00ebs s\u00eb fundit t\u00eb ministrit t\u00eb Jasht\u00ebm t\u00eb Serbis\u00eb, Marko Gjuriq, n\u00eb Mosk\u00eb, dhe takimit t\u00eb tij me ministrin e Jasht\u00ebm t\u00eb Rusis\u00eb, Sergej Lavrov, ka th\u00ebn\u00eb se BE-ja ka marr\u00eb hapa p\u00ebr ta izoluar Rusin\u00eb, i ka ulur n\u00eb minimum kontaktet, dhe po p\u00ebrgatit edhe nj\u00eb paket\u00eb t\u00eb re sanksionesh, andaj pret q\u00eb Serbia si vend kandidat t\u00eb mos nd\u00ebrmarr\u00eb hapa kund\u00ebr k\u00ebsaj politike t\u00eb Bashkimit Evropian.<\/span><\/p>\n<p><span style=\"color: #000000;\">\u201cSerbia, si vend kandidat, duhet t\u2019i shtoj\u00eb p\u00ebrpjekjet p\u00ebr t\u2019u p\u00ebrshtatur me politik\u00ebn e jashtme t\u00eb BE-s\u00eb si \u00e7\u00ebshtje me shum\u00eb prioritet. Prandaj duhet t\u00eb p\u00ebrmbahet nga veprimet apo deklaratat t\u00eb cilat shkojn\u00eb kund\u00ebr q\u00ebndrimeve t\u00eb BE-s\u00eb n\u00eb politik\u00ebn e jashtme\u201c, ka th\u00ebn\u00eb nj\u00eb z\u00ebdh\u00ebn\u00ebs i BE-s\u00eb.<\/span><\/p>\n<p style=\"text-align: left;\"><span style=\"color: #000000;\">Nd\u00ebrkoh\u00eb, diplomat\u00eb nga disa vende an\u00ebtare kan\u00eb th\u00ebn\u00eb se, krahas munges\u00ebs s\u00eb progresit n\u00eb procesin e normalizimit t\u00eb raporteve me Kosov\u00ebn, \u00e7\u00ebshtjeve t\u00eb sundimit t\u00eb ligjit, edhe bashk\u00ebpunimi i ngusht\u00eb i Serbis\u00eb me Rusin\u00eb ka ndikim q\u00eb t\u00eb mos hapen disa kapituj negociues n\u00eb procesin e negociatave t\u00eb an\u00ebtar\u00ebsimit t\u00eb Serbis\u00eb n\u00eb BE, edhe pse Serbia sipas Komisionit Evropian i ka p\u00ebrmbushur kushtet teknike p\u00ebr k\u00ebt\u00eb<a href=\"https:\/\/www.evropaelire.org\/a\/be-i-kerkon-serbise-te-mos-i-forcoje-lidhjet-me-rusine\/33318812.html\"><span style=\"color: #0000ff;\">.<strong>\/REL<\/strong><\/span><\/a><\/span><\/p>\n","protected":false,"gt_translate_keys":[{"key":"rendered","format":"html"}]},"excerpt":{"rendered":"<p>Bashkimi Evropian e ka p\u00ebrs\u00ebritur thirrjen ndaj Serbis\u00eb \u2013 si vend kandidat p\u00ebr an\u00ebtar\u00ebsim \u2013 q\u00eb t\u00eb p\u00ebrshtat\u00eb q\u00ebndrimin e saj n\u00eb politik\u00ebn e jashtme me at\u00eb t\u00eb BE- s\u00eb, dhe t\u2019i evitoj\u00eb hapat q\u00eb jan\u00eb n\u00eb kund\u00ebrshtim me k\u00ebto q\u00ebndrime. Sipas diplomat\u00ebve t\u00eb BE-s\u00eb, kjo k\u00ebrkes\u00eb vlen sidomos lidhur me q\u00ebndrimet ndaj Rusis\u00eb, kund\u00ebr [&hellip;]<\/p>\n","protected":false,"gt_translate_keys":[{"key":"rendered","format":"html"}]},"author":49,"featured_media":725514,"comment_status":"closed","ping_status":"open","sticky":false,"template":"","format":"standard","meta":{"footnotes":""},"categories":[6],"tags":[],"class_list":["post-725509","post","type-post","status-publish","format-standard","has-post-thumbnail","hentry","category-nderkombetare"],"gt_translate_keys":[{"key":"link","format":"url"}],"_links":{"self":[{"href":"https:\/\/www.hashtag.al\/index.php\/wp-json\/wp\/v2\/posts\/725509","targetHints":{"allow":["GET"]}}],"collection":[{"href":"https:\/\/www.hashtag.al\/index.php\/wp-json\/wp\/v2\/posts"}],"about":[{"href":"https:\/\/www.hashtag.al\/index.php\/wp-json\/wp\/v2\/types\/post"}],"author":[{"embeddable":true,"href":"https:\/\/www.hashtag.al\/index.php\/wp-json\/wp\/v2\/users\/49"}],"replies":[{"embeddable":true,"href":"https:\/\/www.hashtag.al\/index.php\/wp-json\/wp\/v2\/comments?post=725509"}],"version-history":[{"count":99999,"href":"https:\/\/www.hashtag.al\/index.php\/wp-json\/wp\/v2\/posts\/725509\/revisions"}],"predecessor-version":[{"id":725516,"href":"https:\/\/www.hashtag.al\/index.php\/wp-json\/wp\/v2\/posts\/725509\/revisions\/725516"}],"wp:featuredmedia":[{"embeddable":true,"href":"https:\/\/www.hashtag.al\/index.php\/wp-json\/wp\/v2\/media\/725514"}],"wp:attachment":[{"href":"https:\/\/www.hashtag.al\/index.php\/wp-json\/wp\/v2\/media?parent=725509"}],"wp:term":[{"taxonomy":"category","embeddable":true,"href":"https:\/\/www.hashtag.al\/index.php\/wp-json\/wp\/v2\/categories?post=725509"},{"taxonomy":"post_tag","embeddable":true,"href":"https:\/\/www.hashtag.al\/index.php\/wp-json\/wp\/v2\/tags?post=725509"}],"curies":[{"name":"wp","href":"https:\/\/api.w.org\/{rel}","templated":true}]}}