{"id":724944,"date":"2025-02-15T14:46:49","date_gmt":"2025-02-15T13:46:49","guid":{"rendered":"https:\/\/www.hashtag.al\/?p=724944"},"modified":"2025-02-15T14:46:49","modified_gmt":"2025-02-15T13:46:49","slug":"celja-e-negociatave-me-be-meta-shqiperia-eshte-kaq-mbrapa-se-ka-edi-ramen-qe-deshtimin-do-ta-shese-si-arritje","status":"publish","type":"post","link":"https:\/\/www.hashtag.al\/index.php\/2025\/02\/15\/celja-e-negociatave-me-be-meta-shqiperia-eshte-kaq-mbrapa-se-ka-edi-ramen-qe-deshtimin-do-ta-shese-si-arritje\/","title":{"rendered":"\u00c7elja e negociatave me BE, Meta: Shqip\u00ebria \u00ebsht\u00eb kaq mbrapa se ka Edi Ram\u00ebn q\u00eb d\u00ebshtimin do ta shes\u00eb si arritje","gt_translate_keys":[{"key":"rendered","format":"text"}]},"content":{"rendered":"<p><span style=\"color: #000000;\"><img loading=\"lazy\" decoding=\"async\" class=\"aligncenter size-full wp-image-710502\" src=\"https:\/\/www.hashtag.al\/wp-content\/uploads\/2024\/11\/ilir-meta.jpg\" alt=\"\" width=\"565\" height=\"347\" srcset=\"https:\/\/www.hashtag.al\/wp-content\/uploads\/2024\/11\/ilir-meta.jpg 565w, https:\/\/www.hashtag.al\/wp-content\/uploads\/2024\/11\/ilir-meta-300x184.jpg 300w\" sizes=\"auto, (max-width: 565px) 100vw, 565px\" \/><\/span><\/p>\n<p><span style=\"color: #000000;\">Presidenti i Partis\u00eb s\u00eb Liris\u00eb, Ilir Meta, ka kritikuar ashp\u00ebr Kryeministrin Edi Rama p\u00ebr mburrjet mbi hapjen e negociatave p\u00ebr an\u00ebtar\u00ebsim n\u00eb Bashkimin Europian, duke e cil\u00ebsuar k\u00ebt\u00eb si nj\u00eb &#8220;tallava&#8221; t\u00eb integrimit. <\/span><\/p>\n<p><span style=\"color: #000000;\">N\u00eb nj\u00eb postim t\u00eb fundit n\u00eb Facebook, Ilir Meta, presidenti i Partis\u00eb s\u00eb Liris\u00eb, theksoi se procesi \u00ebsht\u00eb shtyr\u00eb p\u00ebr shum\u00eb vite nga qeveria dhe e quajti \u00e7eljen e negociatave nj\u00eb arritje t\u00eb imponuar nga faktor\u00eb gjeopolitik\u00eb. <\/span><\/p>\n<p><span style=\"color: #000000;\">Ai e akuzoi Ram\u00ebn p\u00ebr korrupsion dhe d\u00ebshtimin n\u00eb realizimin e konvergjenc\u00ebs me BE-n\u00eb.<\/span><\/p>\n<p><span style=\"color: #000000;\"><strong>Postimi:<\/strong><\/span><\/p>\n<p><span style=\"color: #000000;\"><em>&#8220;\ud835\udc0a\ud835\udc2b\ud835\udc1e\ud835\udc27\ud835\udc1a\ud835\udc2b\ud835\udc22\ud835\udc1a\u201d \ud835\udc1e \ud835\udc2d\ud835\udc1a\ud835\udc25\ud835\udc25\ud835\udc1a\ud835\udc2f\ud835\udc1a\ud835\udc2c\ud835\udc1e\u0308 \ud835\udc2d\ud835\udc1e\u0308 \ud835\udc22\ud835\udc27\ud835\udc2d\ud835\udc1e\ud835\udc20\ud835\udc2b\ud835\udc22\ud835\udc26\ud835\udc22\ud835\udc2d.<\/em><\/span><\/p>\n<p><span style=\"color: #000000;\"><em>Edi Rama ose tallavaja e integrimit \u00ebsht\u00eb krenar se qenkan \u00e7elur negociatat me Bashkimin Europian, kur ishte e pamundur, q\u00eb ato t\u00eb shtyheshin m\u00eb tej.<\/em><\/span><\/p>\n<p><span style=\"color: #000000;\"><em>(Nuk do ishte mir\u00eb t\u00eb falenderonim nj\u00eb fatkeq\u00ebsi si lufta e Rusis\u00eb kund\u00ebr Ukrain\u00ebs, p\u00ebr \u00e7eljen e negociatave tona.)<\/em><\/span><\/p>\n<p><span style=\"color: #000000;\"><em>Nuk i mjaftoi q\u00eb e bllokoi procesin e integrimit europian p\u00ebr dy vite p\u00ebr shkak t\u00eb kryetarit t\u00eb Qarkut Fier.<\/em><\/span><\/p>\n<p><span style=\"color: #000000;\"><em>Nuk i mjaftoi q\u00eb e bllokoi \u00e7eljen e negociatave p\u00ebr vite t\u00eb t\u00ebra se donte t\u00eb b\u00ebnte zgjedhje lokale pa opozit\u00eb, si\u00e7 i b\u00ebri, por edhe shum\u00eb zhvillime (bllokime) t\u00eb tjera (t\u00eb q\u00ebllimshme).<\/em><\/span><\/p>\n<p><span style=\"color: #000000;\"><em>Por nd\u00ebrsa Shqip\u00ebria e firmosi Marr\u00ebveshjen e Stabilizim-Asocimit n\u00eb vitin 2006, pra p\u00ebrpara Malit t\u00eb Zi dhe Serbis\u00eb, k\u00ebto dy vende i \u00e7el\u00ebn negociatat, Mali i Zi n\u00eb 2012 dhe Serbia n\u00eb 2014.<\/em><\/span><\/p>\n<p><span style=\"color: #000000;\"><em>Nd\u00ebrsa Edi Rama mburret se i ka \u00e7elur tani, kur dihet q\u00eb k\u00ebto dy vende kan\u00eb patur probleme madhore nga ish\u2013lufta n\u00eb Jugosllavi dhe po k\u00ebshtu nuk kan\u00eb nj\u00eb p\u00ebrkrahje totale nga shoq\u00ebrit\u00eb e tyre p\u00ebr integrimin europian, krejt ndryshe nga \u00e7&#8217;\u00ebsht\u00eb n\u00eb vendin ton\u00eb, mb\u00ebshtetje mbar\u00ebpopullore.<\/em><\/span><\/p>\n<p><span style=\"color: #000000;\"><em>Shqip\u00ebria \u00ebsht\u00eb kaq mbrapa se ka Edi Ram\u00ebn q\u00eb d\u00ebshtimin do ta shes\u00eb si arritje dhe pap\u00ebrgjegjshm\u00ebrin\u00eb e ka n\u00eb AND-n\u00eb e tij, pasi pushteti absolut dhe pasurimi skizofrenik jan\u00eb \u201cidealet&#8221; e tij.<\/em><\/span><\/p>\n<p><span style=\"color: #000000;\"><em>Kjo \u00ebsht\u00eb arsyeja q\u00eb sipas modelit mediok\u00ebr, klientelist t\u00eb Edi Ram\u00ebs, konvergjenca me Bashkimin Europian mund t\u00eb realizohet me k\u00ebto ritme 3.5 &#8211; 4%, vet\u00ebm pas m\u00eb shum\u00eb se ngjys\u00ebm shekulli ose kur ai t\u00eb b\u00ebhet 110 vje\u00e7 dhe kur t&#8217;i afrohet mandatit t\u00eb 20-t\u00eb n\u00eb krye t\u00eb Qeveris\u00eb.<\/em><\/span><\/p>\n<p><span style=\"color: #000000;\"><em>N\u00ebse ka arsye reale t\u00eb jemi \u201ckrenar\u00eb\u201d kjo ka t\u00eb b\u00ebj\u00eb me faktin se jemi vendi q\u00eb edhe fondet e IPARD-it p\u00ebr bujq\u00ebsin\u00eb i \u00e7uam te incenerator\u00ebt.<\/em><\/span><\/p>\n<p><span style=\"color: #000000;\"><em>Po k\u00ebshtu, fal\u00eb korruptimit q\u00eb u b\u00ebnte Edi Rama ambasador\u00ebve, d\u00ebgjuam ambasador\u00eb q\u00eb deklaronin q\u00eb nj\u00eb vend m\u00eb mir\u00eb t\u00eb jet\u00eb pa Gjykat\u00eb Kushtetuese, se me Gjykat\u00eb Kushtetuese t\u00eb korruptuar.<\/em><\/span><\/p>\n<p><span style=\"color: #000000;\"><em>Si nuk tha nj\u00eb prej k\u00ebtyre q\u00eb m\u00eb mir\u00eb nj\u00eb vend t\u00eb jet\u00eb pa Qeveri, se me Qeverin\u00eb m\u00eb t\u00eb korruptuar n\u00eb Europ\u00eb.<\/em><\/span><\/p>\n<p><span style=\"color: #000000;\"><em>Po k\u00ebshtu duhet t\u00eb jemi \u201ckrenar\u00eb\u201d se vet\u00ebm Edi Rama mund t\u00eb korruptonte kryeagjentin e FBI, McGonigal dhe shum\u00eb krenari t\u00eb tjera.<\/em><\/span><\/p>\n<p><span style=\"color: #000000;\"><em>Pra ai \u00ebsht\u00eb fiks si\u00e7 e thoshte i paharruari Teodor Keko: I dhjer\u00eb por krenar. Sidomos p\u00ebr integrimin.<\/em><\/span><\/p>\n<p><span style=\"color: #000000;\"><em>Dikur p\u00ebr t&#8217;u mbrojtur nga akuzat p\u00ebr korrupsionin e tij t\u00eb friksh\u00ebm, deklaronte se nuk ka hajdut 2 metra.<\/em><\/span><\/p>\n<p><span style=\"color: #000000;\"><em>Meq\u00ebn\u00ebse kjo p\u00ebrgjigje antropologjike u rr\u00ebzua, tani si argument \u00ebsht\u00eb se po t\u00eb ishte korrupsioni kaq i lart\u00eb, pse u \u00e7el\u00ebn negociatat?<\/em><\/span><\/p>\n<p><span style=\"color: #000000;\"><em>Jan\u00eb dy arsye kryesore:<\/em><\/span><\/p>\n<p><span style=\"color: #000000;\"><em>S\u00eb pari, nuk mund t\u00eb shtyheshin pafund edhe p\u00ebr arsye gjeopolitike.<\/em><\/span><\/p>\n<p><span style=\"color: #000000;\"><em>S\u00eb dyti, si rruga m\u00eb e mir\u00eb p\u00ebr t\u00eb kontrolluar sadopak nj\u00eb Qeveri q\u00eb kishte kapur \u00e7do gj\u00eb edhe me korruptimin e zyrtar\u00ebve nd\u00ebrkomb\u00ebtar\u00eb dhe p\u00ebrs\u00ebri k\u00ebtu \u00ebsht\u00eb merit\u00eb edhe e opozit\u00ebs.<\/em><\/span><\/p>\n","protected":false,"gt_translate_keys":[{"key":"rendered","format":"html"}]},"excerpt":{"rendered":"<p>Presidenti i Partis\u00eb s\u00eb Liris\u00eb, Ilir Meta, ka kritikuar ashp\u00ebr Kryeministrin Edi Rama p\u00ebr mburrjet mbi hapjen e negociatave p\u00ebr an\u00ebtar\u00ebsim n\u00eb Bashkimin Europian, duke e cil\u00ebsuar k\u00ebt\u00eb si nj\u00eb &#8220;tallava&#8221; t\u00eb integrimit. N\u00eb nj\u00eb postim t\u00eb fundit n\u00eb Facebook, Ilir Meta, presidenti i Partis\u00eb s\u00eb Liris\u00eb, theksoi se procesi \u00ebsht\u00eb shtyr\u00eb p\u00ebr shum\u00eb vite [&hellip;]<\/p>\n","protected":false,"gt_translate_keys":[{"key":"rendered","format":"html"}]},"author":49,"featured_media":710502,"comment_status":"closed","ping_status":"open","sticky":false,"template":"","format":"standard","meta":{"footnotes":""},"categories":[65],"tags":[],"class_list":["post-724944","post","type-post","status-publish","format-standard","has-post-thumbnail","hentry","category-lajme"],"gt_translate_keys":[{"key":"link","format":"url"}],"_links":{"self":[{"href":"https:\/\/www.hashtag.al\/index.php\/wp-json\/wp\/v2\/posts\/724944","targetHints":{"allow":["GET"]}}],"collection":[{"href":"https:\/\/www.hashtag.al\/index.php\/wp-json\/wp\/v2\/posts"}],"about":[{"href":"https:\/\/www.hashtag.al\/index.php\/wp-json\/wp\/v2\/types\/post"}],"author":[{"embeddable":true,"href":"https:\/\/www.hashtag.al\/index.php\/wp-json\/wp\/v2\/users\/49"}],"replies":[{"embeddable":true,"href":"https:\/\/www.hashtag.al\/index.php\/wp-json\/wp\/v2\/comments?post=724944"}],"version-history":[{"count":99999,"href":"https:\/\/www.hashtag.al\/index.php\/wp-json\/wp\/v2\/posts\/724944\/revisions"}],"predecessor-version":[{"id":724948,"href":"https:\/\/www.hashtag.al\/index.php\/wp-json\/wp\/v2\/posts\/724944\/revisions\/724948"}],"wp:featuredmedia":[{"embeddable":true,"href":"https:\/\/www.hashtag.al\/index.php\/wp-json\/wp\/v2\/media\/710502"}],"wp:attachment":[{"href":"https:\/\/www.hashtag.al\/index.php\/wp-json\/wp\/v2\/media?parent=724944"}],"wp:term":[{"taxonomy":"category","embeddable":true,"href":"https:\/\/www.hashtag.al\/index.php\/wp-json\/wp\/v2\/categories?post=724944"},{"taxonomy":"post_tag","embeddable":true,"href":"https:\/\/www.hashtag.al\/index.php\/wp-json\/wp\/v2\/tags?post=724944"}],"curies":[{"name":"wp","href":"https:\/\/api.w.org\/{rel}","templated":true}]}}