{"id":724882,"date":"2025-02-14T23:03:17","date_gmt":"2025-02-14T22:03:17","guid":{"rendered":"https:\/\/www.hashtag.al\/?p=724882"},"modified":"2025-02-14T23:03:55","modified_gmt":"2025-02-14T22:03:55","slug":"vance-takon-kryetaren-e-partise-gjermane-te-ekstremit-te-djathte-afd","status":"publish","type":"post","link":"https:\/\/www.hashtag.al\/index.php\/2025\/02\/14\/vance-takon-kryetaren-e-partise-gjermane-te-ekstremit-te-djathte-afd\/","title":{"rendered":"Vance takon kryetaren e AfD-s\u00eb Weidel","gt_translate_keys":[{"key":"rendered","format":"text"}]},"content":{"rendered":"<p><img loading=\"lazy\" decoding=\"async\" class=\"aligncenter size-full wp-image-724883\" src=\"https:\/\/www.hashtag.al\/wp-content\/uploads\/2025\/02\/37076848-sicherheitskonferenz-us-vizepraesident-vance-und-afd-chefin-alice-weidel-sollen-sich-getroffen-haben-1q4rE2KZW9ea.jpg\" alt=\"\" width=\"2400\" height=\"1350\" srcset=\"https:\/\/www.hashtag.al\/wp-content\/uploads\/2025\/02\/37076848-sicherheitskonferenz-us-vizepraesident-vance-und-afd-chefin-alice-weidel-sollen-sich-getroffen-haben-1q4rE2KZW9ea.jpg 2400w, https:\/\/www.hashtag.al\/wp-content\/uploads\/2025\/02\/37076848-sicherheitskonferenz-us-vizepraesident-vance-und-afd-chefin-alice-weidel-sollen-sich-getroffen-haben-1q4rE2KZW9ea-300x169.jpg 300w, https:\/\/www.hashtag.al\/wp-content\/uploads\/2025\/02\/37076848-sicherheitskonferenz-us-vizepraesident-vance-und-afd-chefin-alice-weidel-sollen-sich-getroffen-haben-1q4rE2KZW9ea-1024x576.jpg 1024w, https:\/\/www.hashtag.al\/wp-content\/uploads\/2025\/02\/37076848-sicherheitskonferenz-us-vizepraesident-vance-und-afd-chefin-alice-weidel-sollen-sich-getroffen-haben-1q4rE2KZW9ea-768x432.jpg 768w, https:\/\/www.hashtag.al\/wp-content\/uploads\/2025\/02\/37076848-sicherheitskonferenz-us-vizepraesident-vance-und-afd-chefin-alice-weidel-sollen-sich-getroffen-haben-1q4rE2KZW9ea-1536x864.jpg 1536w, https:\/\/www.hashtag.al\/wp-content\/uploads\/2025\/02\/37076848-sicherheitskonferenz-us-vizepraesident-vance-und-afd-chefin-alice-weidel-sollen-sich-getroffen-haben-1q4rE2KZW9ea-2048x1152.jpg 2048w\" sizes=\"auto, (max-width: 2400px) 100vw, 2400px\" \/><\/p>\n<p><span style=\"color: #000000;\">Z\u00ebvend\u00ebspresidenti amerian Vance u takua t\u00eb premten me kreun e partis\u00eb s\u00eb djatht\u00eb gjermane AfD.<\/span><\/p>\n<p><span style=\"color: #000000;\">Pas nj\u00eb fjalimi me kritika t\u00eb forta ndaj krer\u00ebve t\u00eb BE-s\u00eb dhe atyre t\u00eb partive tradicionale gjermane, Vance u takua me udh\u00ebheq\u00ebsen e AfD Alice Weidel p\u00ebr rreth 30 minuta, ku t\u00eb dy diskutuan luft\u00ebn n\u00eb Ukrain\u00eb dhe politik\u00ebn e brendshme gjermane, tha nj\u00eb z\u00ebdh\u00ebn\u00ebs i zyr\u00ebs s\u00eb Weidel. Z\u00ebvend\u00ebspresidenti u takua gjithashtu me presidentin gjerman Frank-\u00cbalter Steinmeier dhe kandidatin e CDU-s\u00eb p\u00ebr kancelar Friedrich Merz.<\/span><\/p>\n<p><span style=\"color: #000000;\">M\u00eb her\u00ebt ai kritikoi t\u00eb premten &#8220;murin mbrojt\u00ebs&#8221; t\u00eb partive tradicionale n\u00eb Gjermani p\u00ebr t\u00eb mos bashk\u00ebpunuar me partin\u00eb e djatht\u00eb AfD.<\/span><\/p>\n<p><span style=\"color: #000000;\"><em>&#8220;Ajo q\u00eb do b\u00ebnte q\u00eb asnj\u00eb demokraci n\u00eb SHBA, Gjermani apo Evrop\u00eb t\u00eb mos mbijetonte do ishte t\u2019u thuash miliona votuesve se mendimet dhe shqet\u00ebsimet e tyre, d\u00ebshirat e tyre, lutjet e tyre, jan\u00eb t\u00eb pavlefshme dhe t\u00eb padenja p\u00ebr t&#8217;u marr\u00eb n\u00eb konsiderat\u00eb,&#8221;<\/em> tha Vance.<\/span><\/p>\n<p><span style=\"color: #000000;\"><em>\u201cDemokracia mb\u00ebshtetet n\u00eb parimin e shenjt\u00eb se z\u00ebri i popullit ka r\u00ebnd\u00ebsi. Nuk ka vend p\u00ebr mure.\u201d<\/em><\/span><\/p>\n<p><span style=\"color: #000000;\">Vance i krahasoi udh\u00ebheq\u00ebsit e sot\u00ebm evropian\u00eb t\u00eb zgjedhur me tiran\u00ebt q\u00eb udh\u00ebhoq\u00ebn pjes\u00eb t\u00eb kontinentit gjat\u00eb Luft\u00ebs s\u00eb Ftoht\u00eb.<\/span><\/p>\n<p><span style=\"color: #000000;\">Ai kritikoi fort anulimin e zgjedhjeve presidenciale n\u00eb Rumani pas fitores s\u00eb kandidatit t\u00eb djatht\u00eb Calin Georgescu. Gjykata Kushtetuese t\u00eb Rumanis\u00eb i anuloi zgjedhjet presidenciale t\u00eb vendit vitin e kaluar, pasi sh\u00ebrbimi i saj i inteligjenc\u00ebs pretendoi se zbuloi nj\u00eb fushat\u00eb &#8220;t\u00eb bashk\u00ebrenduar nga nj\u00eb aktor shtet\u00ebror&#8221; p\u00ebr t\u00eb ndihmuar n\u00eb zgjedhjen e Calin Georgescu, nj\u00eb ultranacionalist praktikisht i panjohur p\u00ebrpara zgjedhjeve.<\/span><\/p>\n<p><span style=\"color: #000000;\"><em>\u201cKur shohim gjykatat evropiane q\u00eb anulojn\u00eb zgjedhjet dhe zyrtar\u00ebt e lart\u00eb q\u00eb k\u00ebrc\u00ebnojn\u00eb t\u00eb anulojn\u00eb t\u00eb tjerat, ne duhet t\u00eb pyesim n\u00ebse po e mbajm\u00eb veten n\u00eb nj\u00eb standard t\u00eb lart\u00eb q\u00eb k\u00ebrkohet\u201d<\/em>, tha Vance.<\/span><\/p>\n<p><span style=\"color: #000000;\">Alternativa p\u00ebr Gjermanin\u00eb (AfD) e ekstremit t\u00eb djatht\u00eb t\u00eb Gjermanis\u00eb, e cila ka fituar mb\u00ebshtetjene\u00a0 administrat\u00ebs Trump, ve\u00e7an\u00ebrisht t\u00eb Elon Musk, ka tani p\u00ebr tani 21% mb\u00ebshtetje para zgjedhjeve t\u00eb 23 shkurtit, gj\u00eb q\u00eb do ta b\u00ebnte partin\u00eb forc\u00ebn e dyt\u00eb m\u00eb t\u00eb madhe politike n\u00eb Gjermani dhe partin\u00eb e par\u00eb t\u00eb ekstremit t\u00eb djatht\u00eb q\u00eb mban nj\u00eb pozicion t\u00eb till\u00eb q\u00eb nga Lufta e Dyt\u00eb Bot\u00ebrore.<\/span><\/p>\n","protected":false,"gt_translate_keys":[{"key":"rendered","format":"html"}]},"excerpt":{"rendered":"<p>Z\u00ebvend\u00ebspresidenti amerian Vance u takua t\u00eb premten me kreun e partis\u00eb s\u00eb djatht\u00eb gjermane AfD. Pas nj\u00eb fjalimi me kritika t\u00eb forta ndaj krer\u00ebve t\u00eb BE-s\u00eb dhe atyre t\u00eb partive tradicionale gjermane, Vance u takua me udh\u00ebheq\u00ebsen e AfD Alice Weidel p\u00ebr rreth 30 minuta, ku t\u00eb dy diskutuan luft\u00ebn n\u00eb Ukrain\u00eb dhe politik\u00ebn e [&hellip;]<\/p>\n","protected":false,"gt_translate_keys":[{"key":"rendered","format":"html"}]},"author":51,"featured_media":724883,"comment_status":"closed","ping_status":"open","sticky":false,"template":"","format":"standard","meta":{"footnotes":""},"categories":[53],"tags":[],"class_list":["post-724882","post","type-post","status-publish","format-standard","has-post-thumbnail","hentry","category-fast-foodi"],"gt_translate_keys":[{"key":"link","format":"url"}],"_links":{"self":[{"href":"https:\/\/www.hashtag.al\/index.php\/wp-json\/wp\/v2\/posts\/724882","targetHints":{"allow":["GET"]}}],"collection":[{"href":"https:\/\/www.hashtag.al\/index.php\/wp-json\/wp\/v2\/posts"}],"about":[{"href":"https:\/\/www.hashtag.al\/index.php\/wp-json\/wp\/v2\/types\/post"}],"author":[{"embeddable":true,"href":"https:\/\/www.hashtag.al\/index.php\/wp-json\/wp\/v2\/users\/51"}],"replies":[{"embeddable":true,"href":"https:\/\/www.hashtag.al\/index.php\/wp-json\/wp\/v2\/comments?post=724882"}],"version-history":[{"count":99999,"href":"https:\/\/www.hashtag.al\/index.php\/wp-json\/wp\/v2\/posts\/724882\/revisions"}],"predecessor-version":[{"id":724885,"href":"https:\/\/www.hashtag.al\/index.php\/wp-json\/wp\/v2\/posts\/724882\/revisions\/724885"}],"wp:featuredmedia":[{"embeddable":true,"href":"https:\/\/www.hashtag.al\/index.php\/wp-json\/wp\/v2\/media\/724883"}],"wp:attachment":[{"href":"https:\/\/www.hashtag.al\/index.php\/wp-json\/wp\/v2\/media?parent=724882"}],"wp:term":[{"taxonomy":"category","embeddable":true,"href":"https:\/\/www.hashtag.al\/index.php\/wp-json\/wp\/v2\/categories?post=724882"},{"taxonomy":"post_tag","embeddable":true,"href":"https:\/\/www.hashtag.al\/index.php\/wp-json\/wp\/v2\/tags?post=724882"}],"curies":[{"name":"wp","href":"https:\/\/api.w.org\/{rel}","templated":true}]}}