{"id":724757,"date":"2025-02-14T12:37:35","date_gmt":"2025-02-14T11:37:35","guid":{"rendered":"https:\/\/www.hashtag.al\/?p=724757"},"modified":"2025-02-14T12:37:35","modified_gmt":"2025-02-14T11:37:35","slug":"protesta-e-mbeshtetesve-te-veliajt-berisha-sulm-kriminal-ndaj-institucioneve-te-drejtesise","status":"publish","type":"post","link":"https:\/\/www.hashtag.al\/index.php\/2025\/02\/14\/protesta-e-mbeshtetesve-te-veliajt-berisha-sulm-kriminal-ndaj-institucioneve-te-drejtesise\/","title":{"rendered":"Protesta e mb\u00ebshtet\u00ebsve t\u00eb Veliajt\/ Berisha: Sulm kriminal ndaj institucioneve t\u00eb drejt\u00ebsis\u00eb","gt_translate_keys":[{"key":"rendered","format":"text"}]},"content":{"rendered":"<p><span style=\"color: #000000;\"><img loading=\"lazy\" decoding=\"async\" class=\"aligncenter size-full wp-image-724758\" src=\"https:\/\/www.hashtag.al\/wp-content\/uploads\/2025\/02\/Screenshot-2025-02-14-122554.png\" alt=\"\" width=\"960\" height=\"529\" srcset=\"https:\/\/www.hashtag.al\/wp-content\/uploads\/2025\/02\/Screenshot-2025-02-14-122554.png 960w, https:\/\/www.hashtag.al\/wp-content\/uploads\/2025\/02\/Screenshot-2025-02-14-122554-300x165.png 300w, https:\/\/www.hashtag.al\/wp-content\/uploads\/2025\/02\/Screenshot-2025-02-14-122554-768x423.png 768w\" sizes=\"auto, (max-width: 960px) 100vw, 960px\" \/><\/span><\/p>\n<p><span style=\"color: #000000;\">Kreu i PD Sali Berisha mbajti nj\u00eb q\u00ebndrim t\u00eb pazakont\u00eb duke marr\u00eb n\u00eb konsiderat\u00eb deklaratat e tij prej m\u00eb shum\u00eb se nj\u00eb viti, duke th\u00ebn\u00eb se protesta e mb\u00ebshtet\u00ebsve t\u00eb kryebashkiakut Erion Veliaj para SPAK dhe GJKKO ishte nj\u00eb sulm kriminal ndaj institucioneve t\u00eb drejt\u00ebsis\u00eb.<\/span><\/p>\n<p><span style=\"color: #000000;\"><em>&#8220;Dje qytetar\u00ebt ishin d\u00ebshmitar\u00eb t\u00eb akteve m\u00eb t\u00eb sh\u00ebmtuara. Sulmi kriminal ndaj institucioneve t\u00eb drejt\u00ebsis\u00eb nga instiucone t\u00eb narkoshtetit.<\/em><\/span><\/p>\n<p><span style=\"color: #000000;\"><em> Dje ishte puntata m\u00eb kulmore e Narcos n\u00eb Shqip\u00ebri. Protest\u00eb e organizuar nga Rama dhe qeveria e tij, rrog\u00ebtar\u00eb t\u00eb shtetit, polic\u00eb me dhe pa arm\u00eb.<\/em><\/span><\/p>\n<p><span style=\"color: #000000;\"><em> Rrethuan p\u00ebr or\u00eb t\u00eb t\u00ebra Gjykat\u00ebn Speciale dhe Prokurorin\u00eb Speciale.<\/em><\/span><\/p>\n<p><span style=\"color: #000000;\"><em> Mbajt\u00ebn t\u00eb ndryr\u00eb n\u00eb gjykat\u00eb, gjykat\u00ebs dhe punonj\u00ebs t\u00eb administrat\u00ebs s\u00eb gjykat\u00ebs. <\/em><\/span><\/p>\n<p><span style=\"color: #000000;\"><em>S<\/em><em>ulmuan si bandit\u00eb makinat e tyre. <\/em><\/span><\/p>\n<p><span style=\"color: #000000;\"><em>U soll\u00ebn sikur ato t\u00eb ishin institucionet e pushtuesit. <\/em><\/span><\/p>\n<p><span style=\"color: #000000;\"><em>Nj\u00eb sulm i till\u00eb d\u00ebshmon jo vet\u00ebm d\u00ebshtimin e plot\u00eb t\u00eb kriminalizimit t\u00eb drejtuesve t\u00eb narkoshtetit shqiptar.<\/em><\/span><\/p>\n<p><span style=\"color: #000000;\"><em>T\u00eb k\u00ebrc\u00ebnosh me jet\u00eb gjykat\u00ebsit, \u00ebsht\u00eb nj\u00eb apel p\u00ebr cdo shqiptar, d\u00ebshmon se je i gatsh\u00ebm t\u00eb p\u00ebrdor\u00ebsh cdo mjet anti demokratik.&#8221;<\/em><\/span><\/p>\n","protected":false,"gt_translate_keys":[{"key":"rendered","format":"html"}]},"excerpt":{"rendered":"<p>Kreu i PD Sali Berisha mbajti nj\u00eb q\u00ebndrim t\u00eb pazakont\u00eb duke marr\u00eb n\u00eb konsiderat\u00eb deklaratat e tij prej m\u00eb shum\u00eb se nj\u00eb viti, duke th\u00ebn\u00eb se protesta e mb\u00ebshtet\u00ebsve t\u00eb kryebashkiakut Erion Veliaj para SPAK dhe GJKKO ishte nj\u00eb sulm kriminal ndaj institucioneve t\u00eb drejt\u00ebsis\u00eb. &#8220;Dje qytetar\u00ebt ishin d\u00ebshmitar\u00eb t\u00eb akteve m\u00eb t\u00eb sh\u00ebmtuara. Sulmi [&hellip;]<\/p>\n","protected":false,"gt_translate_keys":[{"key":"rendered","format":"html"}]},"author":49,"featured_media":724758,"comment_status":"closed","ping_status":"open","sticky":false,"template":"","format":"standard","meta":{"footnotes":""},"categories":[65],"tags":[],"class_list":["post-724757","post","type-post","status-publish","format-standard","has-post-thumbnail","hentry","category-lajme"],"gt_translate_keys":[{"key":"link","format":"url"}],"_links":{"self":[{"href":"https:\/\/www.hashtag.al\/index.php\/wp-json\/wp\/v2\/posts\/724757","targetHints":{"allow":["GET"]}}],"collection":[{"href":"https:\/\/www.hashtag.al\/index.php\/wp-json\/wp\/v2\/posts"}],"about":[{"href":"https:\/\/www.hashtag.al\/index.php\/wp-json\/wp\/v2\/types\/post"}],"author":[{"embeddable":true,"href":"https:\/\/www.hashtag.al\/index.php\/wp-json\/wp\/v2\/users\/49"}],"replies":[{"embeddable":true,"href":"https:\/\/www.hashtag.al\/index.php\/wp-json\/wp\/v2\/comments?post=724757"}],"version-history":[{"count":99999,"href":"https:\/\/www.hashtag.al\/index.php\/wp-json\/wp\/v2\/posts\/724757\/revisions"}],"predecessor-version":[{"id":724759,"href":"https:\/\/www.hashtag.al\/index.php\/wp-json\/wp\/v2\/posts\/724757\/revisions\/724759"}],"wp:featuredmedia":[{"embeddable":true,"href":"https:\/\/www.hashtag.al\/index.php\/wp-json\/wp\/v2\/media\/724758"}],"wp:attachment":[{"href":"https:\/\/www.hashtag.al\/index.php\/wp-json\/wp\/v2\/media?parent=724757"}],"wp:term":[{"taxonomy":"category","embeddable":true,"href":"https:\/\/www.hashtag.al\/index.php\/wp-json\/wp\/v2\/categories?post=724757"},{"taxonomy":"post_tag","embeddable":true,"href":"https:\/\/www.hashtag.al\/index.php\/wp-json\/wp\/v2\/tags?post=724757"}],"curies":[{"name":"wp","href":"https:\/\/api.w.org\/{rel}","templated":true}]}}