{"id":724622,"date":"2025-02-13T13:01:36","date_gmt":"2025-02-13T12:01:36","guid":{"rendered":"https:\/\/www.hashtag.al\/?p=724622"},"modified":"2025-02-13T13:01:36","modified_gmt":"2025-02-13T12:01:36","slug":"tension-ne-kuvend-deputeti-i-pd-se-shkul-mikrofonin-gjate-fjales-se-ministrit-balla","status":"publish","type":"post","link":"https:\/\/www.hashtag.al\/index.php\/2025\/02\/13\/tension-ne-kuvend-deputeti-i-pd-se-shkul-mikrofonin-gjate-fjales-se-ministrit-balla\/","title":{"rendered":"Tension n\u00eb Kuvend, deputeti i PD-s\u00eb shkul mikrofonin gjat\u00eb fjal\u00ebs s\u00eb ministrit Balla","gt_translate_keys":[{"key":"rendered","format":"text"}]},"content":{"rendered":"<p><span style=\"color: #000000;\"><img loading=\"lazy\" decoding=\"async\" class=\"aligncenter size-full wp-image-724624\" src=\"https:\/\/www.hashtag.al\/wp-content\/uploads\/2025\/02\/0-15.webp\" alt=\"\" width=\"1280\" height=\"720\" srcset=\"https:\/\/www.hashtag.al\/wp-content\/uploads\/2025\/02\/0-15.webp 1280w, https:\/\/www.hashtag.al\/wp-content\/uploads\/2025\/02\/0-15-300x169.webp 300w, https:\/\/www.hashtag.al\/wp-content\/uploads\/2025\/02\/0-15-1024x576.webp 1024w, https:\/\/www.hashtag.al\/wp-content\/uploads\/2025\/02\/0-15-768x432.webp 768w\" sizes=\"auto, (max-width: 1280px) 100vw, 1280px\" \/><\/span><\/p>\n<p><span style=\"color: #000000;\">Seanca parlamentare u shoq\u00ebrua me tensione kur deputeti i Partis\u00eb Demokratike, Petrit Doda, u afrua drejt foltores gjat\u00eb fjal\u00ebs s\u00eb ministrit Taulant Balla dhe shkul\u00eb mikrofonin. <\/span><\/p>\n<p><span style=\"color: #000000;\">Pavar\u00ebsisht rrethimit t\u00eb foltores nga Garda e Republik\u00ebs, Doda arriti t\u00eb kaloj\u00eb kordonin dhe t\u00eb marr\u00eb mikrofonin. Tensionet nis\u00ebn pas fjal\u00ebs q\u00eb kryeparlamentarja i dha ministrit, nd\u00ebrkoh\u00eb q\u00eb deputet\u00ebt e PD-s\u00eb protestuan kund\u00ebr k\u00ebtij veprimi.<\/span><\/p>\n<p><span style=\"color: #000000;\">I pari q\u00eb u afrua n\u00eb foltore ishte Flamur Noka, i ndjekur nga deputet\u00ebt e tjer\u00eb t\u00eb Partis\u00eb Demokratike.<\/span><\/p>\n<div style=\"width: 1170px;\" class=\"wp-video\"><video class=\"wp-video-shortcode\" id=\"video-724622-1\" width=\"1170\" height=\"658\" preload=\"metadata\" controls=\"controls\"><source type=\"video\/mp4\" src=\"https:\/\/www.hashtag.al\/wp-content\/uploads\/2025\/02\/WhatsApp-Video-2025-02-13-at-12.59.12-PM.mp4?_=1\" \/><a href=\"https:\/\/www.hashtag.al\/wp-content\/uploads\/2025\/02\/WhatsApp-Video-2025-02-13-at-12.59.12-PM.mp4\">https:\/\/www.hashtag.al\/wp-content\/uploads\/2025\/02\/WhatsApp-Video-2025-02-13-at-12.59.12-PM.mp4<\/a><\/video><\/div>\n","protected":false,"gt_translate_keys":[{"key":"rendered","format":"html"}]},"excerpt":{"rendered":"<p>Seanca parlamentare u shoq\u00ebrua me tensione kur deputeti i Partis\u00eb Demokratike, Petrit Doda, u afrua drejt foltores gjat\u00eb fjal\u00ebs s\u00eb ministrit Taulant Balla dhe shkul\u00eb mikrofonin. Pavar\u00ebsisht rrethimit t\u00eb foltores nga Garda e Republik\u00ebs, Doda arriti t\u00eb kaloj\u00eb kordonin dhe t\u00eb marr\u00eb mikrofonin. Tensionet nis\u00ebn pas fjal\u00ebs q\u00eb kryeparlamentarja i dha ministrit, nd\u00ebrkoh\u00eb q\u00eb deputet\u00ebt [&hellip;]<\/p>\n","protected":false,"gt_translate_keys":[{"key":"rendered","format":"html"}]},"author":49,"featured_media":724624,"comment_status":"closed","ping_status":"open","sticky":false,"template":"","format":"standard","meta":{"footnotes":""},"categories":[65],"tags":[],"class_list":["post-724622","post","type-post","status-publish","format-standard","has-post-thumbnail","hentry","category-lajme"],"gt_translate_keys":[{"key":"link","format":"url"}],"_links":{"self":[{"href":"https:\/\/www.hashtag.al\/index.php\/wp-json\/wp\/v2\/posts\/724622","targetHints":{"allow":["GET"]}}],"collection":[{"href":"https:\/\/www.hashtag.al\/index.php\/wp-json\/wp\/v2\/posts"}],"about":[{"href":"https:\/\/www.hashtag.al\/index.php\/wp-json\/wp\/v2\/types\/post"}],"author":[{"embeddable":true,"href":"https:\/\/www.hashtag.al\/index.php\/wp-json\/wp\/v2\/users\/49"}],"replies":[{"embeddable":true,"href":"https:\/\/www.hashtag.al\/index.php\/wp-json\/wp\/v2\/comments?post=724622"}],"version-history":[{"count":99999,"href":"https:\/\/www.hashtag.al\/index.php\/wp-json\/wp\/v2\/posts\/724622\/revisions"}],"predecessor-version":[{"id":724626,"href":"https:\/\/www.hashtag.al\/index.php\/wp-json\/wp\/v2\/posts\/724622\/revisions\/724626"}],"wp:featuredmedia":[{"embeddable":true,"href":"https:\/\/www.hashtag.al\/index.php\/wp-json\/wp\/v2\/media\/724624"}],"wp:attachment":[{"href":"https:\/\/www.hashtag.al\/index.php\/wp-json\/wp\/v2\/media?parent=724622"}],"wp:term":[{"taxonomy":"category","embeddable":true,"href":"https:\/\/www.hashtag.al\/index.php\/wp-json\/wp\/v2\/categories?post=724622"},{"taxonomy":"post_tag","embeddable":true,"href":"https:\/\/www.hashtag.al\/index.php\/wp-json\/wp\/v2\/tags?post=724622"}],"curies":[{"name":"wp","href":"https:\/\/api.w.org\/{rel}","templated":true}]}}