{"id":724620,"date":"2025-02-13T12:55:09","date_gmt":"2025-02-13T11:55:09","guid":{"rendered":"https:\/\/www.hashtag.al\/?p=724620"},"modified":"2025-02-13T13:08:58","modified_gmt":"2025-02-13T12:08:58","slug":"rama-pergenjeshtron-berishen-sme-shkon-mendja-te-bej-teater-me-vizita-ne-burgje","status":"publish","type":"post","link":"https:\/\/www.hashtag.al\/index.php\/2025\/02\/13\/rama-pergenjeshtron-berishen-sme-shkon-mendja-te-bej-teater-me-vizita-ne-burgje\/","title":{"rendered":"Rama p\u00ebrg\u00ebnjeshtron Berish\u00ebn: S&#8217;m\u00eb shkon mendja t\u00eb b\u00ebj teat\u00ebr me vizita n\u00eb burgje","gt_translate_keys":[{"key":"rendered","format":"text"}]},"content":{"rendered":"<p style=\"text-align: left;\"><span style=\"color: #000000;\"><img loading=\"lazy\" decoding=\"async\" class=\"aligncenter size-full wp-image-723912\" src=\"https:\/\/www.hashtag.al\/wp-content\/uploads\/2025\/02\/edi-rama-ne-shkoder-730x450-1.jpg\" alt=\"\" width=\"730\" height=\"450\" srcset=\"https:\/\/www.hashtag.al\/wp-content\/uploads\/2025\/02\/edi-rama-ne-shkoder-730x450-1.jpg 730w, https:\/\/www.hashtag.al\/wp-content\/uploads\/2025\/02\/edi-rama-ne-shkoder-730x450-1-300x185.jpg 300w\" sizes=\"auto, (max-width: 730px) 100vw, 730px\" \/><\/span><\/p>\n<p style=\"text-align: left;\"><span style=\"color: #000000;\">Kryeministri Edi Rama ka shpallur hapjen e dy kapitujve t\u00eb negociatave me Bashkimin Evropian, duke p\u00ebrmendur letr\u00ebn e d\u00ebrguar nga Presidenca Polake p\u00ebr \u00e7eljen e grupkapitullit 3, pas hapjes s\u00eb grupkapitullit 2 n\u00eb fund t\u00eb janarit. Ai ka rip\u00ebrs\u00ebritur angazhimin p\u00ebr p\u00ebrparimin e Shqip\u00ebris\u00eb drejt an\u00ebtar\u00ebsimit n\u00eb BE dhe ka kritikuar ashp\u00ebr mediat dhe politikan\u00ebt q\u00eb shp\u00ebrndajn\u00eb lajme t\u00eb rreme, duke i quajtur ato shpifje t\u00eb pabaza.<\/span><\/p>\n<p style=\"text-align: left;\"><span style=\"color: #000000;\">Rama gjithashtu ka theksuar se \u00e7\u00ebshtjet ligjore t\u00eb individ\u00ebve, si ajo e Erion Veliajt, jan\u00eb private dhe nuk lidhen me Partin\u00eb Socialiste. Me an\u00eb t\u00eb nj\u00eb postimi n\u00eb X, kreu i qeveris\u00eb thot\u00eb se nuk i shkon n\u00eb mendje t\u00eb b\u00ebj\u00eb teat\u00ebr me vizita n\u00ebp\u00ebr burgje, nd\u00ebrsa thekson se \u201cbeteja ligjore e Erionit \u00ebsht\u00eb beteja e tij dhe e avokat\u00ebve t\u00eb tij, jo e imja dhe e Partis\u00eb Socialiste\u201d. <\/span><\/p>\n<p style=\"text-align: left;\"><span style=\"color: #000000;\">Kryeministri p\u00ebrmendi gjithashtu p\u00ebrdorimin e Inteligjenc\u00ebs Artificiale n\u00eb administrat\u00ebn publike, duke e cil\u00ebsuar at\u00eb nj\u00eb hap t\u00eb madh p\u00ebr p\u00ebrmir\u00ebsimin e sh\u00ebrbimeve publike.<\/span><\/p>\n<p style=\"text-align: left;\"><span style=\"color: #000000;\"><em>\u201cDje mor\u00ebm letr\u00ebn e Presidenc\u00ebs Polake t\u00eb BE, p\u00ebr \u00e7eljen e grupkapitullit 3 t\u00eb negociatave nd\u00ebrkoh\u00eb q\u00eb n\u00eb 29 janar kemi marr\u00eb letr\u00ebn p\u00ebr \u00e7eljen e grupkapitullit 2, pra p\u00ebr hapjen e dy dyerve t\u00eb tjera n\u00eb korridorin drejt sall\u00ebs s\u00eb madhe t\u00eb familjes s\u00eb bashkuar europiane.<\/em><\/span><\/p>\n<p style=\"text-align: left;\"><span style=\"color: #000000;\"><em>Sa mbarova fjal\u00ebn live k\u00ebtu n\u00eb kryeministri, ku me ekipin komb\u00ebtar t\u00eb negociatave po prezantojm\u00eb edhe p\u00ebr publikun modelin e Inteligjenc\u00ebs Artificiale, i cili sapo ka hyr\u00eb n\u00eb funksion me or\u00eb t\u00eb plota pas testimeve t\u00eb suksesshme.<\/em><\/span><\/p>\n<p style=\"text-align: left;\"><span style=\"color: #000000;\"><em>Nd\u00ebrkoh\u00eb k\u00ebneta politiko-mediatike paska hapur lajmin e rrem\u00eb se qenkam nisur t\u00eb takoj Erionin n\u00eb Durr\u00ebs dhe qenkan rreshtuar edhe gazetar\u00ebt atje.<\/em><\/span><\/p>\n<p style=\"text-align: left;\"><span style=\"color: #000000;\"><em>O llum i madh q\u00eb e mbyt\u00ebt k\u00ebt\u00eb milet me jasht\u00ebnxjerrjet e shpirtit t\u00eb kalbur dhe q\u00eb e vetmja pun\u00eb q\u00eb dini \u00ebsht\u00eb t\u00eb nxirrni t\u00ebr\u00eb dit\u00ebn tituj t\u00eb ndyr\u00eb nga goja juaj apo t\u00eb shtremb\u00ebruar e t\u00eb nxjerr\u00eb nga konteksti kur m\u2019i vini n\u00eb goj\u00ebn time, e pastaj t\u2019i komentoni n\u00eb udh\u00ebkryqet e rruga\u00e7\u00ebrive tuaja t\u00eb nat\u00ebs!<\/em><\/span><\/p>\n<p style=\"text-align: left;\"><span style=\"color: #000000;\"><em>Erioni \u00ebsht\u00eb n\u00eb paraburgim dhe m\u00eb p\u00eblqen a s\u2019m\u00eb p\u00eblqen mua se si u trajtua rasti i tij, un\u00eb nuk jam ju, nuk jam as si ju dhe as si bufi i k\u00ebnet\u00ebs tuaj t\u00eb kuakuakuave. Beteja ligjore e Erionit \u00ebsht\u00eb beteja e tij dhe e avokat\u00ebve t\u00eb tij, jo e imja dhe e Partis\u00eb Socialiste. Kur them duhet nj\u00eb drejt\u00ebsi q\u00eb lufton korrupsionin dhe garanton standartet demokratike, un\u00eb them ate q\u00eb besoj e as m\u00eb shkon mendja t\u00eb b\u00ebj teat\u00ebr me vizita n\u00eb burgje apo t\u00eb b\u00ebhem pal\u00eb n\u00eb procesin e drejt\u00ebsis\u00eb n\u00eb \u00e7far\u00ebdolloj forme.<\/em><\/span><\/p>\n<p style=\"text-align: left;\"><span style=\"color: #000000;\"><em>Sepse un\u00eb s\u2019jam k\u00ebneta dhe Zoti nuk m\u00eb ka d\u00ebnuar me zhubrazhgarravitje t\u00eb surratit, duke m\u00eb imponuar rolin e bufit t\u00eb k\u00ebnet\u00ebs p\u00ebr t\u00eb lar\u00eb haqet e nj\u00eb jete t\u00eb mbrapsht\u00eb publike! Dhe si\u00e7 po e sheh n\u00eb kanale e portale t\u00ebr\u00eb Shqip\u00ebria un\u00eb jo SPAK-un q\u00eb nuk e kontrolloj p\u00ebrderisa kam udh\u00ebhequr luft\u00ebn p\u00ebr krijimin e tij si flamur pavar\u00ebsie n\u00eb territorin deri dje komplet t\u00eb pushtuar t\u00eb drejt\u00ebsis\u00eb, po as nuk kontrolloj nj\u00eb media t\u00eb vetme,.<\/em><\/span><\/p>\n<p style=\"text-align: left;\"><span style=\"color: #000000;\"><em>Po e dini pse?<\/em><\/span><\/p>\n<p style=\"text-align: left;\"><span style=\"color: #000000;\"><em>Sepse them at\u00eb q\u00eb b\u00ebj dhe b\u00ebj at\u00eb q\u00eb them, si udh\u00ebheq\u00ebsi i forc\u00ebs m\u00eb t\u00eb madhe politike t\u00eb shqiptar\u00ebve q\u00eb duroj tash sa vite llumin tuaj mbi veten e familjen time, vet\u00ebm e vet\u00ebm se kam marr\u00eb p\u00ebrsip\u00ebr ta \u00e7oj me se s\u2019b\u00ebn Shqip\u00ebrin\u00eb nj\u00ebher\u00eb e mir\u00eb p\u00ebrtej k\u00ebnet\u00ebs suaj 100 e kusur vje\u00e7are, duke e ulur si zonj\u00eb n\u00eb tryez\u00ebn e Familjes s\u00eb Bashkuar Europiane\u201d,<\/em> shkruan Rama.<\/span><\/p>\n","protected":false,"gt_translate_keys":[{"key":"rendered","format":"html"}]},"excerpt":{"rendered":"<p>Kryeministri Edi Rama ka shpallur hapjen e dy kapitujve t\u00eb negociatave me Bashkimin Evropian, duke p\u00ebrmendur letr\u00ebn e d\u00ebrguar nga Presidenca Polake p\u00ebr \u00e7eljen e grupkapitullit 3, pas hapjes s\u00eb grupkapitullit 2 n\u00eb fund t\u00eb janarit. Ai ka rip\u00ebrs\u00ebritur angazhimin p\u00ebr p\u00ebrparimin e Shqip\u00ebris\u00eb drejt an\u00ebtar\u00ebsimit n\u00eb BE dhe ka kritikuar ashp\u00ebr mediat dhe politikan\u00ebt [&hellip;]<\/p>\n","protected":false,"gt_translate_keys":[{"key":"rendered","format":"html"}]},"author":49,"featured_media":723936,"comment_status":"closed","ping_status":"open","sticky":false,"template":"","format":"standard","meta":{"footnotes":""},"categories":[65],"tags":[],"class_list":["post-724620","post","type-post","status-publish","format-standard","has-post-thumbnail","hentry","category-lajme"],"gt_translate_keys":[{"key":"link","format":"url"}],"_links":{"self":[{"href":"https:\/\/www.hashtag.al\/index.php\/wp-json\/wp\/v2\/posts\/724620","targetHints":{"allow":["GET"]}}],"collection":[{"href":"https:\/\/www.hashtag.al\/index.php\/wp-json\/wp\/v2\/posts"}],"about":[{"href":"https:\/\/www.hashtag.al\/index.php\/wp-json\/wp\/v2\/types\/post"}],"author":[{"embeddable":true,"href":"https:\/\/www.hashtag.al\/index.php\/wp-json\/wp\/v2\/users\/49"}],"replies":[{"embeddable":true,"href":"https:\/\/www.hashtag.al\/index.php\/wp-json\/wp\/v2\/comments?post=724620"}],"version-history":[{"count":99999,"href":"https:\/\/www.hashtag.al\/index.php\/wp-json\/wp\/v2\/posts\/724620\/revisions"}],"predecessor-version":[{"id":724621,"href":"https:\/\/www.hashtag.al\/index.php\/wp-json\/wp\/v2\/posts\/724620\/revisions\/724621"}],"wp:featuredmedia":[{"embeddable":true,"href":"https:\/\/www.hashtag.al\/index.php\/wp-json\/wp\/v2\/media\/723936"}],"wp:attachment":[{"href":"https:\/\/www.hashtag.al\/index.php\/wp-json\/wp\/v2\/media?parent=724620"}],"wp:term":[{"taxonomy":"category","embeddable":true,"href":"https:\/\/www.hashtag.al\/index.php\/wp-json\/wp\/v2\/categories?post=724620"},{"taxonomy":"post_tag","embeddable":true,"href":"https:\/\/www.hashtag.al\/index.php\/wp-json\/wp\/v2\/tags?post=724620"}],"curies":[{"name":"wp","href":"https:\/\/api.w.org\/{rel}","templated":true}]}}