{"id":724454,"date":"2025-02-12T21:18:40","date_gmt":"2025-02-12T20:18:40","guid":{"rendered":"https:\/\/www.hashtag.al\/?p=724454"},"modified":"2025-02-12T21:59:44","modified_gmt":"2025-02-12T20:59:44","slug":"kush-eshte-hasmi-ne-washington-qe-frikeson-edi-ramen","status":"publish","type":"post","link":"https:\/\/www.hashtag.al\/index.php\/2025\/02\/12\/kush-eshte-hasmi-ne-washington-qe-frikeson-edi-ramen\/","title":{"rendered":"Kush \u00ebsht\u00eb \u201chasmi\u201d n\u00eb Washington q\u00eb frik\u00ebson Edi Ram\u00ebn","gt_translate_keys":[{"key":"rendered","format":"text"}]},"content":{"rendered":"<p><em><strong><span style=\"color: #000000;\"><a href=\"https:\/\/www.hashtag.al\/wp-content\/uploads\/2025\/02\/cover-the-family.jpeg\"><img loading=\"lazy\" decoding=\"async\" class=\"aligncenter size-large wp-image-724463\" src=\"https:\/\/www.hashtag.al\/wp-content\/uploads\/2025\/02\/cover-the-family-1024x585.jpeg\" alt=\"\" width=\"1024\" height=\"585\" srcset=\"https:\/\/www.hashtag.al\/wp-content\/uploads\/2025\/02\/cover-the-family-1024x585.jpeg 1024w, https:\/\/www.hashtag.al\/wp-content\/uploads\/2025\/02\/cover-the-family-300x171.jpeg 300w, https:\/\/www.hashtag.al\/wp-content\/uploads\/2025\/02\/cover-the-family-768x439.jpeg 768w, https:\/\/www.hashtag.al\/wp-content\/uploads\/2025\/02\/cover-the-family.jpeg 1248w\" sizes=\"auto, (max-width: 1024px) 100vw, 1024px\" \/><\/a><\/span><\/strong><\/em><\/p>\n<p><em><strong><span style=\"color: #000000;\">Nga Habjon Hasani<\/span><\/strong><\/em><\/p>\n<p><span style=\"color: #000000;\">Le t\u00eb shkojm\u00eb p\u00ebr nj\u00eb moment me imagjinat\u00eb n\u00eb kompjuterin q\u00eb mban database-n e USAID, t\u00eb cilin e ka marr\u00eb n\u00ebn kontroll ekipi i Elon Musk. Imagjinojm\u00eb sikur aty gjendet nj\u00eb dosje, nj\u00eb folder, q\u00eb mban emrin <em>\u201cFinancim i autobus\u00ebve elektrik\u00eb p\u00ebr Bangladeshin\u201d<\/em>. Imagjinoni sikur pasi klikojm\u00eb k\u00ebt\u00eb folder, na shfaqen dokumente, t\u00eb dh\u00ebna apo nj\u00eb list\u00eb pagesash, dhe shpenzimesh operative t\u00eb dedikuara p\u00ebr SPAK-un, KLGJ-n\u00eb, e KLP-n\u00eb, nd\u00ebrsa ata q\u00eb ne i njohim si krer\u00eb t\u00eb drejt\u00ebsis\u00eb n\u00eb Tiran\u00eb, te ky projekt t\u00eb jen\u00eb me p\u00ebrshkrim t\u00eb koduar si shofer\u00eb, faturino, apo ekip mir\u00ebmbajtje autobus\u00ebsh, xhenerik\u00eb.<\/span><\/p>\n<p><span style=\"color: #000000;\">Tani le t\u00eb shkojm\u00eb me imagjinat\u00eb t\u00eb Prokuroria e Posa\u00e7me, SPAK-u. Imagjinoni Altin Dumanin dhe koleg\u00ebt e tij q\u00eb n\u00eb tre vitet e fundit kan\u00eb bombarduar me burgime t\u00eb p\u00ebrjetshme, disa nga vras\u00ebsit m\u00eb t\u00eb pam\u00ebshirsh\u00ebm q\u00eb ka njohur vendi, disa prej t\u00eb cil\u00ebve jan\u00eb betuar se n\u00ebse bien n\u00eb postbllok policie do q\u00ebllojn\u00eb, nuk dor\u00ebzohen. Imagjinoni sikur nj\u00eb dit\u00eb trupa e SPAK-ut ta gjej\u00eb veten pa mbrojtje speciale n\u00eb Tiran\u00eb dhe pa garanci n\u00eb SHBA-, atje te projekti, te USAID.<\/span><\/p>\n<p><span style=\"color: #000000;\">A nuk jan\u00eb prokuror\u00ebt tan\u00eb realisht t\u00eb rrezikuar?<\/span><\/p>\n<p><span style=\"color: #000000;\">K\u00ebto dy situata imagjinative jan\u00eb pigmenti i info-analiz\u00ebs q\u00eb ka p\u00ebr objekt ky shkrim, i konceptuar n\u00eb dy kapituj.<\/span><\/p>\n<p><em><strong><span style=\"color: #000000;\">Kapitulli I \u2013 Shfarosje n\u00eb Washington<\/span><\/strong><\/em><\/p>\n<p><span style=\"color: #000000;\">N\u00eb <a href=\"https:\/\/www.youtube.com\/watch?v=t2jonsSr0Tg\"><span style=\"color: #0000ff;\"><strong><em>Youtube<\/em><\/strong><\/span><\/a> ekziston nj\u00eb video amatore ku d\u00ebgjohen tingujt e k\u00ebng\u00ebs s\u00eb Baftjarit t\u00eb Ylli Bak\u00ebs. Aty shfaqen duke k\u00ebrcyer ish-Presidenti Ilir Meta, ish-ambasadori amerikan Donald Lu, Fatmir Mediu e plot t\u00eb tjer\u00eb.<\/span><span style=\"color: #000000;\">Por ca m\u00eb tej pist\u00ebs s\u00eb k\u00ebrcimit, vet\u00ebm nj\u00eb sy i v\u00ebmendsh\u00ebm ose dikush i informuar mund t\u00eb dalloj\u00eb siluet\u00ebn e nj\u00eb amerikani jo fort t\u00eb zakonsh\u00ebm.<\/span><\/p>\n<p><span style=\"color: #000000;\">Ai quhet Peter Marocco.<\/span><\/p>\n<p><span style=\"color: #000000;\"><a href=\"https:\/\/www.hashtag.al\/wp-content\/uploads\/2025\/02\/Peter-Marocco-Albania-2018-baftjari.jpeg\"><img loading=\"lazy\" decoding=\"async\" class=\"aligncenter size-large wp-image-724456\" src=\"https:\/\/www.hashtag.al\/wp-content\/uploads\/2025\/02\/Peter-Marocco-Albania-2018-baftjari-1024x638.jpeg\" alt=\"\" width=\"1024\" height=\"638\" srcset=\"https:\/\/www.hashtag.al\/wp-content\/uploads\/2025\/02\/Peter-Marocco-Albania-2018-baftjari-1024x638.jpeg 1024w, https:\/\/www.hashtag.al\/wp-content\/uploads\/2025\/02\/Peter-Marocco-Albania-2018-baftjari-300x187.jpeg 300w, https:\/\/www.hashtag.al\/wp-content\/uploads\/2025\/02\/Peter-Marocco-Albania-2018-baftjari-768x479.jpeg 768w, https:\/\/www.hashtag.al\/wp-content\/uploads\/2025\/02\/Peter-Marocco-Albania-2018-baftjari.jpeg 1320w\" sizes=\"auto, (max-width: 1024px) 100vw, 1024px\" \/><\/a><\/span><\/p>\n<p><span style=\"color: #000000;\">Sekretari i Shtetit Marco Rubio e ka em\u00ebruar at\u00eb si drejtor t\u00eb ri t\u00eb USAID-it prej disa jav\u00ebsh.<\/span><\/p>\n<p><span style=\"color: #000000;\">Videoja \u00ebsht\u00eb e vitit 2018, nd\u00ebrsa Peter Marocco bashk\u00eb me nj\u00eb ekip amerikan\u00ebsh kishin ardhur (nd\u00ebr t\u00eb tjera) n\u00eb Tiran\u00eb dhe p\u00ebr t\u00eb k\u00ebrkuar garanci q\u00eb pas votimit t\u00eb reform\u00ebs n\u00eb drejt\u00ebsi, organet e reja t\u00eb drejt\u00ebsis\u00eb t\u00eb ishin t\u00eb balancuara dhe t\u00eb kishte \u201c<em>check and balance<\/em>\u201d.<\/span><\/p>\n<p><span style=\"color: #000000;\">Por Edi Rama ishte i qet\u00eb, ai kishte nj\u00eb plan dhe kishte informacion m\u00eb tep\u00ebr nga sa mund t\u00eb imagjinonte delegacioni amerikan. Sigurisht q\u00eb k\u00ebt\u00eb supremaci ai e kishte nga lidhja v\u00ebllaz\u00ebrore me George Soros.<\/span><\/p>\n<p><span style=\"color: #000000;\">Grupit t\u00eb Peter Maroccos n\u00eb Washington po i p\u00ebrgatitej \u00e7montimi, ata do asgj\u00ebsoheshin nj\u00ebher\u00eb\u00a0 e mir\u00eb nga linja liberale.<\/span><\/p>\n<p><span style=\"color: #000000;\">Peter Marocco \u00ebsht\u00eb nj\u00eb <em>\u201dfellow\u201d<\/em>, k\u00ebshtu quhen an\u00ebtar\u00ebt e p\u00ebrzgjedhur t\u00eb asaj q\u00eb njihet si &#8220;M\u00ebngjesi i Lutjeve&#8221; n\u00eb Amerik\u00eb, nj\u00eb linj\u00eb e past\u00ebr kristiane evangjeliste e cila ndasin\u00eb kryesore me linj\u00ebn liberale t\u00eb Soros ka q\u00ebndrimin mbi familjen dhe gjinin\u00eb.<\/span><\/p>\n<p><span style=\"color: #000000;\">Asgj\u00ebsimi i tyre shihej si e vetmja m\u00ebnyr\u00eb p\u00ebr t\u2019i k\u00ebputur Donald Trumpit ndoshta krahun m\u00eb t\u00eb fort\u00eb, si dhe p\u00ebr t\u2019i hapur rrug\u00ebn dominimit absolut t\u00eb linj\u00ebs liberale n\u00eb makinerin\u00eb gjigande t\u00eb burokracis\u00eb amerikane, burokraci e perandoris\u00eb.<\/span><\/p>\n<p><span style=\"color: #000000;\">Pas nj\u00eb viti, Netflix (<em>platform\u00eb televizive filo-liberale<\/em>) publikoi nj\u00eb dokumentar t\u00eb quajtur <em>\u201cThe Family\u201d<\/em>, n\u00eb form\u00eb investigimi.<br \/>\n<\/span><span style=\"color: #000000;\">Aty shfaqen dhe disa dosje vizualisht ku p\u00ebrmendet Shqip\u00ebria dhe ndikimi i nj\u00eb kongresmeni amerikan t\u00eb quajtur Robert Aderholt i cili \u00ebsht\u00eb gjithashtu nj\u00eb \u201cfellow\u201d i &#8220;M\u00ebngjesit t\u00eb Lutjeve&#8221;, mik p\u00ebr kok\u00eb i Fatmir Mediut dhe kongresmeni q\u00eb n\u00eb vitin 2017 shkroi let\u00ebr zyrtare p\u00ebr rrezikun e shnd\u00ebrrimit t\u00eb reform\u00ebs n\u00eb drejt\u00ebsi n\u00eb nj\u00eb arm\u00eb politike t\u00eb krahut sorosian.<\/span><\/p>\n<p><span style=\"color: #000000;\">S&#8217;do ishte \u00e7udi q\u00eb dhe n\u00eb vitin 2025 ai t\u00eb ket\u00eb nd\u00ebrmarr\u00eb ndonj\u00eb nism\u00eb t\u00eb ngjashme.<\/span><\/p>\n<p><span style=\"color: #000000;\">Nj\u00eb tjet\u00ebr mik i Fatmir Mediut i quajtur John Ratcliffe, \u00ebsht\u00eb gjithashtu &#8220;fellow&#8221; i M\u00ebngjesit t\u00eb Lutjeve dhe aktualisht sh\u00ebrben si kreu i agjencis\u00eb s\u00eb inteligjenc\u00ebs m\u00eb t\u00eb fort\u00eb n\u00eb bot\u00eb, CIA. \u00a0<\/span><\/p>\n<p><span style=\"color: #000000;\">N\u00eb fakt k\u00ebta nuk jan\u00eb gj\u00eb tjet\u00ebr ve\u00e7se grupi m\u00eb besnik i Donald Trump, t\u00eb cil\u00ebt n\u00eb ndryshim dhe nga disa an\u00ebtar\u00eb t\u00eb familjes s\u00eb tij biologjike, i q\u00ebndruan pa ekuivok n\u00eb mb\u00ebshtetje n\u00eb dit\u00ebn m\u00eb t\u00eb zez\u00eb t\u00eb karrier\u00ebs s\u00eb tij, kur humbi zgjedhjet dhe u krijua incident n\u00eb Capitol Hill m\u00eb 6 janar 2021.<\/span><\/p>\n<p><span style=\"color: #000000;\">George Soros nuk e ka patur dhe aq keq planin p\u00ebr t\u00eb goditur k\u00ebt\u00eb grup, pasi si\u00e7 ngjarjet e 6 janarit e treguan, ky grup q\u00ebndroi me stoiciz\u00ebm n\u00eb mb\u00ebshtetje t\u00eb Trumpit.<\/span><\/p>\n<p><span style=\"color: #000000;\">Pasi n\u00eb Presidenc\u00eb hyri Joe Biden, nisi \u00e7\u2019montimi i k\u00ebtij grupi.<\/span><\/p>\n<p><span style=\"color: #000000;\">Kurr\u00eb m\u00eb par\u00eb n\u00eb historin\u00eb e M\u00ebngjesit t\u00eb Lutjeve, kjo organizat\u00eb nuk u izolua si\u00e7 ndodhi nga viti 2021 e n\u00eb vijim. Kurr\u00eb m\u00eb par\u00eb njer\u00ebzit e saj nuk ishin luftuar me aq pathos dhe deshir\u00eb p\u00ebr asgj\u00ebsim absolut.<\/span><\/p>\n<p><span style=\"color: #000000;\">Goditja dhe \u00e7montimi vijoi dhe n\u00eb Tiran\u00eb. Sh\u00ebnjestra kryesore ishte Fatmir Mediu. Ndoshta njeriu m\u00eb ky\u00e7 i grupit t\u00eb M\u00ebngjesit t\u00eb Lutjeve n\u00eb Evrop\u00ebn Juglindore. Nuk kishte limite duhej t\u00eb shfaroseshin.<\/span><\/p>\n<p><span style=\"color: #000000;\">Fatmir Mediu n\u00eb vitin 2009 po p\u00ebrjetonte nj\u00eb dram\u00eb familjare pasi djali i tij ju n\u00ebnshtrua nj\u00eb operacioni transplanti shum\u00eb delikat.<\/span><\/p>\n<p><span style=\"color: #000000;\"><em>\u201cN\u00ebse im bir do ket\u00eb nevoj\u00eb p\u00ebr t\u00eb dyt\u00ebn, merrini t\u00eb dyja veshkat te un\u00eb dhe mos m\u00eb zgjoni\u201d<\/em>, &#8211; u ka th\u00ebn\u00eb Mediu mjek\u00ebve n\u00eb at\u00ebkoh\u00eb.<\/span><\/p>\n<p><span style=\"color: #000000;\">Por nd\u00ebrsa ky moment dhe kujtim ishte nj\u00eb dram\u00eb e r\u00ebnd\u00eb familjare, organet e drejt\u00ebsis\u00eb n\u00eb Tiran\u00eb, fut\u00ebn n\u00eb process hetimi dhe operacionin e djalit t\u00eb tij.<\/span><\/p>\n<p><span style=\"color: #000000;\">U k\u00ebrkua me let\u00ebr-porosi epikriza dhe shpenzimet q\u00eb Mediu kishte b\u00ebr\u00eb p\u00ebr s\u00ebmundjen e t\u00eb birit.<\/span><\/p>\n<p><span style=\"color: #000000;\">Loja ishte b\u00ebr\u00eb m\u00eb shum\u00eb se personale n\u00eb vitin 2021, heshta dhe bajoneta kishin hyr\u00eb deri te veshka e t\u00eb birit.<\/span><\/p>\n<p><span style=\"color: #000000;\">I skeduar asokohe si personi q\u00eb po nxiste k\u00ebto hetime ishte Erion Veliaj, n\u00eb fakt Veliaj, ashtu si n\u00eb rastin e konfliktit me Armando Duk\u00ebn apo t\u00eb tjer\u00eb, nuk po b\u00ebnte gj\u00eb tjet\u00ebr ve\u00e7se po mbulonte me zell loj\u00ebn dhe porosit\u00eb e Edi Ram\u00ebs.<\/span><\/p>\n<p><span style=\"color: #000000;\">Ishte Edi Rama dhe linja Soros-Blinken porosit\u00ebsi i k\u00ebsaj strategjie p\u00ebr t\u00eb shfarosur k\u00ebt\u00eb grup, mir\u00ebpo k\u00ebto l\u00ebvizje asgjesuese t\u00eb tyre i dinte Robert Aderholt, i dinte ai q\u00eb sot u b\u00eb shef i USAID, i dinte ai q\u00eb sot \u00ebsht\u00eb b\u00ebr\u00eb shef i CIA-s dhe sigurisht q\u00eb i dinte dhe Marco Rubio. I dinin dje, i din\u00eb\u00a0dhe sot.<\/span><\/p>\n<p><span style=\"color: #000000;\">Edhe Edi Rama e di q\u00eb ata e din\u00eb, ndaj ka arsye tep\u00ebr serioze q\u00eb t\u00eb jet\u00eb i shqet\u00ebsuar, ose i tmerruar.<\/span><\/p>\n<p><span style=\"color: #000000;\">Teorit\u00eb dhe spekulimet mediatike se Edi Rama po josh Trumpin me ishullin e Sazanit, jan\u00eb thjesht nj\u00eb fiasko e Ram\u00ebs, ti nuk mund t\u00eb josh\u00ebsh me nj\u00eb ishull dik\u00eb q\u00eb ka fuqin\u00eb absolute p\u00ebr ta marr\u00eb ishullin pa t\u00eb pyetur fare ty.<\/span><\/p>\n<p><span style=\"color: #000000;\">Imagjinoni pak, Trump flet p\u00ebr zbritjen e teknologjis\u00eb n\u00eb planetin Mars, p\u00ebr marrjen e Kanalit t\u00eb Panamas\u00eb, p\u00ebr marrjen e Groenland\u00ebs dhe Kanadas\u00eb, nd\u00ebrsa n\u00eb fshatin ton\u00eb flitet se k\u00ebt\u00eb njeri dhe grupin e tij, Edi Rama nga Tirona do e josh\u00eb me nj\u00eb ishull ku do nd\u00ebrtohen ca vila piktoreske (!).<\/span><\/p>\n<p><span style=\"color: #000000;\">Nuk funksionon k\u00ebshtu, sidomos kur ata q\u00eb kan\u00eb ardhur n\u00eb pushtet n\u00eb Washington e din\u00eb mir\u00eb se pik\u00ebrisht Rama dhe linja e tij ka lozur <em>&#8220;all in&#8221;<\/em> p\u00ebr t\u2019i shfarosur dhe jo thjesht p\u00ebr t\u2019u zbehur ndikimin.<\/span><\/p>\n<p><span style=\"color: #000000;\">Gjasat jan\u00eb q\u00eb \u201chasmi\u201d i Ram\u00ebs n\u00eb Washington t\u00eb jet\u00eb shum\u00eb m\u00eb i kthjell\u00ebt dhe i fort\u00eb nga \u00e7far\u00eb i mendonte Rama n\u00eb 2021-in apo nga \u00e7far\u00eb i kap imagjinata Ram\u00ebs sot.<\/span><\/p>\n<p><span style=\"color: #000000;\"><strong><a href=\"https:\/\/www.hashtag.al\/wp-content\/uploads\/2025\/02\/dumani-blinken.jpg\"><img loading=\"lazy\" decoding=\"async\" class=\"aligncenter size-full wp-image-724464\" src=\"https:\/\/www.hashtag.al\/wp-content\/uploads\/2025\/02\/dumani-blinken.jpg\" alt=\"\" width=\"640\" height=\"364\" srcset=\"https:\/\/www.hashtag.al\/wp-content\/uploads\/2025\/02\/dumani-blinken.jpg 640w, https:\/\/www.hashtag.al\/wp-content\/uploads\/2025\/02\/dumani-blinken-300x171.jpg 300w\" sizes=\"auto, (max-width: 640px) 100vw, 640px\" \/><\/a><\/strong><\/span><\/p>\n<p><span style=\"color: #000000;\"><strong>Kapitulli II <em>&#8211; SPAK-u si armik publik<\/em><\/strong><\/span><\/p>\n<p><span style=\"color: #000000;\">Edi Rama nuk \u00ebsht\u00eb i shqet\u00ebsuar p\u00ebr Erion Veliajn e as p\u00ebr Belinda Ballukun, ai \u00ebsht\u00eb i shqet\u00ebsuar p\u00ebr veten. Rama ka lozur i qet\u00eb dhe n\u00eb mb\u00ebshtetje t\u00eb SPAK-ut deri n\u00eb momentin kur kuptoi se k\u00ebt\u00eb lod\u00ebr nuk e kishin m\u00eb n\u00eb dor\u00eb miqt\u00eb e tij, por tashm\u00eb n\u00eb dor\u00eb e ka nj\u00eb linj\u00eb krejt tjet\u00ebr, t\u00eb cil\u00ebn 6 vite m\u00eb par\u00eb Rama dhe liberal\u00ebt, tentuan ta asgj\u00ebsonin p\u00ebrfundimisht.<\/span><\/p>\n<p><span style=\"color: #000000;\">N\u00eb <em><strong>Hashtag<\/strong> <\/em>prej disa muajsh jan\u00eb publikuar artikujt kritik\u00eb me SPAK-un q\u00eb hidhnin drit\u00eb n\u00eb disa metoda repressive q\u00eb ushtronte ky institucion ose n\u00eb ekzagjerime dhe shkelje proceduriale flagrante. (Lexo <span style=\"color: #0000ff;\"><strong><em><a style=\"color: #0000ff;\" href=\"https:\/\/www.hashtag.al\/index.php\/2024\/09\/15\/historia-e-cuditshme-e-ndinit-dhe-gerdit-a-po-kryen-spak-u-grusht-shteti\/\">k\u00ebtu<\/a><\/em><\/strong><\/span> dhe <span style=\"color: #0000ff;\"><a style=\"color: #0000ff;\" href=\"https:\/\/www.hashtag.al\/index.php\/2024\/07\/07\/terrori-ndaj-elton-qynos-si-e-shperdoruan-deyren-shefat-e-spak\/\"><strong><em>k\u00ebtu<\/em><\/strong><\/a><\/span>).<\/span><\/p>\n<p><span style=\"color: #000000;\">Mir\u00ebpo nuk dukej sikur kryeministri e vinte ujin n\u00eb zjarr, kur k\u00ebto shkelje proceduriale nd\u00ebshkonin persona q\u00eb atij nuk i interesonin.<\/span><\/p>\n<p><span style=\"color: #000000;\">P\u00ebr t\u00eb befas, SPAK-u u shnd\u00ebrrua n\u00eb nj\u00eb makineri shtyp\u00ebse dhe repressive e procedur\u00ebs dhe t\u00eb drejtave t\u00eb njeriut, pik\u00ebrisht kur ai mori prov\u00ebn se \u201clodra\u201d e re nuk komandohej m\u00eb nga miqt\u00eb e tij n\u00eb Washington apo nga linja e tij Soros-Blinken.<\/span><\/p>\n<p><span style=\"color: #000000;\">Ky nuk \u00ebsht\u00eb nj\u00eb raport i nj\u00eb kryeministri me shtetin e s\u00eb drejt\u00ebs, ky \u00ebsht\u00eb thjesht raporti i nj\u00eb individi me frik\u00ebrat e veta dhe befasin\u00eb e fatit.<\/span><\/p>\n<p><span style=\"color: #000000;\">Sot SPAK-u \u00ebsht\u00eb shpallur thuajse armik publik n\u00eb Tiran\u00eb, sepse dhe opozita dhe Rama kan\u00eb ndar\u00eb mendjen p\u00ebr ta goditur.<\/span><\/p>\n<p><span style=\"color: #000000;\">Mir\u00ebpo \u00a0si\u00e7 thon\u00eb dhe amerikan\u00ebt <em>\u201clet\u2019s check the numbers\u201d<\/em>.<\/span><\/p>\n<p><span style=\"color: #000000;\">N\u00ebse sot dikush b\u00ebn k\u00ebto pyetje:<\/span><\/p>\n<p><span style=\"color: #000000;\"><em>-A ka patur ndonj\u00eb prokuror i 30 viteve t\u00eb fundit produktin dhe rezultatin q\u00eb ka patur Altin Dumani?<\/em> <\/span><\/p>\n<p><span style=\"color: #000000;\">Sigurisht q\u00eb jo.<\/span><\/p>\n<p><span style=\"color: #000000;\"><em>-Gabimet e Altin Dumanit dhe grupit t\u00eb tij apo shkeljet proceduriale q\u00eb ata mund t\u00eb ken\u00eb b\u00ebr\u00eb jan\u00eb m\u00eb t\u00eb vogla apo m\u00eb t\u00eb m\u00ebdha se pro\u00e7kat q\u00eb kan\u00eb b\u00ebr\u00eb \u00a0paraardh\u00ebsit e tyre n\u00eb 30 vitet e fundit?<\/em> <\/span><\/p>\n<p><span style=\"color: #000000;\">S\u2019ka diskutim q\u00eb gabimet e tyre jan\u00eb shum\u00eb m\u00eb modeste.<\/span><\/p>\n<p><span style=\"color: #000000;\">Por le t\u00eb vazhdojm\u00eb me numrat dhe shifrat:<\/span><\/p>\n<p><em><span style=\"color: #000000;\">-A \u00ebsht\u00eb sot sistemi i prokurorive dhe gjykatave pas reform\u00ebs n\u00eb drejt\u00ebsi n\u00eb nj\u00eb kolaps t\u00eb paprecedent ku qytetar\u00ebt u duhet t\u00eb presin dhe 7 vite q\u00eb t\u2019u ezaurohet \u00e7\u00ebshtja sepse prokuror\u00ebt e gjyqtar\u00ebt anemban\u00eb Shqip\u00ebris\u00eb jan\u00eb t\u00eb p\u00ebrmbytur nga numri i dosjeve?<\/span><\/em><\/p>\n<p><span style=\"color: #000000;\">T\u00eb gjitha statistikat thon\u00eb se sistemi \u00ebsht\u00eb n\u00eb nj\u00eb kolaps t\u00eb paprecedent krahasuar me 30 vitet e fundit.<\/span><\/p>\n<p><span style=\"color: #000000;\">Pra gjendemi p\u00ebrpara nj\u00eb paradoksi.<\/span><\/p>\n<p><span style=\"color: #000000;\">Reforma ka prodhuar kolaps t\u00eb sistemit t\u00eb s\u00eb drejt\u00ebs, nd\u00ebrsa i vetmi segment i drejt\u00ebsis\u00eb q\u00eb shpallet armik publik \u00ebsht\u00eb SPAK-u, q\u00eb rezulton deri sot i vetmi segment me efi\u00e7enc\u00eb m\u00eb t\u00eb lart\u00eb.<\/span><\/p>\n<p><span style=\"color: #000000;\">Kaq mjafton p\u00ebr t\u00eb kuptuar me \u201crregull treshi\u201d se kryeministri yn\u00eb Edi Rama as nuk do t\u2019ja dij\u00eb fare p\u00ebr shtetin e s\u00eb drejt\u00ebs, ai thjesht ka gjetur shtegun e vet\u00ebm si t\u00eb p\u00ebrballoj\u00eb frik\u00ebrat e veta pas 20 janarit.<\/span><\/p>\n<p><span style=\"color: #000000;\">Opozita nga ana tjet\u00ebr gjendet p\u00ebrpara nj\u00eb tehu t\u00eb rreziksh\u00ebm. Sepse mund ta g\u00ebnjej\u00eb mendja se lodra e SPAK-ut mund t\u00eb kaloj\u00eb n\u00ebn ndikimin e mb\u00ebshtet\u00ebsve t\u00eb saj dhe papritur t\u00eb b\u00ebhet Berisha mbrojt\u00ebs i k\u00ebsaj strukture n\u00eb vijim.<\/span><\/p>\n<p><span style=\"color: #000000;\">N\u00ebse e b\u00ebn, do b\u00ebj\u00eb gaf\u00ebn e jet\u00ebs, sepse ky sistem nuk \u00ebsht\u00eb as sistemi i tij dhe as sistemi i s\u00eb drejt\u00ebs shoq\u00ebrore shqiptare, ky \u00ebsht\u00eb thjesht nj\u00eb sistem i konceptuar, financuar dhe zbatuar nga linja liberale e Soros dhe ky sistem as nuk de-kodifikohet dot nga Berisha dhe as mund t\u00eb kontrollohet dot prej tij.<\/span><\/p>\n<p><span style=\"color: #000000;\">\u00cbsht\u00eb nj\u00eb lod\u00ebr q\u00eb ai nuk ka as aksesin e as kapacitetin p\u00ebr ta p\u00ebrdorur. Ndoshta do jet\u00eb m\u00eb keq p\u00ebr t\u00eb n\u00ebse mendon se mund ta p\u00ebrdor\u00eb vet.<\/span><\/p>\n<p><span style=\"color: #000000;\">Berisha dhe Rama sot kan\u00eb shansin e art\u00eb q\u00eb t\u00eb ulen n\u00eb tryez\u00eb jo si dy klloun\u00eb t\u00eb Trumpit apo Sorosit, por si dy shqiptar\u00eb, t\u00eb th\u00ebrrasin me pjekuri t\u00eb gjith\u00eb faktor\u00ebt dhe t\u00eb nd\u00ebrtojn\u00eb nj\u00eb sistem juridik q\u00eb u jep shpres\u00eb dhe garanci shqiptar\u00ebve.<\/span><\/p>\n<p><span style=\"color: #000000;\">Nj\u00eb Pax-Patria q\u00eb ndoshta do i fut\u00eb t\u00eb dy n\u00eb histori si burra shteti dhe jo si n\u00ebnprodukte projektesh, qofshin k\u00ebto projekte t\u00eb Soros apo qofshin projekte t\u00eb Trumpit.<\/span><\/p>\n<p><span style=\"color: #000000;\">Ne nuk jemi amerikan\u00eb, ne jemi shqiptar\u00eb.<\/span><\/p>\n<p><span style=\"color: #000000;\">N\u00ebse do na duhet t\u00eb p\u00ebrballim rrymat dhe presionet q\u00eb na vijn\u00eb nga Perandoria, e mira \u00ebsht\u00eb ta b\u00ebjm\u00eb si shqiptar\u00eb dhe jo si n\u00ebnprodukte projektesh.<\/span><\/p>\n<p><span style=\"color: #000000;\">Berisha e ka b\u00ebr\u00eb nj\u00ebher\u00eb k\u00ebt\u00eb eksperiment n\u00eb vitin 1992, kur p\u00ebrzuri gjith\u00eb plejad\u00ebn e polic\u00ebve, ushtarak\u00ebve, ekonomist\u00ebve, jurist\u00ebve dhe inxhinier\u00ebve t\u00eb koh\u00ebs s\u00eb komunizmit.<\/span><\/p>\n<p><span style=\"color: #000000;\">Shteti i tij kolapsoi dhe sistemi q\u00eb ai nd\u00ebrtoi ishte banal dhe vulgar.<\/span><\/p>\n<p><span style=\"color: #000000;\">Qofshin shqiptar\u00eb t\u00eb Sorosit apo shqiptar\u00eb t\u00eb Trumpit, t\u00eb gjith\u00eb ata q\u00eb jan\u00eb implikuar me t\u00eb dyja kampet jan\u00eb n\u00eb radh\u00eb t\u00eb par\u00eb shqiptar\u00eb dhe Berisha apo Rama nuk mund t\u00eb arsyetojn\u00eb n\u00eb nivelin e vulgut e mllefit t\u00eb rrug\u00ebs apo lumpenit q\u00eb i mb\u00ebshtet, ata jan\u00eb elit\u00eb n\u00eb k\u00ebt\u00eb vend dhe rangu i arsyetimit t\u00eb tyre duhet t\u00eb jet\u00eb n\u00eb rang elite drejtuesish, jo rang projektesh burokrat\u00ebsh anglishtfol\u00ebs.<\/span><\/p>\n<p><span style=\"color: #000000;\">Se si\u00e7 e tregoi koha, ai USAID-i i tmerrsh\u00ebm q\u00eb u \u00e7montua n\u00eb janar, ashtu mund t\u00eb ri-montohet pas 4 apo 8 vitesh.<\/span><\/p>\n<p><span style=\"color: #000000;\">Prap\u00eb n\u00ebnprodukte t\u00eb k\u00ebtyre eksperimenteve atje lart n\u00eb Washington do jemi?<\/span><\/p>\n<p><span style=\"color: #000000;\">Altin Dumani dhe prokuror\u00ebt e tij nuk kan\u00eb asnj\u00eb inferioritet moral ndaj Berish\u00ebs dhe Ram\u00ebs, n\u00ebse SPAK \u00ebsht\u00eb thjesht nj\u00eb projekt banal n\u00eb duart e USAID sot dhe Sorosit dje, nuk jan\u00eb m\u00eb pak banale ledhatimet q\u00eb Rama i b\u00ebn familjes Soros, apo pathosi q\u00eb Berisha i atashohet Trumpit.<\/span><\/p>\n<p><span style=\"color: #000000;\">Shnd\u00ebrrimi i Altin Dumanit dhe SPAK-ut n\u00eb armik publik, do ishte gj\u00ebja m\u00eb e gabuar e mundshme, sidomos n\u00eb kushtet kur ekipi i tij ka rezultatet m\u00eb t\u00eb mira n\u00eb tre dekadat e fundit dhe ndoshta \u00ebsht\u00eb e vetmja hallk\u00eb suksesi e k\u00ebsaj reforme t\u00eb \u00e7uditshme n\u00eb drejt\u00ebsi q\u00eb u zbatua n\u00eb kolonin\u00eb ton\u00eb.<\/span><\/p>\n<p><span style=\"color: #000000;\">Berisha dhe Rama nuk duhet t\u2019i hedhin n\u00eb kosh prokuror\u00ebt q\u00eb presupozohen m\u00eb t\u00eb mir\u00eb q\u00eb ka ky vend sepse do biem n\u00eb grack\u00ebn e p\u00ebrhershme t\u00eb nj\u00eb kolonie banale.<\/span><\/p>\n<p><span style=\"color: #000000;\">Le t\u00eb dalin e t\u00eb pranojn\u00eb hapur se kjo reform\u00eb ishte nj\u00eb gabim i madh dhe se prokuror\u00ebt e k\u00ebsaj strukture jan\u00eb po aq kurriz-p\u00ebrkulur ndaj USAID sa \u00e7\u2019jan\u00eb vet Rama ndaj Sorosit e Berisha ndaj Trumpit.<\/span><\/p>\n<p><span style=\"color: #000000;\">Le t\u00eb dalin e t\u00eb k\u00ebrkojn\u00eb nj\u00eb referendum p\u00ebr nd\u00ebrtimin e nj\u00eb sistemi drejt\u00ebsie funksional dhe n\u00eb shina Kushtetuese, q\u00eb un\u00eb, ti apo kushdo t\u00eb gjej\u00eb garanci kur shkon n\u00eb gjykat\u00eb, q\u00eb prokuror\u00ebt e djesh\u00ebm apo ata t\u00eb sotshmit n\u00eb BKH t\u00eb mos sillen si gangster\u00eb me subjektet q\u00eb hetojn\u00eb.<\/span><\/p>\n<p><span style=\"color: #000000;\">\u00cbsht\u00eb kjo ajo p\u00ebr t\u00eb cil\u00ebn ka realisht nevoj\u00eb vendi, por gjithnj\u00eb duke njohur pun\u00ebn dhe meritat e k\u00ebtij ekipi prokuror\u00ebsh t\u00eb SPAK-ut q\u00eb do apo s\u2019do Berisha, do apo s\u2019do Rama, \u00ebsht\u00eb ekipi me shifrat m\u00eb t\u00eb mira t\u00eb suksesit n\u00eb goditjen e korrupsionit t\u00eb nivelit t\u00eb lart\u00eb.<\/span><\/p>\n<p><span style=\"color: #000000;\">Duke synuar nj\u00eb sistem profesional dhe garantues t\u00eb s\u00eb drejt\u00ebs, q\u00eb nuk ndjen detyrime as te fondacioni Soros dhe as te linja trumpiste.<\/span><\/p>\n<p><span style=\"color: #000000;\">Sepse ndodh q\u00eb amerikan\u00ebt i mbyllin fare projektet me nj\u00eb t\u00eb r\u00ebn\u00eb t\u00eb lapsit, si\u00e7 b\u00ebn\u00eb n\u00eb Afghanistan dhe ty nuk t\u00eb mbetet gj\u00eb tjet\u00ebr ve\u00e7se t\u00eb pres\u00ebsh afgan\u00ebt e tyre k\u00ebtu, apo t\u00eb vish v\u00ebrdall\u00eb n\u00ebp\u00ebr ishullin e Sazanit me shpres\u00ebn se Trumpit do i teket nj\u00eb dit\u00eb ta k\u00ebrkoj\u00eb Sazanin p\u00ebr ta shnd\u00ebrruar n\u00eb Guantanamo nr.2. <strong><em>\/ Hashtag.al<\/em><\/strong><\/span><\/p>\n","protected":false,"gt_translate_keys":[{"key":"rendered","format":"html"}]},"excerpt":{"rendered":"<p>Nga Habjon Hasani Le t\u00eb shkojm\u00eb p\u00ebr nj\u00eb moment me imagjinat\u00eb n\u00eb kompjuterin q\u00eb mban database-n e USAID, t\u00eb cilin e ka marr\u00eb n\u00ebn kontroll ekipi i Elon Musk. Imagjinojm\u00eb sikur aty gjendet nj\u00eb dosje, nj\u00eb folder, q\u00eb mban emrin \u201cFinancim i autobus\u00ebve elektrik\u00eb p\u00ebr Bangladeshin\u201d. Imagjinoni sikur pasi klikojm\u00eb k\u00ebt\u00eb folder, na shfaqen dokumente, [&hellip;]<\/p>\n","protected":false,"gt_translate_keys":[{"key":"rendered","format":"html"}]},"author":4,"featured_media":724463,"comment_status":"closed","ping_status":"open","sticky":false,"template":"","format":"standard","meta":{"footnotes":""},"categories":[22,11],"tags":[],"class_list":["post-724454","post","type-post","status-publish","format-standard","has-post-thumbnail","hentry","category-ballina","category-super-click"],"gt_translate_keys":[{"key":"link","format":"url"}],"_links":{"self":[{"href":"https:\/\/www.hashtag.al\/index.php\/wp-json\/wp\/v2\/posts\/724454","targetHints":{"allow":["GET"]}}],"collection":[{"href":"https:\/\/www.hashtag.al\/index.php\/wp-json\/wp\/v2\/posts"}],"about":[{"href":"https:\/\/www.hashtag.al\/index.php\/wp-json\/wp\/v2\/types\/post"}],"author":[{"embeddable":true,"href":"https:\/\/www.hashtag.al\/index.php\/wp-json\/wp\/v2\/users\/4"}],"replies":[{"embeddable":true,"href":"https:\/\/www.hashtag.al\/index.php\/wp-json\/wp\/v2\/comments?post=724454"}],"version-history":[{"count":99999,"href":"https:\/\/www.hashtag.al\/index.php\/wp-json\/wp\/v2\/posts\/724454\/revisions"}],"predecessor-version":[{"id":724471,"href":"https:\/\/www.hashtag.al\/index.php\/wp-json\/wp\/v2\/posts\/724454\/revisions\/724471"}],"wp:featuredmedia":[{"embeddable":true,"href":"https:\/\/www.hashtag.al\/index.php\/wp-json\/wp\/v2\/media\/724463"}],"wp:attachment":[{"href":"https:\/\/www.hashtag.al\/index.php\/wp-json\/wp\/v2\/media?parent=724454"}],"wp:term":[{"taxonomy":"category","embeddable":true,"href":"https:\/\/www.hashtag.al\/index.php\/wp-json\/wp\/v2\/categories?post=724454"},{"taxonomy":"post_tag","embeddable":true,"href":"https:\/\/www.hashtag.al\/index.php\/wp-json\/wp\/v2\/tags?post=724454"}],"curies":[{"name":"wp","href":"https:\/\/api.w.org\/{rel}","templated":true}]}}