{"id":724421,"date":"2025-02-12T17:36:00","date_gmt":"2025-02-12T16:36:00","guid":{"rendered":"https:\/\/www.hashtag.al\/?p=724421"},"modified":"2025-02-12T17:58:59","modified_gmt":"2025-02-12T16:58:59","slug":"meta-mesazh-gazetares-bruko-ne-lidhje-me-arrestimin-e-tij-mos-i-qendro-variantit-te-narkopolicise","status":"publish","type":"post","link":"https:\/\/www.hashtag.al\/index.php\/2025\/02\/12\/meta-mesazh-gazetares-bruko-ne-lidhje-me-arrestimin-e-tij-mos-i-qendro-variantit-te-narkopolicise\/","title":{"rendered":"Meta mesazh gazetares Ola Bruko n\u00eb lidhje me arrestimin e tij: Mos i q\u00ebndro variantit t\u00eb Narkopolicis\u00eb","gt_translate_keys":[{"key":"rendered","format":"text"}]},"content":{"rendered":"<p><span style=\"color: #000000;\"><img loading=\"lazy\" decoding=\"async\" class=\"alignnone size-medium wp-image-724423\" src=\"https:\/\/www.hashtag.al\/wp-content\/uploads\/2025\/02\/476832395_1168472034648030_5699291393920379618_n-300x169.jpg\" alt=\"\" width=\"300\" height=\"169\" srcset=\"https:\/\/www.hashtag.al\/wp-content\/uploads\/2025\/02\/476832395_1168472034648030_5699291393920379618_n-300x169.jpg 300w, https:\/\/www.hashtag.al\/wp-content\/uploads\/2025\/02\/476832395_1168472034648030_5699291393920379618_n-768x432.jpg 768w, https:\/\/www.hashtag.al\/wp-content\/uploads\/2025\/02\/476832395_1168472034648030_5699291393920379618_n.jpg 929w\" sizes=\"auto, (max-width: 300px) 100vw, 300px\" \/><\/span><\/p>\n<p><span style=\"color: #000000;\">Presidenti i PL-s\u00eb Ilir Meta ka risjell\u00eb edhe nj\u00ebher\u00eb n\u00eb v\u00ebmendje momentin e arrestimit t\u00eb tij, por k\u00ebt\u00eb her\u00eb duke iu drejtuar nga qelia, gazetares Ola Bruko, pasi n\u00eb emisonin e sot\u00ebm t\u00eb drejtuar nga ajo, i ftuari Belind K\u00eblli\u00e7i, iu referua rastit t\u00eb arrestimit t\u00eb Met\u00ebs dhe e krahasoi me arrestimin e Veliajt.<\/span><\/p>\n<p><span style=\"color: #000000;\">N\u00eb k\u00ebt\u00eb pik\u00eb gazetarja Bruko ka mbajtur sipas Met\u00ebs variantin e Narkopolicis\u00eb, pasi ajo replikoi K\u00eblli\u00e7in se Meta kishte kund\u00ebrshtuar oficer\u00ebt.<\/span><\/p>\n<p><span style=\"color: #000000;\">Meta sqaron edhe nj\u00ebher\u00eb se jo vet\u00ebm nuk i \u00ebsht\u00eb paraqitur asnj\u00eb dokument, por ata as nuk jan\u00eb identifikuar.<\/span><\/p>\n<p><span style=\"color: #000000;\">M\u00eb tej Meta i drejton disa pyetje gazetares Bruko.<\/span><\/p>\n<p><span style=\"color: #000000;\"><em>\u201cP\u00ebr hir t\u00eb s\u00eb v\u00ebrtet\u00ebs, a duhet t\u00eb hynin n\u00eb automjetin tim me kamera profesionale apo me armatim t\u00eb r\u00ebnd\u00eb, si\u00e7 hyn\u00eb?<\/em><\/span><\/p>\n<p><span style=\"color: #000000;\"><em>P\u00ebrse duhet t\u00eb b\u00ebshin ato veprime nga Policia e Shtetit?<\/em><\/span><\/p>\n<p><span style=\"color: #000000;\"><em>P\u00ebrse un\u00eb t\u00eb mos shoq\u00ebrohesha me automjetin tim, si\u00e7 u veprua n\u00eb rastin e Veliajt? Sepse si\u00e7 e dini jam shoq\u00ebruar me nj\u00eb automjet privat.<\/em><\/span><\/p>\n<p><span style=\"color: #000000;\"><em>\u00c7do t\u00eb thot\u00eb deklarata e ministrit t\u00eb Brendsh\u00ebm q\u00eb mund t\u00eb kishte vajtur edhe m\u00eb keq? Besoj e d\u00ebgjuat Arben Ahmetaj, q\u00eb ky ministri i Brendsh\u00ebm ishte shkarkuar p\u00ebr korrupsion.<\/em> \u2013 shprehet Meta.<\/span><\/p>\n<p>&nbsp;<\/p>\n<p><span style=\"color: #000000;\">Postimi:<\/span><\/p>\n<p><span style=\"color: #000000;\">\ud835\udc0f\ud835\udc1e\u0308\ud835\udc2b \ud835\udc0e\ud835\udc25\ud835\udc1a \ud835\udc01\ud835\udc2b\ud835\udc2e\ud835\udc24\ud835\udc28\ud835\udc27 \ud835\udc1d\ud835\udc21\ud835\udc1e \ud835\udc2d\ud835\udc1e\u0308 \ud835\udc20\ud835\udc23\ud835\udc22\ud835\udc2d\ud835\udc21\ud835\udc1e\u0308 \ud835\udc20\ud835\udc1a\ud835\udc33\ud835\udc1e\ud835\udc2d\ud835\udc1a\ud835\udc2b\ud835\udc1e\u0308\ud835\udc2d \ud835\udc2a\ud835\udc1e\u0308 \ud835\udc1e \ud835\udc1d\ud835\udc2e\ud835\udc1a\ud835\udc27 \ud835\udc2d\ud835\udc1e\u0308 \ud835\udc2f\ud835\udc1e\u0308\ud835\udc2b\ud835\udc2d\ud835\udc1e\ud835\udc2d\ud835\udc1e\u0308\ud835\udc27, \ud835\udc27\ud835\udc1e\u0308 \ud835\udc2b\ud835\udc1e\ud835\udc2c\ud835\udc29\ud835\udc1e\ud835\udc24\ud835\udc2d \ud835\udc2d\ud835\udc1e\u0308 \ud835\udc29\ud835\udc2b\ud835\udc28\ud835\udc1f\ud835\udc1e\ud835\udc2c\ud835\udc22\ud835\udc28\ud835\udc27\ud835\udc22\ud835\udc2d \ud835\udc1d\ud835\udc21\ud835\udc1e \ud835\udc26\ud835\udc22\ud835\udc2c\ud835\udc22\ud835\udc28\ud835\udc27\ud835\udc22\ud835\udc2d \ud835\udc2d\ud835\udc1e\u0308 \ud835\udc2d\ud835\udc32\ud835\udc2b\ud835\udc1e!<\/span><\/p>\n<p><span style=\"color: #000000;\">E dashur Ola,<\/span><\/p>\n<p><span style=\"color: #000000;\">Duke kujtuar me shum\u00eb k\u00ebnaq\u00ebsi intervist\u00ebn ton\u00eb te \u201cDola te Ola\u201d ju them se vijoj t\u2019ju ndjek edhe nga qelia Nr.5.<\/span><\/p>\n<p><span style=\"color: #000000;\">Ju ndoqa edhe sot gjat\u00eb intervist\u00ebs me nj\u00eb nga drejtuesit e opozit\u00ebs, z.Belind K\u00eblli\u00e7i.<\/span><\/p>\n<p><span style=\"color: #000000;\">Por u habita, q\u00eb ndoshta p\u00ebr shkak t\u00eb etik\u00ebs s\u00eb profesionit, ju ende i q\u00ebndroni variantit t\u00eb Narkopolicis\u00eb, lidhur me rr\u00ebmbimin tim kriminal.<\/span><\/p>\n<p><span style=\"color: #000000;\">Kur z. K\u00eblli\u00e7i ju referoi rastin tim dhe standardin e rr\u00ebmbimit kriminal, krahasuar me shoq\u00ebrimin korrekt t\u00eb Veliajt, ju i that\u00eb se kjo kishte ndodhur se un\u00eb sipas tyre kisha kund\u00ebrshtuar Policin\u00eb e Shtetit.<\/span><\/p>\n<p><span style=\"color: #000000;\">E dashur Ola,<\/span><\/p>\n<p><span style=\"color: #000000;\">M\u00eb vjen keq q\u00eb i q\u00ebndroni variantit t\u00eb Narkopolicis\u00eb. S\u00eb pari pamjet jan\u00eb shum\u00eb t\u00eb qarta. S\u00eb dyti n\u00ebse Policia do t\u00eb m\u00eb kishte paraqitur mua nj\u00eb njoftim sipas ligjeve, p\u00ebr \u00e7do qytetar, padyshim q\u00eb un\u00eb do ta kisha respektuar.<\/span><\/p>\n<p><span style=\"color: #000000;\">Por jo vet\u00ebm nuk m\u00eb \u00ebsht\u00eb paraqitur asnj\u00eb dokument, por ata as nuk jan\u00eb identifikuar, p\u00ebrkundrazi ishin bandit\u00eb me kapu\u00e7\u00eb dhe me maska, q\u00eb vijuan sjelljen n\u00eb m\u00ebnyr\u00eb provokative dhe banditeske.<\/span><\/p>\n<p><span style=\"color: #000000;\">Kam disa pyetje p\u00ebr ju.<\/span><\/p>\n<p><span style=\"color: #000000;\">P\u00ebr hir t\u00eb s\u00eb v\u00ebrtet\u00ebs, a duhet t\u00eb hynin n\u00eb automjetin tim me kamera profesionale apo me armatim t\u00eb r\u00ebnd\u00eb, si\u00e7 hyn\u00eb?<\/span><\/p>\n<p><span style=\"color: #000000;\">P\u00ebrse duhet t\u00eb b\u00ebshin ato veprime nga Policia e Shtetit?<\/span><\/p>\n<p><span style=\"color: #000000;\">P\u00ebrse un\u00eb t\u00eb mos shoq\u00ebrohesha me automjetin tim, si\u00e7 u veprua n\u00eb rastin e Veliajt? Sepse si\u00e7 e dini jam shoq\u00ebruar me nj\u00eb automjet privat.<\/span><\/p>\n<p><span style=\"color: #000000;\">\u00c7do t\u00eb thot\u00eb deklarata e ministrit t\u00eb Brendsh\u00ebm q\u00eb mund t\u00eb kishte vajtur edhe m\u00eb keq? Besoj e d\u00ebgjuat Arben Ahmetaj, q\u00eb ky ministri i Brendsh\u00ebm ishte shkarkuar p\u00ebr korrupsion.<\/span><\/p>\n<p><span style=\"color: #000000;\">Si\u00e7 besoj e dini q\u00eb kemi b\u00ebr\u00eb kallzim penal p\u00ebr rr\u00ebmbimin tim, sepse SPAK k\u00ebt\u00eb detyr\u00eb ja kishte ngarkuar Policis\u00eb dhe jo Forc\u00ebs L\u00ebviz\u00ebse Operacionale dhe minimum duhet t\u00eb kishin nisur \u00e7\u00ebshtjen p\u00ebr Drejtorin e Policis\u00eb p\u00ebr k\u00ebt\u00eb inskenim kriminal q\u00eb as nuk do ta tremb\u00eb opozit\u00ebn<\/span><\/p>\n<p><span style=\"color: #000000;\">Rr\u00ebmbimi im do t\u00eb kujtohet si standardi m\u00eb i zi p\u00ebr t\u00eb drejtat e njeriut q\u00eb vendosi Edi Rama me p\u00ebrfaq\u00ebsuesit e Narkoshtetit n\u00eb t\u00eb gjitha nivelet e tij.<\/span><\/p>\n<p><span style=\"color: #000000;\">Sigurisht q\u00eb nuk ndjej zili p\u00ebr veprimet korrekte ndaj Veliajt, por absolutisht q\u00eb kam vet\u00ebm nj\u00eb k\u00ebrkes\u00eb: T\u00eb gjith\u00eb ato lek\u00ebt e inceneratorit fantazm\u00eb q\u00eb jan\u00eb vjedhur t\u2019u kthehen qytetar\u00ebve t\u00eb Tiran\u00ebs.<\/span><\/p>\n<p><span style=\"color: #000000;\">Pavar\u00ebsisht nga rezervat, ishte k\u00ebnaq\u00ebsi t\u00eb d\u00ebgjoja q\u00eb edhe Kreu i Organizat\u00ebs e ditka q\u00eb ekziston nj\u00eb parim i prezumimit t\u00eb pafajsis\u00eb.<\/span><\/p>\n<p><span style=\"color: #000000;\">E dashur Ola,<\/span><\/p>\n<p><span style=\"color: #000000;\">T\u00eb p\u00ebrsh\u00ebndes dhe n\u00ebse d\u00ebshiron t\u00eb b\u00ebsh nj\u00eb intervist\u00eb me mua, jam i gatsh\u00ebm n\u00eb \u00e7do moment, n\u00ebse t\u00eb jep leje SPAK-u sigurisht.<\/span><\/p>\n","protected":false,"gt_translate_keys":[{"key":"rendered","format":"html"}]},"excerpt":{"rendered":"<p>Presidenti i PL-s\u00eb Ilir Meta ka risjell\u00eb edhe nj\u00ebher\u00eb n\u00eb v\u00ebmendje momentin e arrestimit t\u00eb tij, por k\u00ebt\u00eb her\u00eb duke iu drejtuar nga qelia, gazetares Ola Bruko, pasi n\u00eb emisonin e sot\u00ebm t\u00eb drejtuar nga ajo, i ftuari Belind K\u00eblli\u00e7i, iu referua rastit t\u00eb arrestimit t\u00eb Met\u00ebs dhe e krahasoi me arrestimin e Veliajt. N\u00eb [&hellip;]<\/p>\n","protected":false,"gt_translate_keys":[{"key":"rendered","format":"html"}]},"author":32,"featured_media":724423,"comment_status":"closed","ping_status":"open","sticky":false,"template":"","format":"standard","meta":{"footnotes":""},"categories":[65],"tags":[],"class_list":["post-724421","post","type-post","status-publish","format-standard","has-post-thumbnail","hentry","category-lajme"],"gt_translate_keys":[{"key":"link","format":"url"}],"_links":{"self":[{"href":"https:\/\/www.hashtag.al\/index.php\/wp-json\/wp\/v2\/posts\/724421","targetHints":{"allow":["GET"]}}],"collection":[{"href":"https:\/\/www.hashtag.al\/index.php\/wp-json\/wp\/v2\/posts"}],"about":[{"href":"https:\/\/www.hashtag.al\/index.php\/wp-json\/wp\/v2\/types\/post"}],"author":[{"embeddable":true,"href":"https:\/\/www.hashtag.al\/index.php\/wp-json\/wp\/v2\/users\/32"}],"replies":[{"embeddable":true,"href":"https:\/\/www.hashtag.al\/index.php\/wp-json\/wp\/v2\/comments?post=724421"}],"version-history":[{"count":99999,"href":"https:\/\/www.hashtag.al\/index.php\/wp-json\/wp\/v2\/posts\/724421\/revisions"}],"predecessor-version":[{"id":724429,"href":"https:\/\/www.hashtag.al\/index.php\/wp-json\/wp\/v2\/posts\/724421\/revisions\/724429"}],"wp:featuredmedia":[{"embeddable":true,"href":"https:\/\/www.hashtag.al\/index.php\/wp-json\/wp\/v2\/media\/724423"}],"wp:attachment":[{"href":"https:\/\/www.hashtag.al\/index.php\/wp-json\/wp\/v2\/media?parent=724421"}],"wp:term":[{"taxonomy":"category","embeddable":true,"href":"https:\/\/www.hashtag.al\/index.php\/wp-json\/wp\/v2\/categories?post=724421"},{"taxonomy":"post_tag","embeddable":true,"href":"https:\/\/www.hashtag.al\/index.php\/wp-json\/wp\/v2\/tags?post=724421"}],"curies":[{"name":"wp","href":"https:\/\/api.w.org\/{rel}","templated":true}]}}