{"id":724410,"date":"2025-02-12T16:16:10","date_gmt":"2025-02-12T15:16:10","guid":{"rendered":"https:\/\/www.hashtag.al\/?p=724410"},"modified":"2025-02-12T17:17:50","modified_gmt":"2025-02-12T16:17:50","slug":"veliaj-perplaset-me-prokurorin-dado-me-the-do-ta-mbash-mend-pasi-nuk-u-kenaqe-me-lejen-e-ndertimit-qe-more","status":"publish","type":"post","link":"https:\/\/www.hashtag.al\/index.php\/2025\/02\/12\/veliaj-perplaset-me-prokurorin-dado-me-the-do-ta-mbash-mend-pasi-nuk-u-kenaqe-me-lejen-e-ndertimit-qe-more\/","title":{"rendered":"Veliaj p\u00ebrplaset me prokurorin Dado: M\u00eb the \u201cdo ta mbash mend\u201d pasi nuk u k\u00ebnaqe me lej\u00ebn e nd\u00ebrtimit q\u00eb more","gt_translate_keys":[{"key":"rendered","format":"text"}]},"content":{"rendered":"<p><span style=\"color: #000000;\"><img loading=\"lazy\" decoding=\"async\" class=\"alignnone size-medium wp-image-724414\" src=\"https:\/\/www.hashtag.al\/wp-content\/uploads\/2025\/02\/450-300-1739372123xscreenshot-20-687-300x200.png\" alt=\"\" width=\"300\" height=\"200\" srcset=\"https:\/\/www.hashtag.al\/wp-content\/uploads\/2025\/02\/450-300-1739372123xscreenshot-20-687-300x200.png 300w, https:\/\/www.hashtag.al\/wp-content\/uploads\/2025\/02\/450-300-1739372123xscreenshot-20-687.png 450w\" sizes=\"auto, (max-width: 300px) 100vw, 300px\" \/><\/span><\/p>\n<p><span style=\"color: #000000;\">Prej or\u00ebs 13:30 n\u00eb GJKKO ka rinisur seanca p\u00ebr verifikimin e mas\u00ebs s\u00eb siguris\u00eb p\u00ebr kryebashkiakun e Tiran\u00ebs, Erion Veliaj, bashk\u00ebshorten Ajola Xoxa dhe biznesmen\u00ebt.<\/span><\/p>\n<p><span style=\"color: #000000;\">Nd\u00ebrsa jan\u00eb zbardhur detaje nga seanca q\u00eb vijon me dyer t\u00eb mbyllura, Veliaj m\u00ebsohet se i \u00ebsht\u00eb drejtuar prokurorit t\u00eb dosjes Ols Dado se ai e ka personale me t\u00eb, pasi nuk ka mbetur i k\u00ebnaqur nga leja e nd\u00ebrtimit q\u00eb ka marr\u00eb nga kryebashkiaku.<\/span><\/p>\n<p><span style=\"color: #000000;\">\u00a0\u201c<em>Ti je n\u00eb konflikt interesi, e ke personale me mua. M\u00eb je paraqitur dy her\u00eb p\u00ebr leje nd\u00ebrtimi, ke marr\u00eb leje nd\u00ebrtimi nga ana ime. Pasi ke mbetur i pak\u00ebnaqur m\u00eb ke th\u00ebn\u00eb \u201cdo ta mbash mend\u201d. Ke dy rrug\u00eb, ose t\u00eb largohesh nga kjo \u00e7\u00ebshtje, ose t\u00eb rreshtohesh me nd\u00ebrtuesit e tjer\u00eb k\u00ebtu\u201d<\/em> m\u00ebsohet t\u00eb ket\u00eb th\u00ebn\u00eb ai.<\/span><\/p>\n<p>&nbsp;<\/p>\n<p><strong>Por p\u00ebr \u00e7far\u00eb b\u00ebhet fjal\u00eb<\/strong><\/p>\n<p>&nbsp;<\/p>\n<p>Prokurori Ols Dado q\u00eb ka hetuar kryebashkiakun Erion Veliaj ka marr\u00eb leje nd\u00ebrtimi nga bashkia e Tiran\u00ebs.<\/p>\n<p>Shqiptarja.com siguron lejen e nd\u00ebrtimit n\u00eb Tiran\u00eb q\u00eb bashkia ka firmosur p\u00ebr nj\u00eb objekt banimi 9 kat\u00ebsh me 2 kate n\u00ebntok\u00eb n\u00eb nj\u00ebsin\u00eb administrative nr.10, n\u00eb rrug\u00ebn e Bogdan\u00ebve, m\u2019u n\u00eb zem\u00ebr t\u00eb kryeqytetit, aty ku sipas \u00e7mimit t\u00eb referenc\u00ebs vlera e pron\u00ebs \u00ebsht\u00eb shum\u00eb e lart\u00eb.<\/p>\n<p>N\u00eb lejen e nd\u00ebrtimit e miratuar nga kryetari i Bashkis\u00eb s\u00eb Tiran\u00ebs, Erion Veliaj, thuhet se: \u201cGodin\u00eb banimi dhe sh\u00ebrbim 4, 5, 6, 7, 8 dhe 9 kate, me dy kate parkim n\u00ebntok\u00eb n\u00eb pron\u00eb t\u00eb Terezina Adhami, Ols Dado, Zef Berisha, Eduard Berisha, Ana Shkreli, Franc Berisha, Frederik Berisha, Karmelina Berisha, Mike Berisha, Terezina Berisha, Xhilda Berisha, Atnand Dema, Roland Roshi, Xhuljana Karruku\u201d, me sip\u00ebrfaqe trualli q\u00eb zhvillohet 712 m2.<\/p>\n<p>Nj\u00eb tjet\u00ebr detaj q\u00eb vihet re nga kjo leje \u00ebsht\u00eb edhe fakti i p\u00ebrfituesve t\u00eb tjer\u00eb t\u00eb lejes, ku shumica mbajn\u00eb mbiemrin Berisha dhe Shkreli.<\/p>\n<p>Shqiptarja.com siguron dhe kontrat\u00ebn sip\u00ebrmarr\u00ebse q\u00eb Ols Dado ka firmosur me shoq\u00ebrin\u00eb Ald Edil, t\u00eb sip\u00ebrmarr\u00ebsit Astrit Kamberi q\u00eb mban dat\u00ebn 06\/05\/2021<\/p>\n<p>Nd\u00ebrsa leja e nd\u00ebrtimit \u00ebsht\u00eb marr\u00eb m\u00eb 9\/09.2021.<\/p>\n<p>Por Ols Dado nuk e ka deklaruar pjes\u00ebn e tij t\u00eb pallatit n\u00eb ILDKPKI, sipas dokumenteve t\u00eb siguara.<\/p>\n<p>Nd\u00ebrkoh\u00eb n\u00eb seanc\u00ebn e sotme n\u00eb GJKKO Veliaj tha se Ols Dado ka k\u00ebrkuar dhe nj\u00eb tjet\u00ebr leje nd\u00ebrtimi t\u00eb cilin nuk e ka marr\u00eb dhe e ka k\u00ebrc\u00ebnuar &#8220;do ta mbash mend.<\/p>\n<p>N\u00eb drit\u00ebn e k\u00ebtij fakti lind pyetja: A ka k\u00ebrkuar prokurori Ols Dado, si p\u00ebrfitues i lejes s\u00eb nd\u00ebrtimit, ndonj\u00eb favor n\u00eb tejkalim t\u00eb planit vendor t\u00eb bashkis\u00eb s\u00eb Tiran\u00ebs dhe n\u00ebse nuk e ka marr\u00eb k\u00ebt\u00eb favor, a ka nj\u00eb ndjenj\u00eb hakmarrjeje t\u00eb tij n\u00eb t\u00eb gjith\u00eb \u00e7\u00ebshtjen e ngritur kund\u00ebr Veliajt?<\/p>\n<p><img decoding=\"async\" src=\"https:\/\/shqiptarja.com\/uploads\/ckeditor\/67acc52030cb4WhatsApp%20Image%202025-02-12%20at%2016.29.37.jpg\" \/><\/p>\n<p><strong>Foto:Leja e nd\u00ebrtimit e firmosur nga bashkia e Tiran\u00ebs<\/strong><\/p>\n<p><img decoding=\"async\" src=\"https:\/\/shqiptarja.com\/uploads\/ckeditor\/67acc587ed04fScreenshot_11.jpg\" \/><\/p>\n<p><strong>Foto:Kontrata e Ols Dados me shoq\u00ebrin\u00eb Alb Edil<\/strong><\/p>\n<p><img decoding=\"async\" src=\"https:\/\/shqiptarja.com\/uploads\/ckeditor\/67acc5b22b190Screenshot_13.jpg\" \/><\/p>\n<p><strong>Foto: Kontrata pjesa e dyt\u00eb\u00a0<\/strong><\/p>\n<p><img decoding=\"async\" src=\"https:\/\/shqiptarja.com\/uploads\/ckeditor\/67acc5cd54e37Screenshot_10.jpg\" \/><\/p>\n<p><strong>Foto:\u00a0Deklarata e pasuris\u00eb s\u00eb Ols Dados n\u00eb \u00a0ILDKPKI<\/strong><\/p>\n<p>&nbsp;<\/p>\n<p><span style=\"color: #ff0000;\">VINI RE:<\/span> Ky material \u00ebsht\u00eb pron\u00ebsi intelektuale e <span style=\"color: #0000ff;\"><a style=\"color: #0000ff;\" href=\"https:\/\/shqiptarja.com\/lajm\/dokumentet-prokurori-ols-dado-mori-leje-per-pallat-nga-veliaj-pronen-nuk-e-deklaroi-ne-ildkpki-kryebashkiaku-ne-seance-me-kercenove-se-smore-lejen-e-dyte\">Shqiptarja.com<\/a><\/span><\/p>\n","protected":false,"gt_translate_keys":[{"key":"rendered","format":"html"}]},"excerpt":{"rendered":"<p>Prej or\u00ebs 13:30 n\u00eb GJKKO ka rinisur seanca p\u00ebr verifikimin e mas\u00ebs s\u00eb siguris\u00eb p\u00ebr kryebashkiakun e Tiran\u00ebs, Erion Veliaj, bashk\u00ebshorten Ajola Xoxa dhe biznesmen\u00ebt. Nd\u00ebrsa jan\u00eb zbardhur detaje nga seanca q\u00eb vijon me dyer t\u00eb mbyllura, Veliaj m\u00ebsohet se i \u00ebsht\u00eb drejtuar prokurorit t\u00eb dosjes Ols Dado se ai e ka personale me t\u00eb, [&hellip;]<\/p>\n","protected":false,"gt_translate_keys":[{"key":"rendered","format":"html"}]},"author":32,"featured_media":724414,"comment_status":"closed","ping_status":"open","sticky":false,"template":"","format":"standard","meta":{"footnotes":""},"categories":[22],"tags":[],"class_list":["post-724410","post","type-post","status-publish","format-standard","has-post-thumbnail","hentry","category-ballina"],"gt_translate_keys":[{"key":"link","format":"url"}],"_links":{"self":[{"href":"https:\/\/www.hashtag.al\/index.php\/wp-json\/wp\/v2\/posts\/724410","targetHints":{"allow":["GET"]}}],"collection":[{"href":"https:\/\/www.hashtag.al\/index.php\/wp-json\/wp\/v2\/posts"}],"about":[{"href":"https:\/\/www.hashtag.al\/index.php\/wp-json\/wp\/v2\/types\/post"}],"author":[{"embeddable":true,"href":"https:\/\/www.hashtag.al\/index.php\/wp-json\/wp\/v2\/users\/32"}],"replies":[{"embeddable":true,"href":"https:\/\/www.hashtag.al\/index.php\/wp-json\/wp\/v2\/comments?post=724410"}],"version-history":[{"count":99999,"href":"https:\/\/www.hashtag.al\/index.php\/wp-json\/wp\/v2\/posts\/724410\/revisions"}],"predecessor-version":[{"id":724422,"href":"https:\/\/www.hashtag.al\/index.php\/wp-json\/wp\/v2\/posts\/724410\/revisions\/724422"}],"wp:featuredmedia":[{"embeddable":true,"href":"https:\/\/www.hashtag.al\/index.php\/wp-json\/wp\/v2\/media\/724414"}],"wp:attachment":[{"href":"https:\/\/www.hashtag.al\/index.php\/wp-json\/wp\/v2\/media?parent=724410"}],"wp:term":[{"taxonomy":"category","embeddable":true,"href":"https:\/\/www.hashtag.al\/index.php\/wp-json\/wp\/v2\/categories?post=724410"},{"taxonomy":"post_tag","embeddable":true,"href":"https:\/\/www.hashtag.al\/index.php\/wp-json\/wp\/v2\/tags?post=724410"}],"curies":[{"name":"wp","href":"https:\/\/api.w.org\/{rel}","templated":true}]}}