{"id":724395,"date":"2025-02-12T15:28:05","date_gmt":"2025-02-12T14:28:05","guid":{"rendered":"https:\/\/www.hashtag.al\/?p=724395"},"modified":"2025-02-12T15:28:05","modified_gmt":"2025-02-12T14:28:05","slug":"gerdeci-mediu-pretendojne-se-rrita-kalibrat-e-municioneve-por-nuk-ka-akt-ligjor-te-percaktoje-kalibrat","status":"publish","type":"post","link":"https:\/\/www.hashtag.al\/index.php\/2025\/02\/12\/gerdeci-mediu-pretendojne-se-rrita-kalibrat-e-municioneve-por-nuk-ka-akt-ligjor-te-percaktoje-kalibrat\/","title":{"rendered":"\u201cG\u00ebrdeci\u201d\/ Mediu: Pretendojn\u00eb se rrita kalibrat e municioneve, por nuk ka akt ligjor t\u00eb p\u00ebrcaktoj\u00eb kalibrat","gt_translate_keys":[{"key":"rendered","format":"text"}]},"content":{"rendered":"<p>&nbsp;<\/p>\n<p><span style=\"color: #000000;\"><img loading=\"lazy\" decoding=\"async\" class=\"alignnone size-medium wp-image-724396\" src=\"https:\/\/www.hashtag.al\/wp-content\/uploads\/2025\/02\/Fatmir-Mediu-SPAK-300x169.png\" alt=\"\" width=\"300\" height=\"169\" srcset=\"https:\/\/www.hashtag.al\/wp-content\/uploads\/2025\/02\/Fatmir-Mediu-SPAK-300x169.png 300w, https:\/\/www.hashtag.al\/wp-content\/uploads\/2025\/02\/Fatmir-Mediu-SPAK-1024x576.png 1024w, https:\/\/www.hashtag.al\/wp-content\/uploads\/2025\/02\/Fatmir-Mediu-SPAK-768x432.png 768w, https:\/\/www.hashtag.al\/wp-content\/uploads\/2025\/02\/Fatmir-Mediu-SPAK.png 1350w\" sizes=\"auto, (max-width: 300px) 100vw, 300px\" \/><\/span><\/p>\n<p><span style=\"color: #000000;\">Ish-ministri i Mbrojtjes, Fatmir Mediu, pas daljes nga GJKKO ku u zhvillua seanca p\u00ebr dosjen G\u00ebrdeci, u shpreh se pretendohet se ai, gjat\u00eb koh\u00ebs q\u00eb mbante postin, ka rritur kalibrat e municioneve.<\/span><\/p>\n<p><span style=\"color: #000000;\">Por, Mediu theksoi se, sipas ekspert\u00ebve, nuk ka asnj\u00eb akt ligjor ku p\u00ebrcaktohen se kush jan\u00eb kalibra t\u00eb m\u00ebdhenj e kush t\u00eb vegj\u00ebl.<\/span><\/p>\n<p><span style=\"color: #000000;\">Ish-ministri shtoi se urdhrat jan\u00eb firmosur nga shefi i Shtabit t\u00eb P\u00ebrgjithsh\u00ebm dhe\u00a0 strukturat m\u00eb t\u00eb specializuara q\u00eb merren me \u00e7\u00ebshtjen e armatimit e municionit.<\/span><\/p>\n<p><span style=\"color: #000000;\"><em>\u201cUn\u00eb nuk kam studiuar p\u00ebr ushtri, jam em\u00ebruar 2005 si Minist\u00ebr p\u00ebr t\u00eb realizuar standardet e NATO dhe prej tyre ka qen\u00eb demontimi i municioneve t\u00eb tep\u00ebrta q\u00eb p\u00ebrb\u00ebnin rrezik p\u00ebr shoq\u00ebrin\u00eb shqiptare<\/em>\u201d, deklaroi ai.<\/span><\/p>\n<p><span style=\"color: #000000;\"><strong>Mediu:<\/strong><em> Gjyqet popullore do e kishin shume zili seanc\u00ebn e sotme, nuk \u00ebsht\u00eb serioze, por absurd deri n\u00eb qesharake.<\/em><\/span><\/p>\n<p><span style=\"color: #000000;\"><em>K\u00ebta pretendojn\u00eb se ministri ka rritur kalibrat e municioneve nd\u00ebrkoh\u00eb q\u00eb ekspert\u00ebt e thon\u00eb qart\u00eb q\u00eb nuk ka asnj\u00eb akt ligjor ku p\u00ebrcaktohen se kush jan\u00eb kalibra t\u00eb m\u00ebdhenj e kush t\u00eb vegj\u00ebl.<\/em><\/span><\/p>\n<p><span style=\"color: #000000;\"><em>Kur prokurori u pyet se nga un\u00eb se kush \u00ebsht\u00eb kalibri i madh dhe i vog\u00ebl sipas p\u00ebrcaktimit t\u00eb tij, tha nuk e di sepse jam jurist.<\/em><\/span><\/p>\n<p><span style=\"color: #000000;\"><em>Urdhrat e firmosur jan\u00eb nga shefi i shtabit t\u00eb p\u00ebrgjithsh\u00ebm, nga strukturat m\u00eb t\u00eb specializuara q\u00eb merren me \u00e7\u00ebshtjen e armatimit dhe municionit, por p\u00ebr me tep\u00ebr se kaq i referohen nj\u00eb libri rus, apo librave ushtarak t\u00eb \u201985. Un\u00eb nuk kam studiuar p\u00ebr ushtri, nuk kam qene caktuar si Minist\u00ebr i Mbrojtjes n\u00eb baz\u00eb t\u00eb traktatit t\u00eb Varshav\u00ebs, apo as i ushtris\u00eb popullore socialiste. Jam em\u00ebruar 2005 si Minist\u00ebr p\u00ebr t\u00eb realizuar standardet e NATO dhe prej tyre ka qen\u00eb demontimi i municioneve t\u00eb tep\u00ebrta q\u00eb p\u00ebrb\u00ebnin rrezik p\u00ebr shoq\u00ebrin\u00eb shqiptare.<\/em><\/span><\/p>\n<p><span style=\"color: #000000;\"><em>Akoma m\u00eb keq se kaq, kur i paraqita ekspert\u00ebt dhe prokuror\u00ebve, dokumente t\u00eb Ministrit t\u00eb Mbrojtjes dhe Shefit t\u00eb Shtabit t\u00eb P\u00ebrgjithsh\u00ebm kur ende se kisha marr\u00eb postin, kur marr\u00ebveshja me SHBA p\u00ebr demontimin e municioneve t\u00eb jan\u00eb p\u00ebrcaktuar n\u00eb k\u00ebto urdhra, municione deri n\u00eb 120 mm, kjo hedh posht\u00eb absurditetin e q\u00ebndrimit t\u00eb tyre.<\/em><\/span><\/p>\n<p><span style=\"color: #000000;\"><em>FA e kan\u00eb ditur se \u00e7far\u00eb kan\u00eb b\u00ebr\u00eb dhe aleat\u00ebt tan\u00eb kur kan\u00eb firmosur k\u00ebto marr\u00ebveshje e kan\u00eb b\u00ebr\u00eb n\u00eb p\u00ebrputhshm\u00ebri me ligjet shqiptare.<\/em><\/span><\/p>\n","protected":false,"gt_translate_keys":[{"key":"rendered","format":"html"}]},"excerpt":{"rendered":"<p>&nbsp; Ish-ministri i Mbrojtjes, Fatmir Mediu, pas daljes nga GJKKO ku u zhvillua seanca p\u00ebr dosjen G\u00ebrdeci, u shpreh se pretendohet se ai, gjat\u00eb koh\u00ebs q\u00eb mbante postin, ka rritur kalibrat e municioneve. Por, Mediu theksoi se, sipas ekspert\u00ebve, nuk ka asnj\u00eb akt ligjor ku p\u00ebrcaktohen se kush jan\u00eb kalibra t\u00eb m\u00ebdhenj e kush t\u00eb [&hellip;]<\/p>\n","protected":false,"gt_translate_keys":[{"key":"rendered","format":"html"}]},"author":32,"featured_media":724396,"comment_status":"closed","ping_status":"open","sticky":false,"template":"","format":"standard","meta":{"footnotes":""},"categories":[65],"tags":[],"class_list":["post-724395","post","type-post","status-publish","format-standard","has-post-thumbnail","hentry","category-lajme"],"gt_translate_keys":[{"key":"link","format":"url"}],"_links":{"self":[{"href":"https:\/\/www.hashtag.al\/index.php\/wp-json\/wp\/v2\/posts\/724395","targetHints":{"allow":["GET"]}}],"collection":[{"href":"https:\/\/www.hashtag.al\/index.php\/wp-json\/wp\/v2\/posts"}],"about":[{"href":"https:\/\/www.hashtag.al\/index.php\/wp-json\/wp\/v2\/types\/post"}],"author":[{"embeddable":true,"href":"https:\/\/www.hashtag.al\/index.php\/wp-json\/wp\/v2\/users\/32"}],"replies":[{"embeddable":true,"href":"https:\/\/www.hashtag.al\/index.php\/wp-json\/wp\/v2\/comments?post=724395"}],"version-history":[{"count":99999,"href":"https:\/\/www.hashtag.al\/index.php\/wp-json\/wp\/v2\/posts\/724395\/revisions"}],"predecessor-version":[{"id":724399,"href":"https:\/\/www.hashtag.al\/index.php\/wp-json\/wp\/v2\/posts\/724395\/revisions\/724399"}],"wp:featuredmedia":[{"embeddable":true,"href":"https:\/\/www.hashtag.al\/index.php\/wp-json\/wp\/v2\/media\/724396"}],"wp:attachment":[{"href":"https:\/\/www.hashtag.al\/index.php\/wp-json\/wp\/v2\/media?parent=724395"}],"wp:term":[{"taxonomy":"category","embeddable":true,"href":"https:\/\/www.hashtag.al\/index.php\/wp-json\/wp\/v2\/categories?post=724395"},{"taxonomy":"post_tag","embeddable":true,"href":"https:\/\/www.hashtag.al\/index.php\/wp-json\/wp\/v2\/tags?post=724395"}],"curies":[{"name":"wp","href":"https:\/\/api.w.org\/{rel}","templated":true}]}}