{"id":724335,"date":"2025-02-12T11:23:58","date_gmt":"2025-02-12T10:23:58","guid":{"rendered":"https:\/\/www.hashtag.al\/?p=724335"},"modified":"2025-02-12T11:23:58","modified_gmt":"2025-02-12T10:23:58","slug":"basha-rama-nxenesi-me-i-mire-i-berishes-zgjeroi-frontin-anti-spak-me-11-maj-ti-ndeshkojme","status":"publish","type":"post","link":"https:\/\/www.hashtag.al\/index.php\/2025\/02\/12\/basha-rama-nxenesi-me-i-mire-i-berishes-zgjeroi-frontin-anti-spak-me-11-maj-ti-ndeshkojme\/","title":{"rendered":"Basha: Rama nx\u00ebn\u00ebsi m\u00eb i mir\u00eb i Berish\u00ebs, zgjeroi frontin anti-SPAK, m\u00eb 11 maj t\u2019i nd\u00ebshkojm\u00eb","gt_translate_keys":[{"key":"rendered","format":"text"}]},"content":{"rendered":"<p><img loading=\"lazy\" decoding=\"async\" class=\"aligncenter size-full wp-image-703068\" src=\"https:\/\/www.hashtag.al\/wp-content\/uploads\/2024\/10\/basha.png\" alt=\"\" width=\"1279\" height=\"707\" srcset=\"https:\/\/www.hashtag.al\/wp-content\/uploads\/2024\/10\/basha.png 1279w, https:\/\/www.hashtag.al\/wp-content\/uploads\/2024\/10\/basha-300x166.png 300w, https:\/\/www.hashtag.al\/wp-content\/uploads\/2024\/10\/basha-1024x566.png 1024w, https:\/\/www.hashtag.al\/wp-content\/uploads\/2024\/10\/basha-768x425.png 768w, https:\/\/www.hashtag.al\/wp-content\/uploads\/2024\/10\/basha-750x415.png 750w\" sizes=\"auto, (max-width: 1279px) 100vw, 1279px\" \/><\/p>\n<p><span style=\"color: #000000;\">Kreu i Demokrat\u00ebve Euroatlantik\u00eb Basha tha sot se kryeministri Rama si nx\u00ebn\u00ebsi m\u00eb i mir\u00eb i Berish\u00ebs e nisi sot dit\u00ebn duke sulmuar SPAK-un.<\/span><\/p>\n<p><span style=\"color: #000000;\">Ai shkruan se kreu i qeveris\u00eb p\u00ebrdori t\u00eb nj\u00ebjtat skema si kreu i PD-s\u00eb me p\u00ebrdorimin\u00a0 e administrat\u00ebs p\u00ebr t\u00eb rrethuar gjykat\u00ebn nd\u00ebra deputet\u00ebt e PS-s\u00eb si batalion kund\u00ebr drejt\u00ebsis\u00eb.<\/span><\/p>\n<p><span style=\"color: #000000;\"><em>\u201cSa m\u00eb e ashp\u00ebr lufta kund\u00ebr korrupsionit, aq m\u00eb shum\u00eb zgjerohet fronti anti-SPAK.<\/em><\/span><\/p>\n<p><span style=\"color: #000000;\"><em>Nd\u00ebrkoh\u00eb q\u00eb qytetar\u00ebt ndodheshin n\u00eb vendet e pun\u00ebs, apo dilnin n\u00eb k\u00ebrkim t\u00eb nj\u00eb pune p\u00ebr t\u00eb siguruar jetes\u00ebn e familjeve t\u00eb tyre, Edi Rama nisi dit\u00ebn e \u201cpun\u00ebs\u201d si kryeminist\u00ebr me sulme ndaj prokuror\u00ebve dhe gjykat\u00ebsve. \u00a0Si nx\u00ebn\u00ebsi m\u00eb i mir\u00eb i Berish\u00ebs, p\u00ebrdori administrat\u00ebn p\u00ebr t\u00eb rrethuar gjykat\u00ebn, nd\u00ebrsa grupin e tij parlamentar si nj\u00eb batalion kund\u00ebr drejt\u00ebsis\u00eb, e cila ka nisur t\u00eb d\u00ebshmoj\u00eb p\u00ebrmes veprimeve serioze dhe kurajoze, se askush nuk mund t\u00eb jet\u00eb m\u00eb mbi ligjin. Shantazhet mafioze ndaj SPAK, k\u00ebrc\u00ebnimet me fondet, gjyqi ndaj gjyqit q\u00eb i takon vet\u00ebm drejt\u00ebsis\u00eb, jan\u00eb d\u00ebshmi t\u00eb nj\u00eb sjellje autokratike anti-shtet\u00ebrore, t\u00eb papranueshme.\u201d<\/em> &#8211; shkruan Basha.<\/span><\/p>\n<p><span style=\"color: #000000;\">N\u00eb fund t\u00eb sh\u00ebnimit Basha u b\u00ebn thirrje qytetar\u00ebve q\u00eb n\u00eb zgjedhjet e 11 majit t\u00eb nd\u00ebshkojn\u00eb me vot\u00eb kryeministrin Rama e kreun e PD-s\u00eb Berisha e t\u00eb q\u00ebndrojn\u00eb n\u00eb mb\u00ebshtetje t\u00eb SPAK-ut q\u00eb \u00ebsht\u00eb investimi m\u00eb i madh i shqiptar\u00ebve dhe partner\u00ebve nd\u00ebrkomb\u00ebtar\u00eb.<\/span><\/p>\n<p><span style=\"color: #000000;\"><em>\u201cEdhe tani, q\u00eb abuzimet e tij dhe t\u00eb p\u00ebrzgjedhurve t\u00eb tij kan\u00eb dal\u00eb sheshit, n\u00eb vend q\u00eb t\u00eb mbaj\u00eb p\u00ebrgjegj\u00ebsi, k\u00ebrkon prova, a thua t\u00eb jet\u00eb gjykat\u00ebs e jo politikan. P\u00ebrball\u00eb k\u00ebtij revanshi kund\u00ebr drejt\u00ebsis\u00eb, detyra e \u00e7do qytetari t\u00eb ndersh\u00ebm \u00ebsht\u00eb t\u00eb nd\u00ebshkoj\u00eb me vot\u00eb k\u00ebt\u00eb q\u00eb p\u00ebrpiqet ta pengoj\u00eb fundin e pand\u00ebshkueshm\u00ebris\u00eb n\u00eb nivelet e larta, e t\u00eb q\u00ebndroj\u00eb n\u00eb mb\u00ebshtetje t\u00eb SPAK, si investimi m\u00eb i madh i shqiptar\u00ebve dhe partner\u00ebve nd\u00ebrkomb\u00ebtar p\u00ebr t\u2019i dh\u00ebn\u00eb fund pand\u00ebshkueshm\u00ebris\u00eb, e p\u00ebr t\u00eb siguruar nj\u00eb t\u00eb ardhme m\u00eb t\u00eb mir\u00eb p\u00ebr \u00e7do familje. Shqip\u00ebria meriton m\u00eb shum\u00eb!\u201d.<\/em> &#8211; mbyll sh\u00ebnimin Basha.<\/span><\/p>\n","protected":false,"gt_translate_keys":[{"key":"rendered","format":"html"}]},"excerpt":{"rendered":"<p>Kreu i Demokrat\u00ebve Euroatlantik\u00eb Basha tha sot se kryeministri Rama si nx\u00ebn\u00ebsi m\u00eb i mir\u00eb i Berish\u00ebs e nisi sot dit\u00ebn duke sulmuar SPAK-un. Ai shkruan se kreu i qeveris\u00eb p\u00ebrdori t\u00eb nj\u00ebjtat skema si kreu i PD-s\u00eb me p\u00ebrdorimin\u00a0 e administrat\u00ebs p\u00ebr t\u00eb rrethuar gjykat\u00ebn nd\u00ebra deputet\u00ebt e PS-s\u00eb si batalion kund\u00ebr drejt\u00ebsis\u00eb. \u201cSa [&hellip;]<\/p>\n","protected":false,"gt_translate_keys":[{"key":"rendered","format":"html"}]},"author":51,"featured_media":703068,"comment_status":"closed","ping_status":"open","sticky":false,"template":"","format":"standard","meta":{"footnotes":""},"categories":[65],"tags":[],"class_list":["post-724335","post","type-post","status-publish","format-standard","has-post-thumbnail","hentry","category-lajme"],"gt_translate_keys":[{"key":"link","format":"url"}],"_links":{"self":[{"href":"https:\/\/www.hashtag.al\/index.php\/wp-json\/wp\/v2\/posts\/724335","targetHints":{"allow":["GET"]}}],"collection":[{"href":"https:\/\/www.hashtag.al\/index.php\/wp-json\/wp\/v2\/posts"}],"about":[{"href":"https:\/\/www.hashtag.al\/index.php\/wp-json\/wp\/v2\/types\/post"}],"author":[{"embeddable":true,"href":"https:\/\/www.hashtag.al\/index.php\/wp-json\/wp\/v2\/users\/51"}],"replies":[{"embeddable":true,"href":"https:\/\/www.hashtag.al\/index.php\/wp-json\/wp\/v2\/comments?post=724335"}],"version-history":[{"count":99999,"href":"https:\/\/www.hashtag.al\/index.php\/wp-json\/wp\/v2\/posts\/724335\/revisions"}],"predecessor-version":[{"id":724339,"href":"https:\/\/www.hashtag.al\/index.php\/wp-json\/wp\/v2\/posts\/724335\/revisions\/724339"}],"wp:featuredmedia":[{"embeddable":true,"href":"https:\/\/www.hashtag.al\/index.php\/wp-json\/wp\/v2\/media\/703068"}],"wp:attachment":[{"href":"https:\/\/www.hashtag.al\/index.php\/wp-json\/wp\/v2\/media?parent=724335"}],"wp:term":[{"taxonomy":"category","embeddable":true,"href":"https:\/\/www.hashtag.al\/index.php\/wp-json\/wp\/v2\/categories?post=724335"},{"taxonomy":"post_tag","embeddable":true,"href":"https:\/\/www.hashtag.al\/index.php\/wp-json\/wp\/v2\/tags?post=724335"}],"curies":[{"name":"wp","href":"https:\/\/api.w.org\/{rel}","templated":true}]}}