{"id":724298,"date":"2025-02-12T09:51:50","date_gmt":"2025-02-12T08:51:50","guid":{"rendered":"https:\/\/www.hashtag.al\/?p=724298"},"modified":"2025-02-12T09:52:31","modified_gmt":"2025-02-12T08:52:31","slug":"rama-per-arrestimin-e-veliajt-te-tregohen-provat-ne-dosjen-400-faqeshe-nuk-ka-asnje","status":"publish","type":"post","link":"https:\/\/www.hashtag.al\/index.php\/2025\/02\/12\/rama-per-arrestimin-e-veliajt-te-tregohen-provat-ne-dosjen-400-faqeshe-nuk-ka-asnje\/","title":{"rendered":"Rama p\u00ebr arrestimin e Veliajt: T\u00eb tregohen provat, n\u00eb dosjen 400 faq\u00ebshe nuk ka asnj\u00eb","gt_translate_keys":[{"key":"rendered","format":"text"}]},"content":{"rendered":"<p><span style=\"color: #000000;\"><img loading=\"lazy\" decoding=\"async\" class=\"aligncenter wp-image-724299 size-full\" src=\"https:\/\/www.hashtag.al\/wp-content\/uploads\/2025\/02\/Screenshot-2025-02-12-092413.png\" alt=\"\" width=\"893\" height=\"508\" srcset=\"https:\/\/www.hashtag.al\/wp-content\/uploads\/2025\/02\/Screenshot-2025-02-12-092413.png 893w, https:\/\/www.hashtag.al\/wp-content\/uploads\/2025\/02\/Screenshot-2025-02-12-092413-300x171.png 300w, https:\/\/www.hashtag.al\/wp-content\/uploads\/2025\/02\/Screenshot-2025-02-12-092413-768x437.png 768w\" sizes=\"auto, (max-width: 893px) 100vw, 893px\" \/><\/span><\/p>\n<p><span style=\"color: #000000;\">Kryeministri Edi Rama ka reaguar p\u00ebr arrestimin e kryebashkiakut t\u00eb Tiran\u00ebs, Erion Veliaj, duke k\u00ebrkuar transparenc\u00eb dhe prova konkrete mbi akuzat e ngritura nga SPAK.<\/span><\/p>\n<p><span style=\"color: #000000;\">Ai hodhi dyshime mbi akuzat q\u00eb lidhen me shpenzime t\u00eb luksit, duke ironizuar pretendimet p\u00ebr blerje online t\u00eb bizhuterive dhe fustaneve me vler\u00eb 800 mij\u00eb euro.<\/span><\/p>\n<p><span style=\"color: #000000;\">Rama n\u00ebnvizoi gjithashtu se Partia Socialiste \u00ebsht\u00eb garancia e pavar\u00ebsis\u00eb s\u00eb SPAK dhe GJKKO, duke l\u00ebn\u00eb t\u00eb hapur debatin p\u00ebr m\u00ebnyr\u00ebn sesi po zhvillohen hetimet ndaj zyrtar\u00ebve t\u00eb lart\u00eb.<\/span><\/p>\n<p><span style=\"color: #000000;\"><em>&#8220;\u00cbsht\u00eb shum\u00eb e r\u00ebnd\u00ebsishme t\u00eb jemi shum\u00eb t\u00eb r\u00ebnd\u00ebsishme t\u00eb mos harrojm\u00eb se jemi garancia e pavar\u00ebsis\u00eb s\u00eb SPAK dhe GJKKO. Kjo d\u00ebgjes\u00eb duhej b\u00ebr\u00eb sepse nuk ka nj\u00eb hap\u00ebsir\u00eb tjet\u00ebr p\u00ebr t\u00eb th\u00ebn\u00eb qet\u00ebsisht t\u00eb v\u00ebrtet\u00ebn t\u00ebnde, n\u00eb nj\u00eb mjedis kur v\u00ebrteta shkelmohet pa pushim dhe ku media t\u00eb k\u00ebrkojn\u00eb dhe t\u00eb tregojn\u00eb ka prova apo jo.<\/em><\/span><\/p>\n<div id=\"taboola-sponsored-mid-article\" class=\"trc_related_container tbl-trecs-container trc_spotlight_widget trc_elastic trc_elastic_sc-ma-balkanweb\" data-placement-name=\"Sponsored Mid Article\">\n<div class=\"trc_rbox_container\">\n<div>\n<div id=\"trc_wrapper_281050167\" class=\"trc_rbox sc-ma-balkanweb trc-content-sponsored\">\n<div id=\"outer_281050167\" class=\"trc_rbox_outer\">\n<div id=\"rbox-t2m\" class=\"trc_rbox_div trc_rbox_border_elm\">\n<div id=\"internal_trc_281050167\">\n<div class=\"videoCube trc_spotlight_item origin-default textItem thumbnail_top videoCube_1_child syndicatedItem trc-first-recommendation trc-spotlight-first-recommendation trc_excludable\" data-item-id=\"~~V1~~-5656696594856225497~~Jg7joKJ_aVtVFkC_Rng_58cm7ExczsGJ_4gcaLo8Vjh9_9IWyVTZYEw3zPc60dwzHu_TYvngZ3fIkOCpr71_kAqE0_yL1hRu0U20mv8_l15pjjQjX0Sb8UsFEg9Sqc5-TLqf23WUn6OzoH07z7Fbm2RlB632wFROJcAb3idD0O2Pty428XVfgjc-OnjEeXGB9P9Cz-gejE7Kn121zNZiMUnC12KENIclEt5eufZJNByOkTrDBpDBUqFbLnR03iK0\" data-item-title=\"Incredible, the TV box everyone is talking about\" data-item-thumb=\"https:\/\/cdn.taboola.com\/libtrc\/static\/thumbnails\/5b7a1f98f7a86e758aa159a092d0d7f6.jpg\" data-item-syndicated=\"true\">\n<div class=\"thumbBlock_holder\"><\/div>\n<\/div>\n<\/div>\n<\/div>\n<\/div>\n<\/div>\n<\/div>\n<\/div>\n<\/div>\n<p><span style=\"color: #000000;\"><em>T\u00eb thuash blerje online 800 mij\u00eb euro p\u00ebr bizhu dhe fustan\u00eb kur kryetari i baskis\u00eb nuk vesh bizhu dhe fustane, t\u00eb marr\u00eb nj\u00eb njeri q\u00eb ka nj\u00eb kontrat\u00eb me qytetar\u00ebt, duhet t\u00eb tregosh minimalisht fustan\u00ebt dhe bizhut\u00eb, provat. <\/em><\/span><\/p>\n<p><span style=\"color: #000000;\"><em>Dhe nuk kemi m\u00eb ne as \u00e7a diskutojm\u00eb, as \u00e7a v\u00ebm\u00eb n\u00eb dyshim, provat, \u00ebsht\u00eb shum\u00eb e thjesht\u00eb dhe prandaj i k\u00ebrkoj edhe nj\u00ebher\u00eb mediave q\u00eb t\u00eb b\u00ebjn\u00eb mund\u00ebsisht hulumtimin p\u00ebr provat. <\/em><\/span><\/p>\n<p><span style=\"color: #000000;\"><em>N\u00eb at\u00eb roman 400 faq\u00ebsh nuk ka prova, por ka nj\u00eb tregim shum\u00eb t\u00eb ngarkuar dhe t\u00eb nd\u00ebrlikuar me gjith\u00eb ato personazhe, shkak-pasoj\u00eb, por nuk ka prova.&#8221;<\/em><\/span><\/p>\n","protected":false,"gt_translate_keys":[{"key":"rendered","format":"html"}]},"excerpt":{"rendered":"<p>Kryeministri Edi Rama ka reaguar p\u00ebr arrestimin e kryebashkiakut t\u00eb Tiran\u00ebs, Erion Veliaj, duke k\u00ebrkuar transparenc\u00eb dhe prova konkrete mbi akuzat e ngritura nga SPAK. Ai hodhi dyshime mbi akuzat q\u00eb lidhen me shpenzime t\u00eb luksit, duke ironizuar pretendimet p\u00ebr blerje online t\u00eb bizhuterive dhe fustaneve me vler\u00eb 800 mij\u00eb euro. Rama n\u00ebnvizoi gjithashtu se [&hellip;]<\/p>\n","protected":false,"gt_translate_keys":[{"key":"rendered","format":"html"}]},"author":49,"featured_media":724299,"comment_status":"closed","ping_status":"open","sticky":false,"template":"","format":"standard","meta":{"footnotes":""},"categories":[65],"tags":[],"class_list":["post-724298","post","type-post","status-publish","format-standard","has-post-thumbnail","hentry","category-lajme"],"gt_translate_keys":[{"key":"link","format":"url"}],"_links":{"self":[{"href":"https:\/\/www.hashtag.al\/index.php\/wp-json\/wp\/v2\/posts\/724298","targetHints":{"allow":["GET"]}}],"collection":[{"href":"https:\/\/www.hashtag.al\/index.php\/wp-json\/wp\/v2\/posts"}],"about":[{"href":"https:\/\/www.hashtag.al\/index.php\/wp-json\/wp\/v2\/types\/post"}],"author":[{"embeddable":true,"href":"https:\/\/www.hashtag.al\/index.php\/wp-json\/wp\/v2\/users\/49"}],"replies":[{"embeddable":true,"href":"https:\/\/www.hashtag.al\/index.php\/wp-json\/wp\/v2\/comments?post=724298"}],"version-history":[{"count":99999,"href":"https:\/\/www.hashtag.al\/index.php\/wp-json\/wp\/v2\/posts\/724298\/revisions"}],"predecessor-version":[{"id":724301,"href":"https:\/\/www.hashtag.al\/index.php\/wp-json\/wp\/v2\/posts\/724298\/revisions\/724301"}],"wp:featuredmedia":[{"embeddable":true,"href":"https:\/\/www.hashtag.al\/index.php\/wp-json\/wp\/v2\/media\/724299"}],"wp:attachment":[{"href":"https:\/\/www.hashtag.al\/index.php\/wp-json\/wp\/v2\/media?parent=724298"}],"wp:term":[{"taxonomy":"category","embeddable":true,"href":"https:\/\/www.hashtag.al\/index.php\/wp-json\/wp\/v2\/categories?post=724298"},{"taxonomy":"post_tag","embeddable":true,"href":"https:\/\/www.hashtag.al\/index.php\/wp-json\/wp\/v2\/tags?post=724298"}],"curies":[{"name":"wp","href":"https:\/\/api.w.org\/{rel}","templated":true}]}}