{"id":724155,"date":"2025-02-11T12:54:39","date_gmt":"2025-02-11T11:54:39","guid":{"rendered":"https:\/\/www.hashtag.al\/?p=724155"},"modified":"2025-02-11T12:56:04","modified_gmt":"2025-02-11T11:56:04","slug":"tabaku-takime-ne-nju-jork-diaspora-celesi-i-ndryshimit-rama-mban-peng-shqiperine","status":"publish","type":"post","link":"https:\/\/www.hashtag.al\/index.php\/2025\/02\/11\/tabaku-takime-ne-nju-jork-diaspora-celesi-i-ndryshimit-rama-mban-peng-shqiperine\/","title":{"rendered":"Tabaku n\u00eb Nju Jork: Diaspora \u00e7el\u00ebsi i ndryshimit, Rama mban peng Shqip\u00ebrin\u00eb","gt_translate_keys":[{"key":"rendered","format":"text"}]},"content":{"rendered":"<p><span style=\"color: #000000;\"><img loading=\"lazy\" decoding=\"async\" class=\"aligncenter size-full wp-image-724157\" src=\"https:\/\/www.hashtag.al\/wp-content\/uploads\/2025\/02\/478122224_1192272038928845_3307138117082053910_n-1.jpg\" alt=\"\" width=\"1280\" height=\"960\" srcset=\"https:\/\/www.hashtag.al\/wp-content\/uploads\/2025\/02\/478122224_1192272038928845_3307138117082053910_n-1.jpg 1280w, https:\/\/www.hashtag.al\/wp-content\/uploads\/2025\/02\/478122224_1192272038928845_3307138117082053910_n-1-300x225.jpg 300w, https:\/\/www.hashtag.al\/wp-content\/uploads\/2025\/02\/478122224_1192272038928845_3307138117082053910_n-1-1024x768.jpg 1024w, https:\/\/www.hashtag.al\/wp-content\/uploads\/2025\/02\/478122224_1192272038928845_3307138117082053910_n-1-768x576.jpg 768w\" sizes=\"auto, (max-width: 1280px) 100vw, 1280px\" \/><\/span><\/p>\n<p><span style=\"color: #000000;\">Deputetja e Partis\u00eb Demokratike Jorida Tabaku bashk\u00eb me kreun e grupit parlamentar Bardhi e\u00a0 deputetin Nallbati ndodhen n\u00eb SHBA p\u00ebr t\u2019u takuar me shqiprar\u00ebt q\u00eb punojn\u00eb e jetojn\u00eb atje. <\/span><\/p>\n<p><span style=\"color: #000000;\">Ata kan\u00eb xhvilluar nj\u00eb takim me shqiptar\u00ebt e Michiganit duke u b\u00ebr\u00eb thirrje q\u00eb t\u00eb regjistrohen e t\u00eb votojn\u00eb n\u00eb zgjedhjet e 11 majit. Pas Michiganit, deputet\u00ebt demokrat\u00eb kan\u00eb takuar p\u00ebrfaq\u00ebsuesit e shoq\u00ebris\u00eb \u201cVatra\u201d n\u00eb Nju Jork. <\/span><\/p>\n<p><span style=\"color: #000000;\">Tabaku shkruan se n\u00eb k\u00ebt\u00eb vat\u00ebr t\u00eb shqiptarizmit \u00ebsht\u00eb diskutuar p\u00ebr sfidat me t\u00eb cilat p\u00ebrballet Shqip\u00ebria dhe se p\u00ebr t\u00eb \u00e7liruar potencialin e saj duhet q\u00eb t\u00eb largohet qeveria e kryeministrit Rama.<\/span><\/p>\n<p><img loading=\"lazy\" decoding=\"async\" class=\"aligncenter size-full wp-image-724159\" src=\"https:\/\/www.hashtag.al\/wp-content\/uploads\/2025\/02\/476900058_1192272065595509_7547918682651433474_n.jpg\" alt=\"\" width=\"1200\" height=\"1600\" srcset=\"https:\/\/www.hashtag.al\/wp-content\/uploads\/2025\/02\/476900058_1192272065595509_7547918682651433474_n.jpg 1200w, https:\/\/www.hashtag.al\/wp-content\/uploads\/2025\/02\/476900058_1192272065595509_7547918682651433474_n-225x300.jpg 225w, https:\/\/www.hashtag.al\/wp-content\/uploads\/2025\/02\/476900058_1192272065595509_7547918682651433474_n-768x1024.jpg 768w, https:\/\/www.hashtag.al\/wp-content\/uploads\/2025\/02\/476900058_1192272065595509_7547918682651433474_n-1152x1536.jpg 1152w\" sizes=\"auto, (max-width: 1200px) 100vw, 1200px\" \/><\/p>\n<p><span style=\"color: #000000;\"><em>\u201cTakim i ngroht\u00eb me Vatr\u00ebn n\u00eb New York! <\/em><em>Nj\u00eb bised\u00eb e hapur dhe shum\u00eb e frytshme me Vatr\u00ebn, k\u00ebt\u00eb vat\u00ebr t\u00eb shqiptarizmit n\u00eb SHBA q\u00eb ka qen\u00eb dhe mbetet nj\u00eb pik\u00eb referimi p\u00ebr diaspor\u00ebn ton\u00eb. M\u00ebrgata jon\u00eb ka qen\u00eb gjithmon\u00eb shtylla kurrizore e kombit, duke mb\u00ebshtetur Shqip\u00ebrin\u00eb n\u00eb momentet m\u00eb ky\u00e7e t\u00eb historis\u00eb son\u00eb. Diskutuam p\u00ebr sfidat q\u00eb p\u00ebrballet Shqip\u00ebria sot dhe rrug\u00ebn e domosdoshme t\u00eb ndryshimit. Vendi yn\u00eb \u00ebsht\u00eb i pasur me mund\u00ebsi, por p\u00ebr t\u00eb \u00e7liruar potencialin e tij, duhet t\u00eb largojm\u00eb kriz\u00ebn q\u00eb po e mban peng! Diaspora \u00ebsht\u00eb \u00e7el\u00ebsi i ndryshimit! M\u00ebrgata mund t\u00eb b\u00ebj\u00eb historin\u00eb n\u00eb k\u00ebto zgjedhje. Regjistrohuni n\u00eb KQZ dhe votoni m\u00eb 11 maj p\u00ebr nj\u00eb Shqip\u00ebri q\u00eb ec\u00ebn p\u00ebrpara! Faleminderit @agustin.m.mirakaj\u00a0 dhe gjith\u00eb an\u00ebtar\u00ebve t\u00eb Vatr\u00ebs s\u00eb Manhattanit p\u00ebr mikpritjen e ngroht\u00eb! Projekti i PD p\u00ebr diaspor\u00ebn dhe vot\u00ebn e saj \u00ebsht\u00eb nj\u00eb mund\u00ebsi historike p\u00ebr t\u00eb garantuar nj\u00eb Shqip\u00ebri m\u00eb t\u00eb drejt\u00eb dhe m\u00eb t\u00eb fort\u00eb.\u201d<\/em> &#8211; shkruan Tabaku.<\/span><\/p>\n<p><img loading=\"lazy\" decoding=\"async\" class=\"aligncenter size-full wp-image-724160\" src=\"https:\/\/www.hashtag.al\/wp-content\/uploads\/2025\/02\/478433590_1192272058928843_2530592492082285192_n.jpg\" alt=\"\" width=\"1600\" height=\"575\" srcset=\"https:\/\/www.hashtag.al\/wp-content\/uploads\/2025\/02\/478433590_1192272058928843_2530592492082285192_n.jpg 1600w, https:\/\/www.hashtag.al\/wp-content\/uploads\/2025\/02\/478433590_1192272058928843_2530592492082285192_n-300x108.jpg 300w, https:\/\/www.hashtag.al\/wp-content\/uploads\/2025\/02\/478433590_1192272058928843_2530592492082285192_n-1024x368.jpg 1024w, https:\/\/www.hashtag.al\/wp-content\/uploads\/2025\/02\/478433590_1192272058928843_2530592492082285192_n-768x276.jpg 768w, https:\/\/www.hashtag.al\/wp-content\/uploads\/2025\/02\/478433590_1192272058928843_2530592492082285192_n-1536x552.jpg 1536w\" sizes=\"auto, (max-width: 1600px) 100vw, 1600px\" \/><iframe loading=\"lazy\" style=\"border: none; overflow: hidden;\" src=\"https:\/\/www.facebook.com\/plugins\/post.php?href=https%3A%2F%2Fwww.facebook.com%2Fjorida.tabaku%2Fposts%2Fpfbid026r4UJKzBmmz6qb6RFzksaGRs8t6FqR4ZPvjvBFLK31tzxB3UGtF2Dfas2CaHiYdAl&amp;show_text=true&amp;width=500\" width=\"500\" height=\"709\" frameborder=\"0\" scrolling=\"no\" allowfullscreen=\"allowfullscreen\"><\/iframe><\/p>\n","protected":false,"gt_translate_keys":[{"key":"rendered","format":"html"}]},"excerpt":{"rendered":"<p>Deputetja e Partis\u00eb Demokratike Jorida Tabaku bashk\u00eb me kreun e grupit parlamentar Bardhi e\u00a0 deputetin Nallbati ndodhen n\u00eb SHBA p\u00ebr t\u2019u takuar me shqiprar\u00ebt q\u00eb punojn\u00eb e jetojn\u00eb atje. Ata kan\u00eb xhvilluar nj\u00eb takim me shqiptar\u00ebt e Michiganit duke u b\u00ebr\u00eb thirrje q\u00eb t\u00eb regjistrohen e t\u00eb votojn\u00eb n\u00eb zgjedhjet e 11 majit. Pas Michiganit, [&hellip;]<\/p>\n","protected":false,"gt_translate_keys":[{"key":"rendered","format":"html"}]},"author":51,"featured_media":724157,"comment_status":"closed","ping_status":"open","sticky":false,"template":"","format":"standard","meta":{"footnotes":""},"categories":[65],"tags":[],"class_list":["post-724155","post","type-post","status-publish","format-standard","has-post-thumbnail","hentry","category-lajme"],"gt_translate_keys":[{"key":"link","format":"url"}],"_links":{"self":[{"href":"https:\/\/www.hashtag.al\/index.php\/wp-json\/wp\/v2\/posts\/724155","targetHints":{"allow":["GET"]}}],"collection":[{"href":"https:\/\/www.hashtag.al\/index.php\/wp-json\/wp\/v2\/posts"}],"about":[{"href":"https:\/\/www.hashtag.al\/index.php\/wp-json\/wp\/v2\/types\/post"}],"author":[{"embeddable":true,"href":"https:\/\/www.hashtag.al\/index.php\/wp-json\/wp\/v2\/users\/51"}],"replies":[{"embeddable":true,"href":"https:\/\/www.hashtag.al\/index.php\/wp-json\/wp\/v2\/comments?post=724155"}],"version-history":[{"count":99999,"href":"https:\/\/www.hashtag.al\/index.php\/wp-json\/wp\/v2\/posts\/724155\/revisions"}],"predecessor-version":[{"id":724163,"href":"https:\/\/www.hashtag.al\/index.php\/wp-json\/wp\/v2\/posts\/724155\/revisions\/724163"}],"wp:featuredmedia":[{"embeddable":true,"href":"https:\/\/www.hashtag.al\/index.php\/wp-json\/wp\/v2\/media\/724157"}],"wp:attachment":[{"href":"https:\/\/www.hashtag.al\/index.php\/wp-json\/wp\/v2\/media?parent=724155"}],"wp:term":[{"taxonomy":"category","embeddable":true,"href":"https:\/\/www.hashtag.al\/index.php\/wp-json\/wp\/v2\/categories?post=724155"},{"taxonomy":"post_tag","embeddable":true,"href":"https:\/\/www.hashtag.al\/index.php\/wp-json\/wp\/v2\/tags?post=724155"}],"curies":[{"name":"wp","href":"https:\/\/api.w.org\/{rel}","templated":true}]}}