{"id":723469,"date":"2025-02-08T00:11:23","date_gmt":"2025-02-07T23:11:23","guid":{"rendered":"https:\/\/www.hashtag.al\/?p=723469"},"modified":"2025-02-08T00:12:13","modified_gmt":"2025-02-07T23:12:13","slug":"britania-e-madhe-emeron-karen-pierce-si-te-derguar-speciale-per-ballkanin-perendimor","status":"publish","type":"post","link":"https:\/\/www.hashtag.al\/index.php\/2025\/02\/08\/britania-e-madhe-emeron-karen-pierce-si-te-derguar-speciale-per-ballkanin-perendimor\/","title":{"rendered":"Britania e Madhe em\u00ebron Karen Pierce si t\u00eb d\u00ebrguar speciale p\u00ebr Ballkanin Per\u00ebndimor","gt_translate_keys":[{"key":"rendered","format":"text"}]},"content":{"rendered":"<p><span style=\"color: #000000;\"><img loading=\"lazy\" decoding=\"async\" class=\"aligncenter wp-image-723470 size-full\" src=\"https:\/\/www.hashtag.al\/wp-content\/uploads\/2025\/02\/karen.png\" alt=\"\" width=\"1479\" height=\"800\" srcset=\"https:\/\/www.hashtag.al\/wp-content\/uploads\/2025\/02\/karen.png 1479w, https:\/\/www.hashtag.al\/wp-content\/uploads\/2025\/02\/karen-300x162.png 300w, https:\/\/www.hashtag.al\/wp-content\/uploads\/2025\/02\/karen-1024x554.png 1024w, https:\/\/www.hashtag.al\/wp-content\/uploads\/2025\/02\/karen-768x415.png 768w\" sizes=\"auto, (max-width: 1479px) 100vw, 1479px\" \/><\/span><\/p>\n<p><span style=\"color: #000000;\">Britania e Madhe e ka em\u00ebruar Karen Pierce si emisare speciale p\u00ebr Ballkanin Per\u00ebndimor, njoftoi t\u00eb premten Ambasada britanike n\u00eb Kosov\u00eb.<\/span><\/p>\n<p><span style=\"color: #000000;\">Pierce, e cila \u00ebsht\u00eb nd\u00ebr diplomatet britanike m\u00eb me p\u00ebrvoj\u00eb, do t\u00eb ket\u00eb p\u00ebr detyr\u00eb t\u2019i \u00e7oj\u00eb p\u00ebrpara synimet strategjike t\u00eb Britanis\u00eb n\u00eb vendet e Ballkanit, Kosov\u00eb, Shqip\u00ebri, Serbi, Mal t\u00eb Zi, Maqedoni t\u00eb Veriut dhe Bosnje e Hercegovin\u00eb, thuhet n\u00eb njoftim.<\/span><\/p>\n<p><span style=\"color: #000000;\">Kjo p\u00ebrfshin edhe mbajtjen e samitit t\u00eb Procesit t\u00eb Berlinit me lider\u00ebt e k\u00ebtyre vendeve n\u00eb vjesht\u00ebn e vitit 2025, sipas Ambasad\u00ebs.<\/span><\/p>\n<p><span style=\"color: #000000;\">Procesi i Berlinit<\/span><span style=\"color: #000000;\">\u00a0nisi n\u00eb vitin 2014, me iniciativ\u00ebn e kancelares s\u00eb at\u00ebhershme gjermane, Angela Merkel.<\/span><\/p>\n<p><span style=\"color: #000000;\">Synimi i samiteve t\u00eb tij, t\u00eb cilat mbahen \u00e7do vit, \u00ebsht\u00eb q\u00eb ta rrisin bashk\u00ebpunimin mes vendeve t\u00eb Ballkanit Per\u00ebndimor dhe gradualisht t&#8217;i afrojn\u00eb ato m\u00eb pran\u00eb BE-s\u00eb. N\u00eb kuad\u00ebr t\u00eb Procesit t\u00eb Berlinit, nd\u00ebr vite, jan\u00eb b\u00ebr\u00eb disa marr\u00ebveshje dhe deklarata, por shum\u00eb prej tyre kan\u00eb mbetur\u00a0pa u zbatuar.<\/span><\/p>\n<p><span style=\"color: #000000;\">\u201cBritania e Madhe \u00ebsht\u00eb e p\u00ebrkushtuar ta p\u00ebrforcoj\u00eb partneritetin n\u00eb Ballkanin Per\u00ebndimor, duke e forcuar sigurin\u00eb evropiane dhe duke e luftuar problemin ton\u00eb t\u00eb p\u00ebrbashk\u00ebt t\u00eb imigrimit t\u00eb parregullt\u201d, tha Ambasada britanike n\u00eb Facebook.<\/span><\/p>\n<p><span style=\"color: #000000;\">Pierce po e merr k\u00ebt\u00eb post pas pes\u00eb vjet\u00ebve si ambasadore e Britanis\u00eb n\u00eb Shtetet e Bashkuara t\u00eb Amerik\u00ebs.<\/span><\/p>\n<p><span style=\"color: #000000;\">N\u00eb t\u00eb kaluar\u00ebn, ajo ka qen\u00eb edhe ambasadore britanike n\u00eb Kombet e Bashkuara. Nga viti 2002 deri m\u00eb 2006, ajo sh\u00ebrbeu si koordinatore p\u00ebr Ballkanin.<\/span><\/p>\n<p>&nbsp;<\/p>\n","protected":false,"gt_translate_keys":[{"key":"rendered","format":"html"}]},"excerpt":{"rendered":"<p>Britania e Madhe e ka em\u00ebruar Karen Pierce si emisare speciale p\u00ebr Ballkanin Per\u00ebndimor, njoftoi t\u00eb premten Ambasada britanike n\u00eb Kosov\u00eb. Pierce, e cila \u00ebsht\u00eb nd\u00ebr diplomatet britanike m\u00eb me p\u00ebrvoj\u00eb, do t\u00eb ket\u00eb p\u00ebr detyr\u00eb t\u2019i \u00e7oj\u00eb p\u00ebrpara synimet strategjike t\u00eb Britanis\u00eb n\u00eb vendet e Ballkanit, Kosov\u00eb, Shqip\u00ebri, Serbi, Mal t\u00eb Zi, Maqedoni t\u00eb [&hellip;]<\/p>\n","protected":false,"gt_translate_keys":[{"key":"rendered","format":"html"}]},"author":32,"featured_media":723470,"comment_status":"closed","ping_status":"open","sticky":false,"template":"","format":"standard","meta":{"footnotes":""},"categories":[149,13],"tags":[],"class_list":["post-723469","post","type-post","status-publish","format-standard","has-post-thumbnail","hentry","category-kosoverajon","category-te-fundit"],"gt_translate_keys":[{"key":"link","format":"url"}],"_links":{"self":[{"href":"https:\/\/www.hashtag.al\/index.php\/wp-json\/wp\/v2\/posts\/723469","targetHints":{"allow":["GET"]}}],"collection":[{"href":"https:\/\/www.hashtag.al\/index.php\/wp-json\/wp\/v2\/posts"}],"about":[{"href":"https:\/\/www.hashtag.al\/index.php\/wp-json\/wp\/v2\/types\/post"}],"author":[{"embeddable":true,"href":"https:\/\/www.hashtag.al\/index.php\/wp-json\/wp\/v2\/users\/32"}],"replies":[{"embeddable":true,"href":"https:\/\/www.hashtag.al\/index.php\/wp-json\/wp\/v2\/comments?post=723469"}],"version-history":[{"count":99999,"href":"https:\/\/www.hashtag.al\/index.php\/wp-json\/wp\/v2\/posts\/723469\/revisions"}],"predecessor-version":[{"id":723473,"href":"https:\/\/www.hashtag.al\/index.php\/wp-json\/wp\/v2\/posts\/723469\/revisions\/723473"}],"wp:featuredmedia":[{"embeddable":true,"href":"https:\/\/www.hashtag.al\/index.php\/wp-json\/wp\/v2\/media\/723470"}],"wp:attachment":[{"href":"https:\/\/www.hashtag.al\/index.php\/wp-json\/wp\/v2\/media?parent=723469"}],"wp:term":[{"taxonomy":"category","embeddable":true,"href":"https:\/\/www.hashtag.al\/index.php\/wp-json\/wp\/v2\/categories?post=723469"},{"taxonomy":"post_tag","embeddable":true,"href":"https:\/\/www.hashtag.al\/index.php\/wp-json\/wp\/v2\/tags?post=723469"}],"curies":[{"name":"wp","href":"https:\/\/api.w.org\/{rel}","templated":true}]}}